{"id":1035,"date":"2009-10-14T00:28:23","date_gmt":"2009-10-14T03:28:23","guid":{"rendered":"http:\/\/www.elsindical.com.ar\/notas\/?p=1035"},"modified":"2009-10-14T00:29:40","modified_gmt":"2009-10-14T03:29:40","slug":"docentes-reclaman-interpelar-a-macri","status":"publish","type":"post","link":"https:\/\/www.elsindical.com.ar\/notas\/docentes-reclaman-interpelar-a-macri\/","title":{"rendered":"Docentes reclaman interpelar a Macri"},"content":{"rendered":"<p style=\"text-align: justify;\"><em><img loading=\"lazy\" decoding=\"async\" class=\"alignleft size-full wp-image-1036\" title=\"Macri-gesto\" src=\"http:\/\/www.elsindical.com.ar\/notas\/var\/www\/html\/notas\/wp-content\/uploads\/2009\/10\/Macri-gesto1.jpg\" alt=\"Macri-gesto\" width=\"255\" height=\"194\" \/>Diversas organizaciones docentes reclamaron en la Legislatura, la interpelaci\u00f3n del jefe de Gobierno, Mauricio Macri, y la renuncia de sus ministros Mariano Narodowski y Guillermo Montenegro a ra\u00edz de la detenci\u00f3n de Ciro James por la causa de escuchas a un miembro de una organizaci\u00f3n de familiares de las v\u00edctimas del ataque a la AMIA.<\/em><\/p>\n<p style=\"text-align: justify;\">\u00abMacri debe explicar por qu\u00e9 James ten\u00eda un contrato por siete mil pesos mensuales en la auditor\u00eda del Ministerio de Educaci\u00f3n y se dedicaba a espiar a los trabajadores de la educaci\u00f3n\u00bb, afirm\u00f3 el titular de UTE, Eduardo L\u00f3pez, quien lider\u00f3 la protesta junto al legislador electo Francisco \u00abTito\u00bb Nenna.<\/p>\n<p style=\"text-align: justify;\">James fue detenido la semana pasada por orden del juez federal Norberto Oyarbide en el marco de la investigaci\u00f3n de escuchas telef\u00f3nicas a Sergio Burstein, familiar de v\u00edctimas del ataque a la mutual jud\u00eda.<\/p>\n<p style=\"text-align: justify;\">Seg\u00fan se supo d\u00edas despu\u00e9s de acuerdo a diputados de la oposici\u00f3n, James ten\u00eda un contrato con el Gobierno de la Ciudad, m\u00e1s espec\u00edficamente con en el \u00e1rea de auditor\u00eda de la cartera de Educaci\u00f3n, desde diciembre del 2008 hasta inicios de este mes, cuando inici\u00f3 un tr\u00e1mite para pasar a formar parte de la nueva Polic\u00eda Metropolitana como director general.<\/p>\n<p style=\"text-align: justify;\">L\u00f3pez afirm\u00f3 que \u00abesta persona est\u00e1 detenida, persigui\u00f3 con auditor\u00edas, puntualmente, a las escuelas 4 del distrito escolar 21, la 3 del 19 y la 5 del 10\u00bb y agreg\u00f3 que \u00abMacri tiene que dar explicaciones de esto\u00bb, por lo cual pidi\u00f3 la presencia del jefe comunal para ser interpelado en la Legislatura de la Ciudad.<\/p>\n<p style=\"text-align: justify;\">El pedido de los gremios docentes se traslad\u00f3 a la Comisi\u00f3n de Educaci\u00f3n de la Legislatura, que justamente estaba reunida durante la movilizaci\u00f3n.<\/p>\n<p style=\"text-align: justify;\">Por su parte, el diputado electo Nenna asever\u00f3 que \u00ablos docentes y estudiantes fueron espiados por este personaje que hoy est\u00e1 preso y que fue el responsable de ir a las escuelas a pedir los nombres de los alumnos que tomaron los colegios en mayo del 2008 durante el conflicto por el recorte de becas estudiantiles\u00bb.<\/p>\n<p style=\"text-align: justify;\">\u00abRechazamos estas pr\u00e1cticas y reclamamos la renuncia de los ministros Montenegro y Narodowski\u00bb, a\u00f1adi\u00f3.<\/p>\n","protected":false},"excerpt":{"rendered":"<p>Diversas organizaciones docentes reclamaron en la Legislatura, la interpelaci\u00f3n del jefe de Gobierno, Mauricio Macri, y la renuncia de sus ministros Mariano Narodowski y Guillermo Montenegro a ra\u00edz de la detenci\u00f3n de Ciro James por la causa de escuchas a un miembro de una organizaci\u00f3n de familiares de las v\u00edctimas del ataque a la AMIA.&hellip;<\/p>\n","protected":false},"author":1,"featured_media":0,"comment_status":"open","ping_status":"open","sticky":false,"template":"","format":"standard","meta":{"footnotes":""},"categories":[13],"tags":[592,593,594,470,589,588,76,590,591,587],"class_list":["post-1035","post","type-post","status-publish","format-standard","hentry","category-politica","tag-ciro-james","tag-escuchas","tag-escuelas","tag-espionaje","tag-interpelacion","tag-legisladores","tag-mauricio-macri","tag-montenegro","tag-narodowski","tag-nenna"],"_links":{"self":[{"href":"https:\/\/www.elsindical.com.ar\/notas\/wp-json\/wp\/v2\/posts\/1035","targetHints":{"allow":["GET"]}}],"collection":[{"href":"https:\/\/www.elsindical.com.ar\/notas\/wp-json\/wp\/v2\/posts"}],"about":[{"href":"https:\/\/www.elsindical.com.ar\/notas\/wp-json\/wp\/v2\/types\/post"}],"author":[{"embeddable":true,"href":"https:\/\/www.elsindical.com.ar\/notas\/wp-json\/wp\/v2\/users\/1"}],"replies":[{"embeddable":true,"href":"https:\/\/www.elsindical.com.ar\/notas\/wp-json\/wp\/v2\/comments?post=1035"}],"version-history":[{"count":3,"href":"https:\/\/www.elsindical.com.ar\/notas\/wp-json\/wp\/v2\/posts\/1035\/revisions"}],"predecessor-version":[{"id":1039,"href":"https:\/\/www.elsindical.com.ar\/notas\/wp-json\/wp\/v2\/posts\/1035\/revisions\/1039"}],"wp:attachment":[{"href":"https:\/\/www.elsindical.com.ar\/notas\/wp-json\/wp\/v2\/media?parent=1035"}],"wp:term":[{"taxonomy":"category","embeddable":true,"href":"https:\/\/www.elsindical.com.ar\/notas\/wp-json\/wp\/v2\/categories?post=1035"},{"taxonomy":"post_tag","embeddable":true,"href":"https:\/\/www.elsindical.com.ar\/notas\/wp-json\/wp\/v2\/tags?post=1035"}],"curies":[{"name":"wp","href":"https:\/\/api.w.org\/{rel}","templated":true}]}}