{"id":103494,"date":"2021-03-27T08:22:52","date_gmt":"2021-03-27T11:22:52","guid":{"rendered":"https:\/\/www.elsindical.com.ar\/notas\/?p=103494"},"modified":"2021-03-27T08:22:53","modified_gmt":"2021-03-27T11:22:53","slug":"avellaneda-un-vecino-fallecio-y-se-sumaron-mas-de-100-casos","status":"publish","type":"post","link":"https:\/\/www.elsindical.com.ar\/notas\/avellaneda-un-vecino-fallecio-y-se-sumaron-mas-de-100-casos\/","title":{"rendered":"Avellaneda: Un vecino falleci\u00f3 y se sumaron m\u00e1s de 100 casos"},"content":{"rendered":"\n<figure class=\"wp-block-image size-large\"><a href=\"https:\/\/www.elsindical.com.ar\/notas\/var\/www\/html\/notas\/wp-content\/uploads\/2021\/03\/Avell-26-marz21-Covid.jpg\"><img loading=\"lazy\" decoding=\"async\" width=\"1024\" height=\"1024\" src=\"https:\/\/www.elsindical.com.ar\/notas\/var\/www\/html\/notas\/wp-content\/uploads\/2021\/03\/Avell-26-marz21-Covid-1024x1024.jpg\" alt=\"\" class=\"wp-image-103495\" srcset=\"https:\/\/www.elsindical.com.ar\/notas\/var\/www\/html\/notas\/wp-content\/uploads\/2021\/03\/Avell-26-marz21-Covid-1024x1024.jpg 1024w, https:\/\/www.elsindical.com.ar\/notas\/var\/www\/html\/notas\/wp-content\/uploads\/2021\/03\/Avell-26-marz21-Covid-300x300.jpg 300w, https:\/\/www.elsindical.com.ar\/notas\/var\/www\/html\/notas\/wp-content\/uploads\/2021\/03\/Avell-26-marz21-Covid-150x150.jpg 150w, https:\/\/www.elsindical.com.ar\/notas\/var\/www\/html\/notas\/wp-content\/uploads\/2021\/03\/Avell-26-marz21-Covid-768x768.jpg 768w, https:\/\/www.elsindical.com.ar\/notas\/var\/www\/html\/notas\/wp-content\/uploads\/2021\/03\/Avell-26-marz21-Covid-50x50.jpg 50w, https:\/\/www.elsindical.com.ar\/notas\/var\/www\/html\/notas\/wp-content\/uploads\/2021\/03\/Avell-26-marz21-Covid.jpg 1200w\" sizes=\"auto, (max-width: 1024px) 100vw, 1024px\" \/><\/a><\/figure>\n\n\n\n<p>El Ministerio de Salud de la Provincia precisa que son 24.882 los contagios y 880 las muertes desde la llegada de la pandemia.<\/p>\n\n\n\n<p>Un vecino de Avellaneda falleci\u00f3 por coronavirus en las \u00faltimas horas, en las que se confirmaron 101 nuevos casos. As\u00ed lo indica el reporte del Ministerio de Salud de la provincia de Buenos Aires.<\/p>\n\n\n\n<p>Son 24.882 los casos confirmados, dentro de los que figuran los 20.053 vecinos que fueron dados de alta y los 880 que fallecieron.<\/p>\n\n\n\n<p>En cuanto a la clasificaci\u00f3n epidemiol\u00f3gica, el 74,6 por ciento de los contagios fue por transmisi\u00f3n comunitaria, 12,5 por contacto estrecho con un infectado, el 4,1 responden a trabajadores de la salud, hay un 0,3 por ciento de casos importados y un 8,5 bajo investigaci\u00f3n.<\/p>\n","protected":false},"excerpt":{"rendered":"<p>El Ministerio de Salud de la Provincia precisa que son 24.882 los contagios y 880 las muertes desde la llegada de la pandemia. Un vecino de Avellaneda falleci\u00f3 por coronavirus en las \u00faltimas horas, en las que se confirmaron 101 nuevos casos. As\u00ed lo indica el reporte del Ministerio de Salud de la provincia de&hellip;<\/p>\n","protected":false},"author":1,"featured_media":103495,"comment_status":"open","ping_status":"open","sticky":false,"template":"","format":"standard","meta":{"footnotes":""},"categories":[23],"tags":[461,32346,32627,2450],"class_list":["post-103494","post","type-post","status-publish","format-standard","has-post-thumbnail","hentry","category-salud","tag-avellaneda","tag-coronavirus","tag-covid-19","tag-diario-el-sindical"],"_links":{"self":[{"href":"https:\/\/www.elsindical.com.ar\/notas\/wp-json\/wp\/v2\/posts\/103494","targetHints":{"allow":["GET"]}}],"collection":[{"href":"https:\/\/www.elsindical.com.ar\/notas\/wp-json\/wp\/v2\/posts"}],"about":[{"href":"https:\/\/www.elsindical.com.ar\/notas\/wp-json\/wp\/v2\/types\/post"}],"author":[{"embeddable":true,"href":"https:\/\/www.elsindical.com.ar\/notas\/wp-json\/wp\/v2\/users\/1"}],"replies":[{"embeddable":true,"href":"https:\/\/www.elsindical.com.ar\/notas\/wp-json\/wp\/v2\/comments?post=103494"}],"version-history":[{"count":1,"href":"https:\/\/www.elsindical.com.ar\/notas\/wp-json\/wp\/v2\/posts\/103494\/revisions"}],"predecessor-version":[{"id":103496,"href":"https:\/\/www.elsindical.com.ar\/notas\/wp-json\/wp\/v2\/posts\/103494\/revisions\/103496"}],"wp:featuredmedia":[{"embeddable":true,"href":"https:\/\/www.elsindical.com.ar\/notas\/wp-json\/wp\/v2\/media\/103495"}],"wp:attachment":[{"href":"https:\/\/www.elsindical.com.ar\/notas\/wp-json\/wp\/v2\/media?parent=103494"}],"wp:term":[{"taxonomy":"category","embeddable":true,"href":"https:\/\/www.elsindical.com.ar\/notas\/wp-json\/wp\/v2\/categories?post=103494"},{"taxonomy":"post_tag","embeddable":true,"href":"https:\/\/www.elsindical.com.ar\/notas\/wp-json\/wp\/v2\/tags?post=103494"}],"curies":[{"name":"wp","href":"https:\/\/api.w.org\/{rel}","templated":true}]}}