{"id":103483,"date":"2021-03-26T10:10:01","date_gmt":"2021-03-26T13:10:01","guid":{"rendered":"https:\/\/www.elsindical.com.ar\/notas\/?p=103483"},"modified":"2021-03-26T10:10:02","modified_gmt":"2021-03-26T13:10:02","slug":"demoraron-al-hijo-de-la-interventora-de-la-afi-luego-de-un-allanamiento-a-su-vivienda","status":"publish","type":"post","link":"https:\/\/www.elsindical.com.ar\/notas\/demoraron-al-hijo-de-la-interventora-de-la-afi-luego-de-un-allanamiento-a-su-vivienda\/","title":{"rendered":"Demoraron al hijo de la interventora de la AFI luego de un allanamiento a su vivienda"},"content":{"rendered":"\n<figure class=\"wp-block-image size-large\"><a href=\"https:\/\/www.elsindical.com.ar\/notas\/var\/www\/html\/notas\/wp-content\/uploads\/2021\/03\/Rivas-2665.jpg\"><img loading=\"lazy\" decoding=\"async\" width=\"1024\" height=\"607\" src=\"https:\/\/www.elsindical.com.ar\/notas\/var\/www\/html\/notas\/wp-content\/uploads\/2021\/03\/Rivas-2665-1024x607.jpg\" alt=\"\" class=\"wp-image-103484\" srcset=\"https:\/\/www.elsindical.com.ar\/notas\/var\/www\/html\/notas\/wp-content\/uploads\/2021\/03\/Rivas-2665-1024x607.jpg 1024w, https:\/\/www.elsindical.com.ar\/notas\/var\/www\/html\/notas\/wp-content\/uploads\/2021\/03\/Rivas-2665-300x178.jpg 300w, https:\/\/www.elsindical.com.ar\/notas\/var\/www\/html\/notas\/wp-content\/uploads\/2021\/03\/Rivas-2665-768x455.jpg 768w, https:\/\/www.elsindical.com.ar\/notas\/var\/www\/html\/notas\/wp-content\/uploads\/2021\/03\/Rivas-2665-500x296.jpg 500w, https:\/\/www.elsindical.com.ar\/notas\/var\/www\/html\/notas\/wp-content\/uploads\/2021\/03\/Rivas-2665.jpg 1033w\" sizes=\"auto, (max-width: 1024px) 100vw, 1024px\" \/><\/a><\/figure>\n\n\n\n<p>Encontraron objetos pertenecientes al ex presidente Bernardino Rivadavia y plantas de marihuana en su casa.<\/p>\n\n\n\n<p>Guillermo Federico Barea, el hijo de la interventora de la Agencia Federal de Inteligencia (AFI)<strong> Cristina Caama\u00f1o,<\/strong> fue demorado y luego liberado tras hallarse en su casa plantas de marihuana y <strong>manuscritos, fotos y libros relacionados con el primer presidente del pa\u00eds, Bernardino Rivadavia.<\/strong><\/p>\n\n\n\n<p>Seg\u00fan informa <em>\u00e1mbito.com<\/em>, Barea -de 38 a\u00f1os- fue demorado en la comisar\u00eda comunal 11 y como no ten\u00eda antecedentes, lo liberaron. Los objetos de Rivadavia son \u00abelementos de valor hist\u00f3rico, manuscritos, fotos y libros dedicados por sus autores\u00bb, seg\u00fan precisaron fuentes policiales.<\/p>\n\n\n\n<p>Barea fue demorado por \u00abinfracci\u00f3n a la Ley 23.737, m\u00e1s conocida como \u00abLey de drogas\u00bb, pero luego fue liberado al no tener antecedentes.<\/p>\n\n\n\n<p>El Juzgado Federal n\u00famero 5, a cargo de Marcelo Mart\u00ednez de Giorgi, y la Secretar\u00eda n\u00famero 10 de Leandro Noguera continuaran la investigaci\u00f3n para recuperar las obras hist\u00f3ricas.<\/p>\n","protected":false},"excerpt":{"rendered":"<p>Encontraron objetos pertenecientes al ex presidente Bernardino Rivadavia y plantas de marihuana en su casa. Guillermo Federico Barea, el hijo de la interventora de la Agencia Federal de Inteligencia (AFI) Cristina Caama\u00f1o, fue demorado y luego liberado tras hallarse en su casa plantas de marihuana y manuscritos, fotos y libros relacionados con el primer presidente&hellip;<\/p>\n","protected":false},"author":1,"featured_media":103484,"comment_status":"open","ping_status":"open","sticky":false,"template":"","format":"standard","meta":{"footnotes":""},"categories":[22],"tags":[20772,5227,2450,34424,27235,22030],"class_list":["post-103483","post","type-post","status-publish","format-standard","has-post-thumbnail","hentry","category-policiales","tag-afi","tag-cristina-caamano","tag-diario-el-sindical","tag-guillermo-federico-barea","tag-infraccion-ley-23-737","tag-policiales"],"_links":{"self":[{"href":"https:\/\/www.elsindical.com.ar\/notas\/wp-json\/wp\/v2\/posts\/103483","targetHints":{"allow":["GET"]}}],"collection":[{"href":"https:\/\/www.elsindical.com.ar\/notas\/wp-json\/wp\/v2\/posts"}],"about":[{"href":"https:\/\/www.elsindical.com.ar\/notas\/wp-json\/wp\/v2\/types\/post"}],"author":[{"embeddable":true,"href":"https:\/\/www.elsindical.com.ar\/notas\/wp-json\/wp\/v2\/users\/1"}],"replies":[{"embeddable":true,"href":"https:\/\/www.elsindical.com.ar\/notas\/wp-json\/wp\/v2\/comments?post=103483"}],"version-history":[{"count":1,"href":"https:\/\/www.elsindical.com.ar\/notas\/wp-json\/wp\/v2\/posts\/103483\/revisions"}],"predecessor-version":[{"id":103485,"href":"https:\/\/www.elsindical.com.ar\/notas\/wp-json\/wp\/v2\/posts\/103483\/revisions\/103485"}],"wp:featuredmedia":[{"embeddable":true,"href":"https:\/\/www.elsindical.com.ar\/notas\/wp-json\/wp\/v2\/media\/103484"}],"wp:attachment":[{"href":"https:\/\/www.elsindical.com.ar\/notas\/wp-json\/wp\/v2\/media?parent=103483"}],"wp:term":[{"taxonomy":"category","embeddable":true,"href":"https:\/\/www.elsindical.com.ar\/notas\/wp-json\/wp\/v2\/categories?post=103483"},{"taxonomy":"post_tag","embeddable":true,"href":"https:\/\/www.elsindical.com.ar\/notas\/wp-json\/wp\/v2\/tags?post=103483"}],"curies":[{"name":"wp","href":"https:\/\/api.w.org\/{rel}","templated":true}]}}