{"id":10346,"date":"2010-10-21T01:13:28","date_gmt":"2010-10-21T04:13:28","guid":{"rendered":"http:\/\/www.elsindical.com.ar\/notas\/?p=10346"},"modified":"2010-10-21T01:13:28","modified_gmt":"2010-10-21T04:13:28","slug":"la-presidente-repudio-energicamente-los-hechos-de-violencia","status":"publish","type":"post","link":"https:\/\/www.elsindical.com.ar\/notas\/la-presidente-repudio-energicamente-los-hechos-de-violencia\/","title":{"rendered":"La Presidente repudi\u00f3 en\u00e9rgicamente los hechos de violencia"},"content":{"rendered":"<p style=\"text-align: justify;\"><em><a href=\"http:\/\/www.elsindical.com.ar\/notas\/var\/www\/html\/notas\/wp-content\/uploads\/2010\/05\/Cristina-cadena-nacional.jpg\"><img loading=\"lazy\" decoding=\"async\" class=\"alignleft size-full wp-image-6125\" title=\"Cristina-cadena-nacional\" src=\"http:\/\/www.elsindical.com.ar\/notas\/var\/www\/html\/notas\/wp-content\/uploads\/2010\/05\/Cristina-cadena-nacional.jpg\" alt=\"\" width=\"227\" height=\"151\" \/><\/a>La presidente Cristina Fern\u00e1ndez de Kirchner conden\u00f3 \u00aben\u00e9rgicamente\u00bb los hechos de violencia ocurridos en la localidad bonaerense de Avellaneda y se pregunt\u00f3 ante una consulta period\u00edstica \u00ab\u00a8qu\u00e9 reflexi\u00f3n puede haber que no pueda ser la m\u00e1s en\u00e9rgica condena y el compromiso muy fuerte para identificar a los autores materiales del hecho?\u00bb.<\/em><\/p>\n<p style=\"text-align: justify;\">La Jefa de Estado formul\u00f3 declaraciones luego de encabezar un acto en Parque Norte, en el marco de las jornadas agrot\u00e9cnicas, y poco despu\u00e9s en la red social Twitter se\u00f1al\u00f3 que le \u00abllamaba poderosamente la atenci\u00f3n\u00bb el desarrollo de los hechos.<\/p>\n<p style=\"text-align: justify;\">Cristina sostuvo ante una pregunta de la prensa que \u00abhay que identificar no s\u00f3lo a los autores materiales del hecho sino tambi\u00e9n a los instigadores o autores intelectuales\u00bb.<\/p>\n<p style=\"text-align: justify;\">\u00abEs un hecho repudiable que ya han vivido los argentinos. Fundamentalmente porque el gobierno ha sufrido siempre muy duras cr\u00edticas por no reprimir o impedir que se realicen cortes\u00bb, dijo.<\/p>\n<p style=\"text-align: justify;\">La presidenta indic\u00f3 que la situaci\u00f3n \u00abnos afecta doblemente en el sentido de vernos rozados en nuestros sentimientos como sociedad\u00bb, ya que se han utilizado m\u00e9todos \u00abnunca compartidos\u00bb.<\/p>\n<p style=\"text-align: justify;\">\u00abSiempre hemos combatido y rechazado esos m\u00e9todos. No cabe otra cosa que la m\u00e1s en\u00e9rgica condena y el repudio y no basta con eso. Vamos a trabajar muy fuertemente en la identificaci\u00f3n de los autores materiales. Hay mucho material f\u00edlmico, seg\u00fan lo que pude observar en los noticieros antes de venir para aqu\u00ed (Parque Norte)\u00bb, indic\u00f3 la presidenta.<\/p>\n<p style=\"text-align: justify;\">Cristina concluy\u00f3 explicando que, en \u00abun momento dado, apareci\u00f3 alguien, aparentemente desde donde provinieron los tiros, diciendo `no filmen`. Creo que hay que identificar a los autores materiales y a los otros\u00bb.<\/p>\n<p style=\"text-align: justify;\">Poco despu\u00e9s, la Jefa de Estado volvi\u00f3 a referirse al tema en su cuenta de la red social Twitter y sostuvo: \u00abEs inaceptable que un reclamo (justo o injusto) pretenda resolverse a los tiros\u00bb.<\/p>\n<p style=\"text-align: justify;\">\u00abLos temas laborales, con uno, dos o varios gremios, deben resolverse sentados a una mesa ante el Ministerio de Trabajo y ajustados a derecho\u00bb, prosigui\u00f3 en el siguiente twit.<\/p>\n<p style=\"text-align: justify;\">Asimismo, Cristina manifest\u00f3 en los siguiente 140 caracteres que: \u00abEl ejercicio de la libertad y el respeto a la de los dem\u00e1s, nos da el derecho a participar, y la responsabilidad de hacerlo sin violencia\u00bb.<\/p>\n<p style=\"text-align: justify;\">\u00abEl objetivo debe ser encontrar a los responsables tanto materiales como intelectuales, sean sindicales o pol\u00edticos y sancionarlos\u00bb, agreg\u00f3.<\/p>\n<p style=\"text-align: justify;\">Por \u00faltimo, la Presienta twite\u00f3: \u00abSin embargo, no puedo dejar de decir lo que pienso, como siempre. Me llama poderosamente la atenci\u00f3n el desarrollo de los hechos\u00bb.<\/p>\n","protected":false},"excerpt":{"rendered":"<p>La presidente Cristina Fern\u00e1ndez de Kirchner conden\u00f3 \u00aben\u00e9rgicamente\u00bb los hechos de violencia ocurridos en la localidad bonaerense de Avellaneda y se pregunt\u00f3 ante una consulta period\u00edstica \u00ab\u00a8qu\u00e9 reflexi\u00f3n puede haber que no pueda ser la m\u00e1s en\u00e9rgica condena y el compromiso muy fuerte para identificar a los autores materiales del hecho?\u00bb. La Jefa de Estado&hellip;<\/p>\n","protected":false},"author":1,"featured_media":0,"comment_status":"open","ping_status":"open","sticky":false,"template":"","format":"standard","meta":{"footnotes":""},"categories":[13],"tags":[363,1205,4964,375,4960,547,2842],"class_list":["post-10346","post","type-post","status-publish","format-standard","hentry","category-politica","tag-asesinato","tag-cristina-fernandez-de-kirchner","tag-culpables","tag-gobierno","tag-mariano-ferreira","tag-presidente","tag-repudio"],"_links":{"self":[{"href":"https:\/\/www.elsindical.com.ar\/notas\/wp-json\/wp\/v2\/posts\/10346","targetHints":{"allow":["GET"]}}],"collection":[{"href":"https:\/\/www.elsindical.com.ar\/notas\/wp-json\/wp\/v2\/posts"}],"about":[{"href":"https:\/\/www.elsindical.com.ar\/notas\/wp-json\/wp\/v2\/types\/post"}],"author":[{"embeddable":true,"href":"https:\/\/www.elsindical.com.ar\/notas\/wp-json\/wp\/v2\/users\/1"}],"replies":[{"embeddable":true,"href":"https:\/\/www.elsindical.com.ar\/notas\/wp-json\/wp\/v2\/comments?post=10346"}],"version-history":[{"count":1,"href":"https:\/\/www.elsindical.com.ar\/notas\/wp-json\/wp\/v2\/posts\/10346\/revisions"}],"predecessor-version":[{"id":10347,"href":"https:\/\/www.elsindical.com.ar\/notas\/wp-json\/wp\/v2\/posts\/10346\/revisions\/10347"}],"wp:attachment":[{"href":"https:\/\/www.elsindical.com.ar\/notas\/wp-json\/wp\/v2\/media?parent=10346"}],"wp:term":[{"taxonomy":"category","embeddable":true,"href":"https:\/\/www.elsindical.com.ar\/notas\/wp-json\/wp\/v2\/categories?post=10346"},{"taxonomy":"post_tag","embeddable":true,"href":"https:\/\/www.elsindical.com.ar\/notas\/wp-json\/wp\/v2\/tags?post=10346"}],"curies":[{"name":"wp","href":"https:\/\/api.w.org\/{rel}","templated":true}]}}