{"id":103458,"date":"2021-03-25T09:28:13","date_gmt":"2021-03-25T12:28:13","guid":{"rendered":"https:\/\/www.elsindical.com.ar\/notas\/?p=103458"},"modified":"2021-03-25T09:28:14","modified_gmt":"2021-03-25T12:28:14","slug":"covid-19-hubo-123-muertes-y-8-300-casos-en-las-ultimas-horas","status":"publish","type":"post","link":"https:\/\/www.elsindical.com.ar\/notas\/covid-19-hubo-123-muertes-y-8-300-casos-en-las-ultimas-horas\/","title":{"rendered":"Covid-19: Hubo 123 muertes y 8.300 casos en las \u00faltimas horas"},"content":{"rendered":"\n<div class=\"wp-block-image\"><figure class=\"aligncenter size-large\"><a href=\"https:\/\/www.elsindical.com.ar\/notas\/var\/www\/html\/notas\/wp-content\/uploads\/2021\/03\/Arg-24-marz21-Covid.jpg\"><img loading=\"lazy\" decoding=\"async\" width=\"710\" height=\"512\" src=\"https:\/\/www.elsindical.com.ar\/notas\/var\/www\/html\/notas\/wp-content\/uploads\/2021\/03\/Arg-24-marz21-Covid.jpg\" alt=\"\" class=\"wp-image-103459\" srcset=\"https:\/\/www.elsindical.com.ar\/notas\/var\/www\/html\/notas\/wp-content\/uploads\/2021\/03\/Arg-24-marz21-Covid.jpg 710w, https:\/\/www.elsindical.com.ar\/notas\/var\/www\/html\/notas\/wp-content\/uploads\/2021\/03\/Arg-24-marz21-Covid-300x216.jpg 300w, https:\/\/www.elsindical.com.ar\/notas\/var\/www\/html\/notas\/wp-content\/uploads\/2021\/03\/Arg-24-marz21-Covid-416x300.jpg 416w\" sizes=\"auto, (max-width: 710px) 100vw, 710px\" \/><\/a><\/figure><\/div>\n\n\n\n<p>El Ministerio de Salud precis\u00f3 que son 54.946 los fallecidos y 2.269.877 los contagiados.<\/p>\n\n\n\n<p>Otras 123 personas murieron y 8.300 fueron reportadas con coronavirus en las \u00faltimas 24 horas en la Argentina, con lo que suman 54.946 los fallecidos registrados oficialmente a nivel nacional y 2.269.877 los contagiados desde el inicio de la pandemia, inform\u00f3 el Ministerio de Salud.<\/p>\n\n\n\n<p>La cartera sanitaria indic\u00f3 que son 3.574 los internados en unidades de terapia intensiva, con un porcentaje de ocupaci\u00f3n de camas de adultos de 55,7 por ciento en el pa\u00eds y del 59,2 por ciento en el \u00c1rea Metropolitana Buenos Aires.<\/p>\n\n\n\n<p>De acuerdo al Monitor P\u00fablico de Vacunaci\u00f3n actualizado a las 18, el total de inoculados asciende a 3.357.772, de los cuales 2.722.622 recibieron una dosis y 635.150 las dos, mientras que las vacunas distribuidas a las jurisdicciones llegan a 4.190.015.<\/p>\n\n\n\n<h5 class=\"wp-block-heading\">Fallecidos<\/h5>\n\n\n\n<p>El reporte consign\u00f3 que murieron 64 hombres y 57 mujeres, mientras que dos personas de la provincia de Buenos Aires fueron registradas sin dato de sexo.<\/p>\n\n\n\n<p>El parte precis\u00f3 que murieron 50 hombres en la provincia de Buenos Aires, 3 en la Ciudad de Buenos Aires, 2 en Chaco, 1 en Corrientes, 5 en C\u00f3rdoba, 1 en Mendoza, 1 en R\u00edo Negro y 1 en Santa Fe.<\/p>\n\n\n\n<p>Tambi\u00e9n fallecieron 50 mujeres en la provincia de Buenos Aires, 1 en C\u00f3rdoba, 2 en Jujuy, 1 en Santa Cruz, 1 en Santa Fe, 1 en Santiago del Estero y 1 en Tierra del Fuego.<\/p>\n\n\n\n<h5 class=\"wp-block-heading\">Nuevos casos<\/h5>\n\n\n\n<p>Este mi\u00e9rcoles se reportaron en la provincia de Buenos Aires 3.902 casos, en la Ciudad de Buenos Aires 904, en Catamarca 70, en Chaco 180, en Chubut 101, en Corrientes 344, en C\u00f3rdoba 769, en Entre R\u00edos 127, en Formosa 20, en Jujuy 23, en La Pampa 67, en La Rioja 25, en Mendoza 169, en Misiones 138, en Neuqu\u00e9n 132, en R\u00edo Negro 85, en Salta 89, en San Juan 39, en San Luis 1, en Santa Cruz 117, en Santa Fe 570, en Santiago del Estero 96, Tierra del Fuego 62 y en Tucum\u00e1n 266.<\/p>\n\n\n\n<p>De esta forma la provincia de Buenos Aires suma 950.138 casos, la Ciudad de Buenos Aires 251.182, Catamarca 9.914, Chaco 37.375, Chubut 49.199, Corrientes 27.094, C\u00f3rdoba 174.397, Entre R\u00edos 48.604, Formosa 1.769, Jujuy 22.119, La Pampa 20.717, La Rioja 10.760, Mendoza 70.995, Misiones 11.164, Neuqu\u00e9n 64.470, R\u00edo Negro 54.702, Salta 28.616, San Juan 16.522, San Luis 21.555, Santa Cruz 38.525, Santa Fe 227.141, Santiago del Estero 24.334, Tierra del Fuego 23.724 y Tucum\u00e1n 84.946.<\/p>\n\n\n\n<p>El Ministerio apunt\u00f3 adem\u00e1s que se realizaron en las \u00faltimas 24 horas 44.058 testeos y desde el inicio del brote ascienden a 8.477.597 pruebas diagn\u00f3sticas para esta enfermedad.<\/p>\n","protected":false},"excerpt":{"rendered":"<p>El Ministerio de Salud precis\u00f3 que son 54.946 los fallecidos y 2.269.877 los contagiados. Otras 123 personas murieron y 8.300 fueron reportadas con coronavirus en las \u00faltimas 24 horas en la Argentina, con lo que suman 54.946 los fallecidos registrados oficialmente a nivel nacional y 2.269.877 los contagiados desde el inicio de la pandemia, inform\u00f3&hellip;<\/p>\n","protected":false},"author":1,"featured_media":103459,"comment_status":"open","ping_status":"open","sticky":false,"template":"","format":"standard","meta":{"footnotes":""},"categories":[23],"tags":[127,19938,2450,134,22031],"class_list":["post-103458","post","type-post","status-publish","format-standard","has-post-thumbnail","hentry","category-salud","tag-argentina","tag-contagios","tag-diario-el-sindical","tag-muertes","tag-salud"],"_links":{"self":[{"href":"https:\/\/www.elsindical.com.ar\/notas\/wp-json\/wp\/v2\/posts\/103458","targetHints":{"allow":["GET"]}}],"collection":[{"href":"https:\/\/www.elsindical.com.ar\/notas\/wp-json\/wp\/v2\/posts"}],"about":[{"href":"https:\/\/www.elsindical.com.ar\/notas\/wp-json\/wp\/v2\/types\/post"}],"author":[{"embeddable":true,"href":"https:\/\/www.elsindical.com.ar\/notas\/wp-json\/wp\/v2\/users\/1"}],"replies":[{"embeddable":true,"href":"https:\/\/www.elsindical.com.ar\/notas\/wp-json\/wp\/v2\/comments?post=103458"}],"version-history":[{"count":1,"href":"https:\/\/www.elsindical.com.ar\/notas\/wp-json\/wp\/v2\/posts\/103458\/revisions"}],"predecessor-version":[{"id":103460,"href":"https:\/\/www.elsindical.com.ar\/notas\/wp-json\/wp\/v2\/posts\/103458\/revisions\/103460"}],"wp:featuredmedia":[{"embeddable":true,"href":"https:\/\/www.elsindical.com.ar\/notas\/wp-json\/wp\/v2\/media\/103459"}],"wp:attachment":[{"href":"https:\/\/www.elsindical.com.ar\/notas\/wp-json\/wp\/v2\/media?parent=103458"}],"wp:term":[{"taxonomy":"category","embeddable":true,"href":"https:\/\/www.elsindical.com.ar\/notas\/wp-json\/wp\/v2\/categories?post=103458"},{"taxonomy":"post_tag","embeddable":true,"href":"https:\/\/www.elsindical.com.ar\/notas\/wp-json\/wp\/v2\/tags?post=103458"}],"curies":[{"name":"wp","href":"https:\/\/api.w.org\/{rel}","templated":true}]}}