{"id":103456,"date":"2021-03-25T09:19:50","date_gmt":"2021-03-25T12:19:50","guid":{"rendered":"https:\/\/www.elsindical.com.ar\/notas\/?p=103456"},"modified":"2021-03-25T09:19:53","modified_gmt":"2021-03-25T12:19:53","slug":"lomas-de-zamora-escondio-una-camara-en-el-bano-de-un-estudio-para-filmar-a-personas-desnudas","status":"publish","type":"post","link":"https:\/\/www.elsindical.com.ar\/notas\/lomas-de-zamora-escondio-una-camara-en-el-bano-de-un-estudio-para-filmar-a-personas-desnudas\/","title":{"rendered":"Lomas de Zamora: Escondi\u00f3 una c\u00e1mara en el ba\u00f1o de un estudio para filmar a personas desnudas"},"content":{"rendered":"\n<div class=\"wp-block-image\"><figure class=\"aligncenter size-large\"><a href=\"https:\/\/www.elsindical.com.ar\/notas\/var\/www\/html\/notas\/wp-content\/uploads\/2020\/07\/Fiscal\u00edas-de-Lomas-de-Zamora.jpg\"><img loading=\"lazy\" decoding=\"async\" width=\"640\" height=\"381\" src=\"https:\/\/www.elsindical.com.ar\/notas\/var\/www\/html\/notas\/wp-content\/uploads\/2020\/07\/Fiscal\u00edas-de-Lomas-de-Zamora.jpg\" alt=\"\" class=\"wp-image-97457\" srcset=\"https:\/\/www.elsindical.com.ar\/notas\/var\/www\/html\/notas\/wp-content\/uploads\/2020\/07\/Fiscal\u00edas-de-Lomas-de-Zamora.jpg 640w, https:\/\/www.elsindical.com.ar\/notas\/var\/www\/html\/notas\/wp-content\/uploads\/2020\/07\/Fiscal\u00edas-de-Lomas-de-Zamora-300x179.jpg 300w, https:\/\/www.elsindical.com.ar\/notas\/var\/www\/html\/notas\/wp-content\/uploads\/2020\/07\/Fiscal\u00edas-de-Lomas-de-Zamora-500x298.jpg 500w\" sizes=\"auto, (max-width: 640px) 100vw, 640px\" \/><\/a><\/figure><\/div>\n\n\n\n<p>Un hombre fue detenido acusado de colocar una c\u00e1mara oculta en un ba\u00f1o de una sala de ensayos ubicada en el centro de Lomas de Zamora para grabar a personas desnudas. El sujeto fue apresado cuando familiares de las v\u00edctimas de esas filmaciones se acercaron al lugar para increparlo.<\/p>\n\n\n\n<p>Fuentes de la investigaci\u00f3n informaron que todo ocurri\u00f3 el s\u00e1bado \u00faltimo en un estudio de ensayo de m\u00fasica, ubicado en la calle Azara, en pleno centro lomense.<\/p>\n\n\n\n<p>All\u00ed se realiz\u00f3 un ensayo abierto para bandas al que concurrieron cerca de 20 personas. En ese contexto, un joven descubri\u00f3 que en el ba\u00f1o hab\u00eda una peque\u00f1a caja junto al inodoro.<\/p>\n\n\n\n<p>Al acercarse encontr\u00f3 un pendrive con c\u00e1mara incluido que se encontraba filmando. El joven pudo ver que en el dispositivo quedaron grabadas, sin ropa, las personas que hab\u00edan concurrido a ese ba\u00f1o, entre ellas dos menores de edad.<\/p>\n\n\n\n<p>Al descubrirse esto, el lunes \u00faltimo, varias personas fueron a increpar a la sala de ensayo al organizador del evento. Al verse rodeado el hombre rompi\u00f3 y escondi\u00f3 su tel\u00e9fono celular, lo que hizo sospechar que all\u00ed guardaba im\u00e1genes del mismo tenor que las descubiertas, informaron fuentes de la investigaci\u00f3n.<\/p>\n\n\n\n<p>Los damnificados formularon la denuncia y el hombre de 43 a\u00f1os fue detenido. El fiscal de la UFI 4 de Lomas, Leonardo Kaszewski, lo imput\u00f3 por \u201cproducci\u00f3n y tenencia de representaciones sexuales de menores de 18 a\u00f1os de edad\u201d.<\/p>\n\n\n\n<p>El acusado se neg\u00f3 a declarar mientras que el fiscal allan\u00f3 el estudio de grabaci\u00f3n, donde secuestr\u00f3 otros dispositivos de almacenamiento que ser\u00e1n peritados.<\/p>\n","protected":false},"excerpt":{"rendered":"<p>Un hombre fue detenido acusado de colocar una c\u00e1mara oculta en un ba\u00f1o de una sala de ensayos ubicada en el centro de Lomas de Zamora para grabar a personas desnudas. El sujeto fue apresado cuando familiares de las v\u00edctimas de esas filmaciones se acercaron al lugar para increparlo. Fuentes de la investigaci\u00f3n informaron que&hellip;<\/p>\n","protected":false},"author":1,"featured_media":97457,"comment_status":"open","ping_status":"open","sticky":false,"template":"","format":"standard","meta":{"footnotes":""},"categories":[22],"tags":[15871,2450,157,744,34420,30260,3605],"class_list":["post-103456","post","type-post","status-publish","format-standard","has-post-thumbnail","hentry","category-policiales","tag-camara-oculta","tag-diario-el-sindical","tag-familiares","tag-lomas-de-zamora","tag-personas-desnudas","tag-victimas-2","tag-videos"],"_links":{"self":[{"href":"https:\/\/www.elsindical.com.ar\/notas\/wp-json\/wp\/v2\/posts\/103456","targetHints":{"allow":["GET"]}}],"collection":[{"href":"https:\/\/www.elsindical.com.ar\/notas\/wp-json\/wp\/v2\/posts"}],"about":[{"href":"https:\/\/www.elsindical.com.ar\/notas\/wp-json\/wp\/v2\/types\/post"}],"author":[{"embeddable":true,"href":"https:\/\/www.elsindical.com.ar\/notas\/wp-json\/wp\/v2\/users\/1"}],"replies":[{"embeddable":true,"href":"https:\/\/www.elsindical.com.ar\/notas\/wp-json\/wp\/v2\/comments?post=103456"}],"version-history":[{"count":1,"href":"https:\/\/www.elsindical.com.ar\/notas\/wp-json\/wp\/v2\/posts\/103456\/revisions"}],"predecessor-version":[{"id":103457,"href":"https:\/\/www.elsindical.com.ar\/notas\/wp-json\/wp\/v2\/posts\/103456\/revisions\/103457"}],"wp:featuredmedia":[{"embeddable":true,"href":"https:\/\/www.elsindical.com.ar\/notas\/wp-json\/wp\/v2\/media\/97457"}],"wp:attachment":[{"href":"https:\/\/www.elsindical.com.ar\/notas\/wp-json\/wp\/v2\/media?parent=103456"}],"wp:term":[{"taxonomy":"category","embeddable":true,"href":"https:\/\/www.elsindical.com.ar\/notas\/wp-json\/wp\/v2\/categories?post=103456"},{"taxonomy":"post_tag","embeddable":true,"href":"https:\/\/www.elsindical.com.ar\/notas\/wp-json\/wp\/v2\/tags?post=103456"}],"curies":[{"name":"wp","href":"https:\/\/api.w.org\/{rel}","templated":true}]}}