{"id":103436,"date":"2021-03-24T12:50:34","date_gmt":"2021-03-24T15:50:34","guid":{"rendered":"https:\/\/www.elsindical.com.ar\/notas\/?p=103436"},"modified":"2021-03-24T12:50:35","modified_gmt":"2021-03-24T15:50:35","slug":"coronavirus-hubo-153-muertes-y-mas-de-9-400-nuevos-casos","status":"publish","type":"post","link":"https:\/\/www.elsindical.com.ar\/notas\/coronavirus-hubo-153-muertes-y-mas-de-9-400-nuevos-casos\/","title":{"rendered":"Coronavirus: Hubo 153 muertes y m\u00e1s de 9.400 nuevos casos"},"content":{"rendered":"\n<div class=\"wp-block-image\"><figure class=\"aligncenter size-large\"><a href=\"https:\/\/www.elsindical.com.ar\/notas\/var\/www\/html\/notas\/wp-content\/uploads\/2021\/03\/Arg-23-marz21-Covid.jpg\"><img loading=\"lazy\" decoding=\"async\" width=\"692\" height=\"481\" src=\"https:\/\/www.elsindical.com.ar\/notas\/var\/www\/html\/notas\/wp-content\/uploads\/2021\/03\/Arg-23-marz21-Covid.jpg\" alt=\"\" class=\"wp-image-103437\" srcset=\"https:\/\/www.elsindical.com.ar\/notas\/var\/www\/html\/notas\/wp-content\/uploads\/2021\/03\/Arg-23-marz21-Covid.jpg 692w, https:\/\/www.elsindical.com.ar\/notas\/var\/www\/html\/notas\/wp-content\/uploads\/2021\/03\/Arg-23-marz21-Covid-300x209.jpg 300w, https:\/\/www.elsindical.com.ar\/notas\/var\/www\/html\/notas\/wp-content\/uploads\/2021\/03\/Arg-23-marz21-Covid-432x300.jpg 432w\" sizes=\"auto, (max-width: 692px) 100vw, 692px\" \/><\/a><\/figure><\/div>\n\n\n\n<p class=\"wp-block-paragraph\">El Ministerio de Salud precis\u00f3 que ya son 54.823 los fallecidos y 2.261.577 los contagiados en todo el pa\u00eds.<\/p>\n\n\n\n<p class=\"wp-block-paragraph\">Otras 153 personas murieron y 9.405 fueron reportadas con coronavirus en las \u00faltimas 24 horas en la Argentina, con lo que suman 54.823 los fallecidos registrados oficialmente a nivel nacional y 2.261.577 los contagiados desde el inicio de la pandemia, inform\u00f3 el Ministerio de Salud.<\/p>\n\n\n\n<p class=\"wp-block-paragraph\">La cartera sanitaria indic\u00f3 que son 3.591 los internados en unidades de terapia intensiva, con un porcentaje de ocupaci\u00f3n de camas de adultos de 55,2 por ciento en el pa\u00eds y del 58,5 por ciento en el \u00c1rea Metropolitana Buenos Aires.<\/p>\n\n\n\n<p class=\"wp-block-paragraph\">De acuerdo al&nbsp;Monitor P\u00fablico de Vacunaci\u00f3n&nbsp;actualizado a las 18,&nbsp;el total de inoculados asciende a 3.305.575,&nbsp;de los cuales 2.675.311 recibieron una dosis y 630.264 las dos, mientras que las vacunas distribuidas a las jurisdicciones llegan a 4.185.015.<\/p>\n\n\n\n<h5 class=\"wp-block-heading\">Fallecidos<\/h5>\n\n\n\n<p class=\"wp-block-paragraph\">El reporte consign\u00f3 que murieron 88 hombres y 61 mujeres, mientras que una persona de la provincia de Buenos Aires, otra en Chubut, C\u00f3rdoba y la restante en Salta fueron registradas sin datos de sexo.<\/p>\n\n\n\n<p class=\"wp-block-paragraph\">El parte precis\u00f3 que murieron 33 hombres en la provincia de Buenos Aires, 8 en la Ciudad de Buenos Aires, 2 en Chaco, 16 en Chubut, 1 en Corrientes, 5 en C\u00f3rdoba, 1 en Entre R\u00edos, 1 en Formosa, 1 en Jujuy, 2 en La Pampa, 2 en Mendoza, 1 en Misiones, 1 en Neuqu\u00e9n, 4 en R\u00edo Negro, 5 en Salta, 1 en San Luis, 3 en Santiago del Estero y 1 en Tierra del Fuego.<\/p>\n\n\n\n<p class=\"wp-block-paragraph\">Tambi\u00e9n fallecieron 26 mujeres en Buenos Aires, 3 en la Ciudad de Buenos Aires, 12 en Chubut, 2 en C\u00f3rdoba, 1 en Entre R\u00edos, 3 en Jujuy, 1 en Mendoza, 1 en Misiones, 2 en Neuqu\u00e9n, 3 en R\u00edo Negro, 2 en Salta, 2 en Santa Fe, 1 en Santiago del Estero y 2 en Tierra del Fuego.<\/p>\n\n\n\n<h5 class=\"wp-block-heading\">Nuevos casos<\/h5>\n\n\n\n<p class=\"wp-block-paragraph\">Este martes se registraron en la provincia de Buenos Aires 4.377 casos, en la Ciudad de Buenos Aires 1.180, en Catamarca 83, en Chaco 135, en Chubut 156, en Corrientes 104, en C\u00f3rdoba 817, en Entre R\u00edos 179, en Formosa 32, en Jujuy 50, en La Pampa 94, en La Rioja 25, en Mendoza 252, en Misiones 124, en Neuqu\u00e9n 143, en R\u00edo Negro 116, en Salta 132, en San Juan 92, en San Luis 1, en Santa Cruz 120, en Santa Fe 656, en Santiago del Estero 54, Tierra del Fuego 42 y en Tucum\u00e1n 441.<\/p>\n\n\n\n<p class=\"wp-block-paragraph\">De esta forma la provincia de Buenos Aires suma 946.236 casos, la Ciudad de Buenos Aires 250.278, Catamarca 9.844, Chaco 37.195, Chubut 49.018, Corrientes 26.750, C\u00f3rdoba 173.628, Entre R\u00edos 48.477, Formosa 1.749, Jujuy 22.091, La Pampa 20.650, La Rioja 10.735, Mendoza 70.826, Misiones 11.026, Neuqu\u00e9n 64.368, R\u00edo Negro 54.617, Salta 28.527, San Juan 16.483, San Luis 21.554, Santa Cruz 38.408, Santa Fe 226.571, Santiago del Estero 24.236, Tierra del Fuego 23.662 y Tucum\u00e1n 84.678.<\/p>\n\n\n\n<p class=\"wp-block-paragraph\">El Ministerio indic\u00f3 adem\u00e1s que se realizaron en las \u00faltimas 24 horas 49.703 testeos y desde el inicio del brote ascienden a 8.433.539 pruebas diagn\u00f3sticas para esta enfermedad.<\/p>\n","protected":false},"excerpt":{"rendered":"<p>El Ministerio de Salud precis\u00f3 que ya son 54.823 los fallecidos y 2.261.577 los contagiados en todo el pa\u00eds. Otras 153 personas murieron y 9.405 fueron reportadas con coronavirus en las \u00faltimas 24 horas en la Argentina, con lo que suman 54.823 los fallecidos registrados oficialmente a nivel nacional y 2.261.577 los contagiados desde el&hellip;<\/p>\n","protected":false},"author":1,"featured_media":103437,"comment_status":"open","ping_status":"open","sticky":false,"template":"","format":"standard","meta":{"footnotes":""},"categories":[23],"tags":[127,19938,32346,32627,2450,134],"class_list":["post-103436","post","type-post","status-publish","format-standard","has-post-thumbnail","hentry","category-salud","tag-argentina","tag-contagios","tag-coronavirus","tag-covid-19","tag-diario-el-sindical","tag-muertes"],"_links":{"self":[{"href":"https:\/\/www.elsindical.com.ar\/notas\/wp-json\/wp\/v2\/posts\/103436","targetHints":{"allow":["GET"]}}],"collection":[{"href":"https:\/\/www.elsindical.com.ar\/notas\/wp-json\/wp\/v2\/posts"}],"about":[{"href":"https:\/\/www.elsindical.com.ar\/notas\/wp-json\/wp\/v2\/types\/post"}],"author":[{"embeddable":true,"href":"https:\/\/www.elsindical.com.ar\/notas\/wp-json\/wp\/v2\/users\/1"}],"replies":[{"embeddable":true,"href":"https:\/\/www.elsindical.com.ar\/notas\/wp-json\/wp\/v2\/comments?post=103436"}],"version-history":[{"count":1,"href":"https:\/\/www.elsindical.com.ar\/notas\/wp-json\/wp\/v2\/posts\/103436\/revisions"}],"predecessor-version":[{"id":103438,"href":"https:\/\/www.elsindical.com.ar\/notas\/wp-json\/wp\/v2\/posts\/103436\/revisions\/103438"}],"wp:featuredmedia":[{"embeddable":true,"href":"https:\/\/www.elsindical.com.ar\/notas\/wp-json\/wp\/v2\/media\/103437"}],"wp:attachment":[{"href":"https:\/\/www.elsindical.com.ar\/notas\/wp-json\/wp\/v2\/media?parent=103436"}],"wp:term":[{"taxonomy":"category","embeddable":true,"href":"https:\/\/www.elsindical.com.ar\/notas\/wp-json\/wp\/v2\/categories?post=103436"},{"taxonomy":"post_tag","embeddable":true,"href":"https:\/\/www.elsindical.com.ar\/notas\/wp-json\/wp\/v2\/tags?post=103436"}],"curies":[{"name":"wp","href":"https:\/\/api.w.org\/{rel}","templated":true}]}}