{"id":103420,"date":"2021-03-23T09:59:15","date_gmt":"2021-03-23T12:59:15","guid":{"rendered":"https:\/\/www.elsindical.com.ar\/notas\/?p=103420"},"modified":"2021-03-23T12:03:11","modified_gmt":"2021-03-23T15:03:11","slug":"el-motochorro-que-asesino-a-la-psicologa-en-ramos-mejia-habia-sido-liberado-por-la-pandemia","status":"publish","type":"post","link":"https:\/\/www.elsindical.com.ar\/notas\/el-motochorro-que-asesino-a-la-psicologa-en-ramos-mejia-habia-sido-liberado-por-la-pandemia\/","title":{"rendered":"El motochorro que asesin\u00f3 a la psic\u00f3loga en Ramos Mej\u00eda hab\u00eda sido liberado por la pandemia"},"content":{"rendered":"\n<figure class=\"wp-block-image size-large\"><a href=\"https:\/\/www.elsindical.com.ar\/notas\/var\/www\/html\/notas\/wp-content\/uploads\/2021\/03\/Alejandro-Miguel-Ochoa-arrestado.jpg\"><img loading=\"lazy\" decoding=\"async\" width=\"1024\" height=\"537\" src=\"https:\/\/www.elsindical.com.ar\/notas\/var\/www\/html\/notas\/wp-content\/uploads\/2021\/03\/Alejandro-Miguel-Ochoa-arrestado-1024x537.jpg\" alt=\"\" class=\"wp-image-103421\" srcset=\"https:\/\/www.elsindical.com.ar\/notas\/var\/www\/html\/notas\/wp-content\/uploads\/2021\/03\/Alejandro-Miguel-Ochoa-arrestado-1024x537.jpg 1024w, https:\/\/www.elsindical.com.ar\/notas\/var\/www\/html\/notas\/wp-content\/uploads\/2021\/03\/Alejandro-Miguel-Ochoa-arrestado-300x157.jpg 300w, https:\/\/www.elsindical.com.ar\/notas\/var\/www\/html\/notas\/wp-content\/uploads\/2021\/03\/Alejandro-Miguel-Ochoa-arrestado-768x403.jpg 768w, https:\/\/www.elsindical.com.ar\/notas\/var\/www\/html\/notas\/wp-content\/uploads\/2021\/03\/Alejandro-Miguel-Ochoa-arrestado-500x262.jpg 500w, https:\/\/www.elsindical.com.ar\/notas\/var\/www\/html\/notas\/wp-content\/uploads\/2021\/03\/Alejandro-Miguel-Ochoa-arrestado.jpg 1170w\" sizes=\"auto, (max-width: 1024px) 100vw, 1024px\" \/><\/a><\/figure>\n\n\n\n<p>El sospechoso fue capturado en su domicilio de Castelar. Tambi\u00e9n se secuestr\u00f3 una moto que habr\u00eda sido utilizada en el robo.<\/p>\n\n\n\n<p>Alejandro Miguel Ochoa<strong> fue capturado en un allanamiento<\/strong> que se llev\u00f3 a cabo en Hortiguera y Lamadrid, en Castelar, partido de Mor\u00f3n por <strong>asaltar y asesinar a una mujer en Ramos Mej\u00eda.<\/strong><\/p>\n\n\n\n<p>El hombre de 55 a\u00f1os<strong> hab\u00eda dejado la c\u00e1rcel de Bat\u00e1n en octubre de 2020<\/strong> beneficiado por las <strong>liberaciones en la pandemia del coronavirus<\/strong>, pese a tener dos condenas por ocho robos bajo la misma modalidad, todos a mujeres.<\/p>\n\n\n\n<p>Mar\u00eda Rosa Daglio, la v\u00edctima, ten\u00eda cuatro hijos y dos nietos y fue asaltada en la tarde del viernes cuando caminaba por la vereda, en Belgrano al 300, Ramos Mej\u00eda.<strong> El delincuente le arrebat\u00f3 la cartera y la mujer cay\u00f3 violentamente al suelo.<\/strong><\/p>\n\n\n\n<p>Aunque en un primer momento se dijo que hab\u00eda sufrido un infarto, <strong>la autopsia revel\u00f3 que la psic\u00f3loga falleci\u00f3 por una hemorragia interna.<\/strong><\/p>\n\n\n\n<p>Tras el violento episodio, autoridades policiales relevaron las c\u00e1maras de seguridad de la zona. Observaron a un hombre robusto, con ropa negra y zapatillas amarillas y con casco de color blanco, manejando una motocicleta tipo Gilera YL- 200 gris sin patente, a contramano y sobre la vereda.<\/p>\n\n\n\n<p><strong>Un llamado an\u00f3nimo al 911 permiti\u00f3 que el atacante fuera identificado.<\/strong> Tambi\u00e9n se inform\u00f3 el barrio donde viv\u00eda el sospechoso, en Merlo.<\/p>\n\n\n\n<p>La causa qued\u00f3 caratulada como<strong> \u00abhomicidio en ocasi\u00f3n de robo\u00bb.<\/strong> Interviene el fiscal Federico Medone, de la UFI tem\u00e1tica de Homicidios, de La Matanza.<\/p>\n\n\n\n<figure class=\"wp-block-image size-large\"><a href=\"https:\/\/www.elsindical.com.ar\/notas\/var\/www\/html\/notas\/wp-content\/uploads\/2021\/03\/Aljandro-Miguel-Ochoa.jpg\"><img loading=\"lazy\" decoding=\"async\" width=\"1004\" height=\"564\" src=\"https:\/\/www.elsindical.com.ar\/notas\/var\/www\/html\/notas\/wp-content\/uploads\/2021\/03\/Aljandro-Miguel-Ochoa.jpg\" alt=\"\" class=\"wp-image-103422\" srcset=\"https:\/\/www.elsindical.com.ar\/notas\/var\/www\/html\/notas\/wp-content\/uploads\/2021\/03\/Aljandro-Miguel-Ochoa.jpg 1004w, https:\/\/www.elsindical.com.ar\/notas\/var\/www\/html\/notas\/wp-content\/uploads\/2021\/03\/Aljandro-Miguel-Ochoa-300x169.jpg 300w, https:\/\/www.elsindical.com.ar\/notas\/var\/www\/html\/notas\/wp-content\/uploads\/2021\/03\/Aljandro-Miguel-Ochoa-768x431.jpg 768w, https:\/\/www.elsindical.com.ar\/notas\/var\/www\/html\/notas\/wp-content\/uploads\/2021\/03\/Aljandro-Miguel-Ochoa-500x281.jpg 500w\" sizes=\"auto, (max-width: 1004px) 100vw, 1004px\" \/><\/a><\/figure>\n\n\n\n<figure class=\"wp-block-image size-large is-resized\"><a href=\"https:\/\/www.elsindical.com.ar\/notas\/var\/www\/html\/notas\/wp-content\/uploads\/2021\/03\/antecedentes-Miguel-Alejandro-Ochoa.jpg\"><img loading=\"lazy\" decoding=\"async\" src=\"https:\/\/www.elsindical.com.ar\/notas\/var\/www\/html\/notas\/wp-content\/uploads\/2021\/03\/antecedentes-Miguel-Alejandro-Ochoa.jpg\" alt=\"\" class=\"wp-image-103429\" width=\"837\" height=\"513\" srcset=\"https:\/\/www.elsindical.com.ar\/notas\/var\/www\/html\/notas\/wp-content\/uploads\/2021\/03\/antecedentes-Miguel-Alejandro-Ochoa.jpg 738w, https:\/\/www.elsindical.com.ar\/notas\/var\/www\/html\/notas\/wp-content\/uploads\/2021\/03\/antecedentes-Miguel-Alejandro-Ochoa-300x184.jpg 300w, https:\/\/www.elsindical.com.ar\/notas\/var\/www\/html\/notas\/wp-content\/uploads\/2021\/03\/antecedentes-Miguel-Alejandro-Ochoa-490x300.jpg 490w\" sizes=\"auto, (max-width: 837px) 100vw, 837px\" \/><\/a><\/figure>\n","protected":false},"excerpt":{"rendered":"<p>El sospechoso fue capturado en su domicilio de Castelar. Tambi\u00e9n se secuestr\u00f3 una moto que habr\u00eda sido utilizada en el robo. Alejandro Miguel Ochoa fue capturado en un allanamiento que se llev\u00f3 a cabo en Hortiguera y Lamadrid, en Castelar, partido de Mor\u00f3n por asaltar y asesinar a una mujer en Ramos Mej\u00eda. El hombre&hellip;<\/p>\n","protected":false},"author":1,"featured_media":103421,"comment_status":"open","ping_status":"open","sticky":false,"template":"","format":"standard","meta":{"footnotes":""},"categories":[22],"tags":[34410,2450,2329,4026,1252,116],"class_list":["post-103420","post","type-post","status-publish","format-standard","has-post-thumbnail","hentry","category-policiales","tag-alejandro-miguel-ochoa","tag-diario-el-sindical","tag-homicidio","tag-motochorro","tag-ramos-mejia","tag-robo"],"_links":{"self":[{"href":"https:\/\/www.elsindical.com.ar\/notas\/wp-json\/wp\/v2\/posts\/103420","targetHints":{"allow":["GET"]}}],"collection":[{"href":"https:\/\/www.elsindical.com.ar\/notas\/wp-json\/wp\/v2\/posts"}],"about":[{"href":"https:\/\/www.elsindical.com.ar\/notas\/wp-json\/wp\/v2\/types\/post"}],"author":[{"embeddable":true,"href":"https:\/\/www.elsindical.com.ar\/notas\/wp-json\/wp\/v2\/users\/1"}],"replies":[{"embeddable":true,"href":"https:\/\/www.elsindical.com.ar\/notas\/wp-json\/wp\/v2\/comments?post=103420"}],"version-history":[{"count":2,"href":"https:\/\/www.elsindical.com.ar\/notas\/wp-json\/wp\/v2\/posts\/103420\/revisions"}],"predecessor-version":[{"id":103430,"href":"https:\/\/www.elsindical.com.ar\/notas\/wp-json\/wp\/v2\/posts\/103420\/revisions\/103430"}],"wp:featuredmedia":[{"embeddable":true,"href":"https:\/\/www.elsindical.com.ar\/notas\/wp-json\/wp\/v2\/media\/103421"}],"wp:attachment":[{"href":"https:\/\/www.elsindical.com.ar\/notas\/wp-json\/wp\/v2\/media?parent=103420"}],"wp:term":[{"taxonomy":"category","embeddable":true,"href":"https:\/\/www.elsindical.com.ar\/notas\/wp-json\/wp\/v2\/categories?post=103420"},{"taxonomy":"post_tag","embeddable":true,"href":"https:\/\/www.elsindical.com.ar\/notas\/wp-json\/wp\/v2\/tags?post=103420"}],"curies":[{"name":"wp","href":"https:\/\/api.w.org\/{rel}","templated":true}]}}