{"id":103384,"date":"2021-03-21T21:12:52","date_gmt":"2021-03-22T00:12:52","guid":{"rendered":"https:\/\/www.elsindical.com.ar\/notas\/?p=103384"},"modified":"2021-03-21T21:16:35","modified_gmt":"2021-03-22T00:16:35","slug":"alejo-chornobroff-paso-un-mal-momento-en-una-macha-anti-tas","status":"publish","type":"post","link":"https:\/\/www.elsindical.com.ar\/notas\/alejo-chornobroff-paso-un-mal-momento-en-una-macha-anti-tas\/","title":{"rendered":"Alejo Chornobroff pas\u00f3 un mal momento  en una macha anti TAS"},"content":{"rendered":"\n<div class=\"wp-block-image\"><figure class=\"aligncenter size-large\"><a href=\"https:\/\/www.elsindical.com.ar\/notas\/var\/www\/html\/notas\/wp-content\/uploads\/2021\/03\/Chornobroff-y-Ghirelli.jpg\"><img loading=\"lazy\" decoding=\"async\" width=\"738\" height=\"406\" src=\"https:\/\/www.elsindical.com.ar\/notas\/var\/www\/html\/notas\/wp-content\/uploads\/2021\/03\/Chornobroff-y-Ghirelli.jpg\" alt=\"\" class=\"wp-image-103385\" srcset=\"https:\/\/www.elsindical.com.ar\/notas\/var\/www\/html\/notas\/wp-content\/uploads\/2021\/03\/Chornobroff-y-Ghirelli.jpg 738w, https:\/\/www.elsindical.com.ar\/notas\/var\/www\/html\/notas\/wp-content\/uploads\/2021\/03\/Chornobroff-y-Ghirelli-300x165.jpg 300w, https:\/\/www.elsindical.com.ar\/notas\/var\/www\/html\/notas\/wp-content\/uploads\/2021\/03\/Chornobroff-y-Ghirelli-500x275.jpg 500w\" sizes=\"auto, (max-width: 738px) 100vw, 738px\" \/><\/a><\/figure><\/div>\n\n\n\n<p>       El \u00abintendente\u00bb Alejo Chornobroff, pas\u00f3 un mal momento, cuando fue increpado por un grupo de animalistas anti TAS, que reclamaban por los incumplimientos de parte de los funcionarios de la Secretaria de Seguridad a cargo de M\u00f3nica Ghirelli y de la Subsecretaria de Seguridad a cargo de Marcelo Rey, por permitir la tracci\u00f3n a sangre y el maltrato animal en el municipio.<\/p>\n\n\n\n<p>A continuaci\u00f3n la publicaci\u00f3n de una de los participantes del reclamo, que dej\u00f3 en evidencia que Alejo Chornobroff no sabe ni d\u00f3nde est\u00e1 parado, se lo ve intentar deslindar el tema de una forma infantil y rid\u00edcula, lo que confirma que Jorge Ferraresi nos dej\u00f3 el peor para el cargo y as\u00ed destacar la figura de su esposa Magdalena Sierra que al lado de Chornobroff es por lo menos simp\u00e1tica.<\/p>\n\n\n\n<p>Y en <a href=\"https:\/\/www.facebook.com\/hashtag\/avellaneda?__eep__=6&amp;__cft__[0]=AZVgGt0dUuFElczR-dY-JktSiFPt4aZOn82Rm9dW_-VYhJlndGix2TclNhmw0KpycSCSXpc9r4PHkvKnZ8e55ssww0E-dofHCCJdmdxMBzCk-12VNYZdDUmNUO2scBqixjBa3ZKTWVe5XC3ndD9jLqRJNLaG9I4iBv0Tht6TVpTDXvVLZAJrLAQcXKy0ilBkkLok2azVxMPqKAbj-V3Wa_5a&amp;__tn__=*NK-y-R\">#avellaneda<\/a> mas viva que nunca&#8230;mientras tanto&#8230;.a mitad de marcha por la abolici\u00f3n <a href=\"https:\/\/www.facebook.com\/hashtag\/tas?__eep__=6&amp;__cft__[0]=AZVgGt0dUuFElczR-dY-JktSiFPt4aZOn82Rm9dW_-VYhJlndGix2TclNhmw0KpycSCSXpc9r4PHkvKnZ8e55ssww0E-dofHCCJdmdxMBzCk-12VNYZdDUmNUO2scBqixjBa3ZKTWVe5XC3ndD9jLqRJNLaG9I4iBv0Tht6TVpTDXvVLZAJrLAQcXKy0ilBkkLok2azVxMPqKAbj-V3Wa_5a&amp;__tn__=*NK-y-R\">#tas<\/a> y exigiendo <a href=\"https:\/\/www.facebook.com\/hashtag\/castraciones?__eep__=6&amp;__cft__[0]=AZVgGt0dUuFElczR-dY-JktSiFPt4aZOn82Rm9dW_-VYhJlndGix2TclNhmw0KpycSCSXpc9r4PHkvKnZ8e55ssww0E-dofHCCJdmdxMBzCk-12VNYZdDUmNUO2scBqixjBa3ZKTWVe5XC3ndD9jLqRJNLaG9I4iBv0Tht6TVpTDXvVLZAJrLAQcXKy0ilBkkLok2azVxMPqKAbj-V3Wa_5a&amp;__tn__=*NK-y-R\">#castraciones<\/a> masivas y gratuitas, <a href=\"https:\/\/www.facebook.com\/hashtag\/ley?__eep__=6&amp;__cft__[0]=AZVgGt0dUuFElczR-dY-JktSiFPt4aZOn82Rm9dW_-VYhJlndGix2TclNhmw0KpycSCSXpc9r4PHkvKnZ8e55ssww0E-dofHCCJdmdxMBzCk-12VNYZdDUmNUO2scBqixjBa3ZKTWVe5XC3ndD9jLqRJNLaG9I4iBv0Tht6TVpTDXvVLZAJrLAQcXKy0ilBkkLok2azVxMPqKAbj-V3Wa_5a&amp;__tn__=*NK-y-R\">#ley<\/a> 14346 #13879,y ordenanzas vigentes que no cumplen ni controlan su cumplimiento , en la calle sobre av Belgrano nos volvimos a reencontrar con el intendente de Avellaneda <a href=\"https:\/\/www.facebook.com\/hashtag\/alejochornobroff?__eep__=6&amp;__cft__[0]=AZVgGt0dUuFElczR-dY-JktSiFPt4aZOn82Rm9dW_-VYhJlndGix2TclNhmw0KpycSCSXpc9r4PHkvKnZ8e55ssww0E-dofHCCJdmdxMBzCk-12VNYZdDUmNUO2scBqixjBa3ZKTWVe5XC3ndD9jLqRJNLaG9I4iBv0Tht6TVpTDXvVLZAJrLAQcXKy0ilBkkLok2azVxMPqKAbj-V3Wa_5a&amp;__tn__=*NK-y-R\">#Alejochornobroff<\/a> y entre otros en medio de su trabajo viendo fotos en las plazas, no nos ignoro por el ruido y porque ya ven\u00edamos cortando la av. Belgrano al 800 yendo al municipio a las 19hs ya no hay nadie, la sra al lado del Sr. Intendente es la que se dirige y sin identificarse su rol , pero ya sabemos que es la secretaria de seguridad de Avellaneda la Sra Monica Viviana Ghirelli la que nos increpaba verbalmente a saber ; que estaba mal lo que est\u00e1bamos haciendo&#8230;.que no pedimos turno ni entrevista antes de realizar la 1ra marcha , nos preguntaba si \u00e9ramos de Avellaneda, escuchen video, y se contradice al decir que no hay carros en Avellaneda pero que la mayor\u00eda provienen de Monte Chingolo y Quilmes, a su vez nos pregunta donde est\u00e1n los carros ? donde\u00a1 La sra monitorea todas las c\u00e1maras de seguridad de Avellaneda ? pero nos pregunto en fin le dimos las direcciones de algunos centros de reciclado que tiran y descartan basura con los caballos 3 o 4 lugares y dijo que va a ir a ver, en fin si as\u00ed empez\u00f3 la charla y sigue en una Reuni\u00f3n dejan mucho que explicar &#8230;los funcionarios que no funciona , el Intendente asinti\u00f3 y sigui\u00f3 con su recorrido en auto por diversa plazas y nos dijo llamar muy pronto pero muy pronto hoy 19 marzo 2021. Gracias por leer hasta aqu\u00ed pero ameritaba un fragmento de lo que ocurri\u00f3 ayer , compartan, difundan, no sean complices!<\/p>\n\n\n\n<figure class=\"wp-block-embed is-type-video is-provider-youtube wp-block-embed-youtube wp-embed-aspect-16-9 wp-has-aspect-ratio\"><div class=\"wp-block-embed__wrapper\">\n<iframe loading=\"lazy\" title=\"Alejo Chornobroff pas\u00f3 un mal momento en una macha anti TAS\" width=\"700\" height=\"394\" src=\"https:\/\/www.youtube.com\/embed\/iGHa_tNhufk?feature=oembed\" frameborder=\"0\" allow=\"accelerometer; autoplay; clipboard-write; encrypted-media; gyroscope; picture-in-picture\" allowfullscreen><\/iframe>\n<\/div><\/figure>\n","protected":false},"excerpt":{"rendered":"<p>El \u00abintendente\u00bb Alejo Chornobroff, pas\u00f3 un mal momento, cuando fue increpado por un grupo de animalistas anti TAS, que reclamaban por los incumplimientos de parte de los funcionarios de la Secretaria de Seguridad a cargo de M\u00f3nica Ghirelli y de la Subsecretaria de Seguridad a cargo de Marcelo Rey, por permitir la tracci\u00f3n a sangre&hellip;<\/p>\n","protected":false},"author":1,"featured_media":103385,"comment_status":"open","ping_status":"open","sticky":false,"template":"","format":"standard","meta":{"footnotes":""},"categories":[13,25],"tags":[30014,26183,461,1451,22020,2450,1062,16519,21958,18216],"class_list":["post-103384","post","type-post","status-publish","format-standard","has-post-thumbnail","hentry","category-politica","category-sociedad","tag-alejo-chornobroff","tag-animalistas","tag-avellaneda","tag-corrupcion","tag-denuncias","tag-diario-el-sindical","tag-jorge-ferraresi","tag-magdalena-sierra","tag-marcelo-rey","tag-monica-ghirelli"],"_links":{"self":[{"href":"https:\/\/www.elsindical.com.ar\/notas\/wp-json\/wp\/v2\/posts\/103384","targetHints":{"allow":["GET"]}}],"collection":[{"href":"https:\/\/www.elsindical.com.ar\/notas\/wp-json\/wp\/v2\/posts"}],"about":[{"href":"https:\/\/www.elsindical.com.ar\/notas\/wp-json\/wp\/v2\/types\/post"}],"author":[{"embeddable":true,"href":"https:\/\/www.elsindical.com.ar\/notas\/wp-json\/wp\/v2\/users\/1"}],"replies":[{"embeddable":true,"href":"https:\/\/www.elsindical.com.ar\/notas\/wp-json\/wp\/v2\/comments?post=103384"}],"version-history":[{"count":2,"href":"https:\/\/www.elsindical.com.ar\/notas\/wp-json\/wp\/v2\/posts\/103384\/revisions"}],"predecessor-version":[{"id":103387,"href":"https:\/\/www.elsindical.com.ar\/notas\/wp-json\/wp\/v2\/posts\/103384\/revisions\/103387"}],"wp:featuredmedia":[{"embeddable":true,"href":"https:\/\/www.elsindical.com.ar\/notas\/wp-json\/wp\/v2\/media\/103385"}],"wp:attachment":[{"href":"https:\/\/www.elsindical.com.ar\/notas\/wp-json\/wp\/v2\/media?parent=103384"}],"wp:term":[{"taxonomy":"category","embeddable":true,"href":"https:\/\/www.elsindical.com.ar\/notas\/wp-json\/wp\/v2\/categories?post=103384"},{"taxonomy":"post_tag","embeddable":true,"href":"https:\/\/www.elsindical.com.ar\/notas\/wp-json\/wp\/v2\/tags?post=103384"}],"curies":[{"name":"wp","href":"https:\/\/api.w.org\/{rel}","templated":true}]}}