{"id":103370,"date":"2021-03-21T13:48:52","date_gmt":"2021-03-21T16:48:52","guid":{"rendered":"https:\/\/www.elsindical.com.ar\/notas\/?p=103370"},"modified":"2021-03-21T13:48:53","modified_gmt":"2021-03-21T16:48:53","slug":"avellaneda-prefectura-detuvo-a-dos-delincuentes-por-tentativa-de-robo","status":"publish","type":"post","link":"https:\/\/www.elsindical.com.ar\/notas\/avellaneda-prefectura-detuvo-a-dos-delincuentes-por-tentativa-de-robo\/","title":{"rendered":"Avellaneda: Prefectura detuvo a dos delincuentes por tentativa de robo"},"content":{"rendered":"\n<figure class=\"wp-block-image size-large\"><a href=\"https:\/\/www.elsindical.com.ar\/notas\/var\/www\/html\/notas\/wp-content\/uploads\/2021\/03\/WhatsApp-Image-2021-03-21-at-13.37.16.jpeg\"><img loading=\"lazy\" decoding=\"async\" width=\"1024\" height=\"768\" src=\"https:\/\/www.elsindical.com.ar\/notas\/var\/www\/html\/notas\/wp-content\/uploads\/2021\/03\/WhatsApp-Image-2021-03-21-at-13.37.16-1024x768.jpeg\" alt=\"\" class=\"wp-image-103371\" srcset=\"https:\/\/www.elsindical.com.ar\/notas\/var\/www\/html\/notas\/wp-content\/uploads\/2021\/03\/WhatsApp-Image-2021-03-21-at-13.37.16-1024x768.jpeg 1024w, https:\/\/www.elsindical.com.ar\/notas\/var\/www\/html\/notas\/wp-content\/uploads\/2021\/03\/WhatsApp-Image-2021-03-21-at-13.37.16-300x225.jpeg 300w, https:\/\/www.elsindical.com.ar\/notas\/var\/www\/html\/notas\/wp-content\/uploads\/2021\/03\/WhatsApp-Image-2021-03-21-at-13.37.16-768x576.jpeg 768w, https:\/\/www.elsindical.com.ar\/notas\/var\/www\/html\/notas\/wp-content\/uploads\/2021\/03\/WhatsApp-Image-2021-03-21-at-13.37.16-400x300.jpeg 400w, https:\/\/www.elsindical.com.ar\/notas\/var\/www\/html\/notas\/wp-content\/uploads\/2021\/03\/WhatsApp-Image-2021-03-21-at-13.37.16.jpeg 1032w\" sizes=\"auto, (max-width: 1024px) 100vw, 1024px\" \/><\/a><\/figure>\n\n\n\n<p>PREFECTURA NAVAL ARGENTINA<br>OPERATIVO DE SEGURIDAD AVELLANEDA (OSAV) &#8211; 19\/MAR\/21 &#8211; 03:30 Hs.<\/p>\n\n\n\n<p>INTERVENCI\u00d3N POLICIAL &#8211; TENTATIVA DE ROBO<\/p>\n\n\n\n<p>En el marco del ODT &#8211; B\u00b0 CRUCECITA, trinomio apostado en sector 2 encontrandos\u00e9 de recorrida pedestre, observa sobre la calle Hern\u00e1n Cort\u00e9s entre Vicente L\u00f3pez y Av. Roca a dos masculinos intentando sustraer un autom\u00f3vil FIAT 147 (APR-925), por tal motivo se le da la voz de alto y se procede a reducir a los mismos utilizando la fuerza m\u00ednima y necesaria. Identificados resultaron ser Alfredo Fabi\u00e1n F. (ARG-37), quien entre sus prendas pose\u00eda un cuchillo tipo cocinero y Alexis Gabriel S. (ARG-29), quien tenia en su poder un cuchillo serrucho, ambos SiFCoP S\/N.<\/p>\n\n\n\n<p>En cuanto al veh\u00edculo el mismo se encontraba con la puerta del conductor violentada, SiFCoP S\/N.<\/p>\n\n\n\n<p>Interviene UFI N\u00b0 3, a\/c Dra. Solange C\u00c1CERES quien ordena DETENCI\u00d3N de ambos masculinos, secuestro de las armas blancas, entrega del rodado a su propietario Miguel \u00c1ngel R. (ARG-55) SiFCoP S\/N, quien se hizo presente con documentaci\u00f3n correspondiente y actuaciones de rigor en Comisar\u00eda 1ra PPBA. por TENTATIVA DE ROBO.<\/p>\n\n\n\n<figure class=\"wp-block-gallery columns-1 is-cropped wp-block-gallery-1 is-layout-flex wp-block-gallery-is-layout-flex\"><ul class=\"blocks-gallery-grid\"><li class=\"blocks-gallery-item\"><figure><a href=\"https:\/\/www.elsindical.com.ar\/notas\/var\/www\/html\/notas\/wp-content\/uploads\/2021\/03\/WhatsApp-Image-2021-03-21-at-13.37.152.jpeg\"><img loading=\"lazy\" decoding=\"async\" width=\"768\" height=\"1024\" src=\"https:\/\/www.elsindical.com.ar\/notas\/var\/www\/html\/notas\/wp-content\/uploads\/2021\/03\/WhatsApp-Image-2021-03-21-at-13.37.152-768x1024.jpeg\" alt=\"\" data-id=\"103372\" data-full-url=\"https:\/\/www.elsindical.com.ar\/notas\/var\/www\/html\/notas\/wp-content\/uploads\/2021\/03\/WhatsApp-Image-2021-03-21-at-13.37.152.jpeg\" data-link=\"https:\/\/www.elsindical.com.ar\/notas\/?attachment_id=103372#main\" class=\"wp-image-103372\" srcset=\"https:\/\/www.elsindical.com.ar\/notas\/var\/www\/html\/notas\/wp-content\/uploads\/2021\/03\/WhatsApp-Image-2021-03-21-at-13.37.152-768x1024.jpeg 768w, https:\/\/www.elsindical.com.ar\/notas\/var\/www\/html\/notas\/wp-content\/uploads\/2021\/03\/WhatsApp-Image-2021-03-21-at-13.37.152-225x300.jpeg 225w, https:\/\/www.elsindical.com.ar\/notas\/var\/www\/html\/notas\/wp-content\/uploads\/2021\/03\/WhatsApp-Image-2021-03-21-at-13.37.152.jpeg 774w\" sizes=\"auto, (max-width: 768px) 100vw, 768px\" \/><\/a><\/figure><\/li><li class=\"blocks-gallery-item\"><figure><a href=\"https:\/\/www.elsindical.com.ar\/notas\/var\/www\/html\/notas\/wp-content\/uploads\/2021\/03\/WhatsApp-Image-2021-03-21-at-13.37.151.jpeg\"><img loading=\"lazy\" decoding=\"async\" width=\"553\" height=\"740\" src=\"https:\/\/www.elsindical.com.ar\/notas\/var\/www\/html\/notas\/wp-content\/uploads\/2021\/03\/WhatsApp-Image-2021-03-21-at-13.37.151.jpeg\" alt=\"\" data-id=\"103373\" data-full-url=\"https:\/\/www.elsindical.com.ar\/notas\/var\/www\/html\/notas\/wp-content\/uploads\/2021\/03\/WhatsApp-Image-2021-03-21-at-13.37.151.jpeg\" data-link=\"https:\/\/www.elsindical.com.ar\/notas\/?attachment_id=103373#main\" class=\"wp-image-103373\" srcset=\"https:\/\/www.elsindical.com.ar\/notas\/var\/www\/html\/notas\/wp-content\/uploads\/2021\/03\/WhatsApp-Image-2021-03-21-at-13.37.151.jpeg 553w, https:\/\/www.elsindical.com.ar\/notas\/var\/www\/html\/notas\/wp-content\/uploads\/2021\/03\/WhatsApp-Image-2021-03-21-at-13.37.151-224x300.jpeg 224w\" sizes=\"auto, (max-width: 553px) 100vw, 553px\" \/><\/a><\/figure><\/li><li class=\"blocks-gallery-item\"><figure><a href=\"https:\/\/www.elsindical.com.ar\/notas\/var\/www\/html\/notas\/wp-content\/uploads\/2021\/03\/WhatsApp-Image-2021-03-21-at-13.37.15.jpeg\"><img loading=\"lazy\" decoding=\"async\" width=\"1024\" height=\"768\" src=\"https:\/\/www.elsindical.com.ar\/notas\/var\/www\/html\/notas\/wp-content\/uploads\/2021\/03\/WhatsApp-Image-2021-03-21-at-13.37.15-1024x768.jpeg\" alt=\"\" data-id=\"103374\" data-full-url=\"https:\/\/www.elsindical.com.ar\/notas\/var\/www\/html\/notas\/wp-content\/uploads\/2021\/03\/WhatsApp-Image-2021-03-21-at-13.37.15.jpeg\" data-link=\"https:\/\/www.elsindical.com.ar\/notas\/?attachment_id=103374#main\" class=\"wp-image-103374\" srcset=\"https:\/\/www.elsindical.com.ar\/notas\/var\/www\/html\/notas\/wp-content\/uploads\/2021\/03\/WhatsApp-Image-2021-03-21-at-13.37.15-1024x768.jpeg 1024w, https:\/\/www.elsindical.com.ar\/notas\/var\/www\/html\/notas\/wp-content\/uploads\/2021\/03\/WhatsApp-Image-2021-03-21-at-13.37.15-300x225.jpeg 300w, https:\/\/www.elsindical.com.ar\/notas\/var\/www\/html\/notas\/wp-content\/uploads\/2021\/03\/WhatsApp-Image-2021-03-21-at-13.37.15-768x576.jpeg 768w, https:\/\/www.elsindical.com.ar\/notas\/var\/www\/html\/notas\/wp-content\/uploads\/2021\/03\/WhatsApp-Image-2021-03-21-at-13.37.15-400x300.jpeg 400w, https:\/\/www.elsindical.com.ar\/notas\/var\/www\/html\/notas\/wp-content\/uploads\/2021\/03\/WhatsApp-Image-2021-03-21-at-13.37.15.jpeg 1032w\" sizes=\"auto, (max-width: 1024px) 100vw, 1024px\" \/><\/a><\/figure><\/li><\/ul><\/figure>\n","protected":false},"excerpt":{"rendered":"<p>PREFECTURA NAVAL ARGENTINAOPERATIVO DE SEGURIDAD AVELLANEDA (OSAV) &#8211; 19\/MAR\/21 &#8211; 03:30 Hs. INTERVENCI\u00d3N POLICIAL &#8211; TENTATIVA DE ROBO En el marco del ODT &#8211; B\u00b0 CRUCECITA, trinomio apostado en sector 2 encontrandos\u00e9 de recorrida pedestre, observa sobre la calle Hern\u00e1n Cort\u00e9s entre Vicente L\u00f3pez y Av. Roca a dos masculinos intentando sustraer un autom\u00f3vil FIAT&hellip;<\/p>\n","protected":false},"author":1,"featured_media":103371,"comment_status":"open","ping_status":"open","sticky":false,"template":"","format":"standard","meta":{"footnotes":""},"categories":[22],"tags":[461,2450,34405,1526,2330,23837],"class_list":["post-103370","post","type-post","status-publish","format-standard","has-post-thumbnail","hentry","category-policiales","tag-avellaneda","tag-diario-el-sindical","tag-osav","tag-prefectura-naval-argentina","tag-sarandi","tag-tentativa-de-robo"],"_links":{"self":[{"href":"https:\/\/www.elsindical.com.ar\/notas\/wp-json\/wp\/v2\/posts\/103370","targetHints":{"allow":["GET"]}}],"collection":[{"href":"https:\/\/www.elsindical.com.ar\/notas\/wp-json\/wp\/v2\/posts"}],"about":[{"href":"https:\/\/www.elsindical.com.ar\/notas\/wp-json\/wp\/v2\/types\/post"}],"author":[{"embeddable":true,"href":"https:\/\/www.elsindical.com.ar\/notas\/wp-json\/wp\/v2\/users\/1"}],"replies":[{"embeddable":true,"href":"https:\/\/www.elsindical.com.ar\/notas\/wp-json\/wp\/v2\/comments?post=103370"}],"version-history":[{"count":1,"href":"https:\/\/www.elsindical.com.ar\/notas\/wp-json\/wp\/v2\/posts\/103370\/revisions"}],"predecessor-version":[{"id":103375,"href":"https:\/\/www.elsindical.com.ar\/notas\/wp-json\/wp\/v2\/posts\/103370\/revisions\/103375"}],"wp:featuredmedia":[{"embeddable":true,"href":"https:\/\/www.elsindical.com.ar\/notas\/wp-json\/wp\/v2\/media\/103371"}],"wp:attachment":[{"href":"https:\/\/www.elsindical.com.ar\/notas\/wp-json\/wp\/v2\/media?parent=103370"}],"wp:term":[{"taxonomy":"category","embeddable":true,"href":"https:\/\/www.elsindical.com.ar\/notas\/wp-json\/wp\/v2\/categories?post=103370"},{"taxonomy":"post_tag","embeddable":true,"href":"https:\/\/www.elsindical.com.ar\/notas\/wp-json\/wp\/v2\/tags?post=103370"}],"curies":[{"name":"wp","href":"https:\/\/api.w.org\/{rel}","templated":true}]}}