{"id":103365,"date":"2021-03-21T13:41:16","date_gmt":"2021-03-21T16:41:16","guid":{"rendered":"https:\/\/www.elsindical.com.ar\/notas\/?p=103365"},"modified":"2021-03-21T13:43:00","modified_gmt":"2021-03-21T16:43:00","slug":"la-facultad-de-sociales-de-la-uba-lanza-diplomaturas-de-formacion-sindical","status":"publish","type":"post","link":"https:\/\/www.elsindical.com.ar\/notas\/la-facultad-de-sociales-de-la-uba-lanza-diplomaturas-de-formacion-sindical\/","title":{"rendered":"La Facultad de Sociales de la UBA lanza diplomaturas de formaci\u00f3n sindical"},"content":{"rendered":"\n<figure class=\"wp-block-image size-large\"><a href=\"https:\/\/www.elsindical.com.ar\/notas\/var\/www\/html\/notas\/wp-content\/uploads\/2021\/03\/Imagen-Diplomaturas.jpg\"><img loading=\"lazy\" decoding=\"async\" width=\"1024\" height=\"1024\" src=\"https:\/\/www.elsindical.com.ar\/notas\/var\/www\/html\/notas\/wp-content\/uploads\/2021\/03\/Imagen-Diplomaturas-1024x1024.jpg\" alt=\"\" class=\"wp-image-103366\" srcset=\"https:\/\/www.elsindical.com.ar\/notas\/var\/www\/html\/notas\/wp-content\/uploads\/2021\/03\/Imagen-Diplomaturas-1024x1024.jpg 1024w, https:\/\/www.elsindical.com.ar\/notas\/var\/www\/html\/notas\/wp-content\/uploads\/2021\/03\/Imagen-Diplomaturas-300x300.jpg 300w, https:\/\/www.elsindical.com.ar\/notas\/var\/www\/html\/notas\/wp-content\/uploads\/2021\/03\/Imagen-Diplomaturas-150x150.jpg 150w, https:\/\/www.elsindical.com.ar\/notas\/var\/www\/html\/notas\/wp-content\/uploads\/2021\/03\/Imagen-Diplomaturas-768x768.jpg 768w, https:\/\/www.elsindical.com.ar\/notas\/var\/www\/html\/notas\/wp-content\/uploads\/2021\/03\/Imagen-Diplomaturas-50x50.jpg 50w, https:\/\/www.elsindical.com.ar\/notas\/var\/www\/html\/notas\/wp-content\/uploads\/2021\/03\/Imagen-Diplomaturas.jpg 1200w\" sizes=\"auto, (max-width: 1024px) 100vw, 1024px\" \/><\/a><\/figure>\n\n\n\n<p>La Carrera de Relaciones de Trabajo, la Secretar\u00eda de Extensi\u00f3n y el Concejo Asesor Sindical de la Facultad de Ciencias Sociales de la Universidad de Buenos Aires lanzan dos novedosas diplomaturas para sindicalistas: \u00abDiplomatura&nbsp; en Formaci\u00f3n Sindical\u00bb&nbsp; y \u00abDiplomatura en Herramientas para la Gesti\u00f3n Sindical\u00bb. Se estrecha as\u00ed el v\u00ednculo de la UBA con el movimiento obrero aportando capacidades de conducci\u00f3n, negociaci\u00f3n, liderazgo y comunicaci\u00f3n. Charla informativa: lunes 22\/3 10 hs, consultas: <a href=\"mailto:diplomaturas@sociales.uba.ar\">diplomaturas@sociales.uba.ar<\/a><\/p>\n\n\n\n<p>Se trabajar\u00e1 a partir de las experiencias y saberes de los y las cursantes y se brindar\u00e1n herramientas para enriquecer el desempe\u00f1o de directivos, directivas, militantes, delegados y delegadas sindicales en sus lugares de militancia en temas de negociaci\u00f3n colectiva, paritarias, representaci\u00f3n de afiliados y afiliadas, estrategias de organizaci\u00f3n sindical, entre otros. Las cursadas duran siete meses con encuentros virtuales los lunes (10:00 a 12:00 Formaci\u00f3n Sindical, 15.00 a 17.00 Herramientas) y trabajos finales integradores.&nbsp; M\u00e1s info: <a href=\"http:\/\/www.sociales.uba.ar\/diplomaturas\/formacion-sindical\/\" target=\"_blank\" rel=\"noreferrer noopener\">www.sociales.uba.ar\/diplomaturas\/formacion-sindical<\/a> &nbsp;<a href=\"http:\/\/www.sociales.uba.ar\/diplomaturas\/gestionsindical\/\" target=\"_blank\" rel=\"noreferrer noopener\">www.sociales.uba.ar\/diplomaturas\/gestionsindical<\/a><\/p>\n\n\n\n<p>\u00abLanzamos estas diplomaturas ya que estamos convencidos de que es necesario profundizar la articulaci\u00f3n entre la universidad y los trabajadores y trabajadoras organizados. La universidad tiene mucho para aportar al movimiento sindical a la vez que los gremios tienen muchos saberes pr\u00e1cticas y experiencias que pueden sistematizar y mejorar, a la vez que brindar tambi\u00e9n al mundo acad\u00e9mico\u00bb, expres\u00f3 el coordinador acad\u00e9mico, Luis Roa.<\/p>\n\n\n\n<p>El equipo docente est\u00e1 conformado por Mar\u00eda Eva Ubaldini, Ludmila Fredes, Luis Raffaghelli, Christian Dodaro, Juan Amestoy, Cecilia Anigstein, Elisa Epstein, Mariana Facio, Eva Rios, Ornella Risso, Emiliano Suarez, Pablo Lombardi,Mauro Campilongo, Alejandro Candia, D\u00e9bora Spinola y Dina Perla Feller; y Luis Roa es el coordinador acad\u00e9mico.<\/p>\n\n\n\n<p><strong><a href=\"https:\/\/www.elsindical.com.ar\/notas\/var\/www\/html\/notas\/wp-content\/uploads\/2021\/03\/Programa-Diplomatura-Herramientas-para-la-Gestion-Sindical-2021-vfinal.docx.pdf\">Programa<\/a><\/strong><\/p>\n","protected":false},"excerpt":{"rendered":"<p>La Carrera de Relaciones de Trabajo, la Secretar\u00eda de Extensi\u00f3n y el Concejo Asesor Sindical de la Facultad de Ciencias Sociales de la Universidad de Buenos Aires lanzan dos novedosas diplomaturas para sindicalistas: \u00abDiplomatura&nbsp; en Formaci\u00f3n Sindical\u00bb&nbsp; y \u00abDiplomatura en Herramientas para la Gesti\u00f3n Sindical\u00bb. Se estrecha as\u00ed el v\u00ednculo de la UBA con el&hellip;<\/p>\n","protected":false},"author":1,"featured_media":103366,"comment_status":"open","ping_status":"open","sticky":false,"template":"","format":"standard","meta":{"footnotes":""},"categories":[3],"tags":[2450,34404,34403,1885],"class_list":["post-103365","post","type-post","status-publish","format-standard","has-post-thumbnail","hentry","category-capacitacion","tag-diario-el-sindical","tag-diplomatura-en-formacion-sindical","tag-relaciones-de-trabajo","tag-uba"],"_links":{"self":[{"href":"https:\/\/www.elsindical.com.ar\/notas\/wp-json\/wp\/v2\/posts\/103365","targetHints":{"allow":["GET"]}}],"collection":[{"href":"https:\/\/www.elsindical.com.ar\/notas\/wp-json\/wp\/v2\/posts"}],"about":[{"href":"https:\/\/www.elsindical.com.ar\/notas\/wp-json\/wp\/v2\/types\/post"}],"author":[{"embeddable":true,"href":"https:\/\/www.elsindical.com.ar\/notas\/wp-json\/wp\/v2\/users\/1"}],"replies":[{"embeddable":true,"href":"https:\/\/www.elsindical.com.ar\/notas\/wp-json\/wp\/v2\/comments?post=103365"}],"version-history":[{"count":2,"href":"https:\/\/www.elsindical.com.ar\/notas\/wp-json\/wp\/v2\/posts\/103365\/revisions"}],"predecessor-version":[{"id":103369,"href":"https:\/\/www.elsindical.com.ar\/notas\/wp-json\/wp\/v2\/posts\/103365\/revisions\/103369"}],"wp:featuredmedia":[{"embeddable":true,"href":"https:\/\/www.elsindical.com.ar\/notas\/wp-json\/wp\/v2\/media\/103366"}],"wp:attachment":[{"href":"https:\/\/www.elsindical.com.ar\/notas\/wp-json\/wp\/v2\/media?parent=103365"}],"wp:term":[{"taxonomy":"category","embeddable":true,"href":"https:\/\/www.elsindical.com.ar\/notas\/wp-json\/wp\/v2\/categories?post=103365"},{"taxonomy":"post_tag","embeddable":true,"href":"https:\/\/www.elsindical.com.ar\/notas\/wp-json\/wp\/v2\/tags?post=103365"}],"curies":[{"name":"wp","href":"https:\/\/api.w.org\/{rel}","templated":true}]}}