{"id":103332,"date":"2021-03-20T09:31:55","date_gmt":"2021-03-20T12:31:55","guid":{"rendered":"https:\/\/www.elsindical.com.ar\/notas\/?p=103332"},"modified":"2021-03-20T09:31:55","modified_gmt":"2021-03-20T12:31:55","slug":"fallecio-el-defensor-ante-el-tribunal-de-casacion-bonaerense-mario-coriolano","status":"publish","type":"post","link":"https:\/\/www.elsindical.com.ar\/notas\/fallecio-el-defensor-ante-el-tribunal-de-casacion-bonaerense-mario-coriolano\/","title":{"rendered":"Falleci\u00f3 el defensor ante el Tribunal de Casaci\u00f3n bonaerense, Mario Coriolano"},"content":{"rendered":"\n<div class=\"wp-block-image\"><figure class=\"aligncenter size-large is-resized\"><a href=\"https:\/\/www.elsindical.com.ar\/notas\/var\/www\/html\/notas\/wp-content\/uploads\/2021\/03\/Mario-Coriolano.jpg\"><img loading=\"lazy\" decoding=\"async\" src=\"https:\/\/www.elsindical.com.ar\/notas\/var\/www\/html\/notas\/wp-content\/uploads\/2021\/03\/Mario-Coriolano.jpg\" alt=\"\" class=\"wp-image-103333\" width=\"795\" height=\"530\" srcset=\"https:\/\/www.elsindical.com.ar\/notas\/var\/www\/html\/notas\/wp-content\/uploads\/2021\/03\/Mario-Coriolano.jpg 700w, https:\/\/www.elsindical.com.ar\/notas\/var\/www\/html\/notas\/wp-content\/uploads\/2021\/03\/Mario-Coriolano-300x200.jpg 300w, https:\/\/www.elsindical.com.ar\/notas\/var\/www\/html\/notas\/wp-content\/uploads\/2021\/03\/Mario-Coriolano-450x300.jpg 450w\" sizes=\"auto, (max-width: 795px) 100vw, 795px\" \/><\/a><\/figure><\/div>\n\n\n\n<p>El Defensor del Tribunal de Casaci\u00f3n de la provincia de Buenos Aires e integrante Subcomit\u00e9 de Prevenci\u00f3n de la Tortura de Naciones Unidas falleci\u00f3 este viernes tras permanecer internado por un problema de salud.<\/p>\n\n\n\n<p>Allegados a su familia precisaron que Coriolano hab\u00eda sido internado en el Hospital El Cruce de Florencio Varela por un problema de salud que se agrav\u00f3 y hoy le provoc\u00f3 la muerte.<\/p>\n\n\n\n<p>Mario Coriolano era Defensor del Tribunal de Casaci\u00f3n de la Provincia de Buenos Aires y profesor de Derecho Penal y Derecho Procesal en la Universidad Nacional de la Plata.<\/p>\n\n\n\n<p>Integr\u00f3 el Subcomit\u00e9 para la Prevenci\u00f3n de la Tortura por dos t\u00e9rminos en el pasado y tambi\u00e9n fue su vicepresidente electo durante un plazo de dos a\u00f1os.<\/p>\n\n\n\n<p>Asimismo, ten\u00eda una vasta carrera en el Sistema de Naciones Unidas, donde fue tambi\u00e9n Presidente del Comit\u00e9 Asesor del Consejo de Derechos Humanos.<\/p>\n\n\n\n<p>En octubre de 2020 fue propuesto por Argentina para integrar el Subcomit\u00e9 para la Prevenci\u00f3n de la Tortura en el marco de su pol\u00edtica exterior en materia de Derechos Humanos.<\/p>\n","protected":false},"excerpt":{"rendered":"<p>El Defensor del Tribunal de Casaci\u00f3n de la provincia de Buenos Aires e integrante Subcomit\u00e9 de Prevenci\u00f3n de la Tortura de Naciones Unidas falleci\u00f3 este viernes tras permanecer internado por un problema de salud. Allegados a su familia precisaron que Coriolano hab\u00eda sido internado en el Hospital El Cruce de Florencio Varela por un problema&hellip;<\/p>\n","protected":false},"author":1,"featured_media":103333,"comment_status":"open","ping_status":"open","sticky":false,"template":"","format":"standard","meta":{"footnotes":""},"categories":[24],"tags":[29547,34397,2450,20308],"class_list":["post-103332","post","type-post","status-publish","format-standard","has-post-thumbnail","hentry","category-sociales","tag-casacion-penal-bonaerense","tag-defensor-general-penal","tag-diario-el-sindical","tag-mario-coriolano"],"_links":{"self":[{"href":"https:\/\/www.elsindical.com.ar\/notas\/wp-json\/wp\/v2\/posts\/103332","targetHints":{"allow":["GET"]}}],"collection":[{"href":"https:\/\/www.elsindical.com.ar\/notas\/wp-json\/wp\/v2\/posts"}],"about":[{"href":"https:\/\/www.elsindical.com.ar\/notas\/wp-json\/wp\/v2\/types\/post"}],"author":[{"embeddable":true,"href":"https:\/\/www.elsindical.com.ar\/notas\/wp-json\/wp\/v2\/users\/1"}],"replies":[{"embeddable":true,"href":"https:\/\/www.elsindical.com.ar\/notas\/wp-json\/wp\/v2\/comments?post=103332"}],"version-history":[{"count":1,"href":"https:\/\/www.elsindical.com.ar\/notas\/wp-json\/wp\/v2\/posts\/103332\/revisions"}],"predecessor-version":[{"id":103334,"href":"https:\/\/www.elsindical.com.ar\/notas\/wp-json\/wp\/v2\/posts\/103332\/revisions\/103334"}],"wp:featuredmedia":[{"embeddable":true,"href":"https:\/\/www.elsindical.com.ar\/notas\/wp-json\/wp\/v2\/media\/103333"}],"wp:attachment":[{"href":"https:\/\/www.elsindical.com.ar\/notas\/wp-json\/wp\/v2\/media?parent=103332"}],"wp:term":[{"taxonomy":"category","embeddable":true,"href":"https:\/\/www.elsindical.com.ar\/notas\/wp-json\/wp\/v2\/categories?post=103332"},{"taxonomy":"post_tag","embeddable":true,"href":"https:\/\/www.elsindical.com.ar\/notas\/wp-json\/wp\/v2\/tags?post=103332"}],"curies":[{"name":"wp","href":"https:\/\/api.w.org\/{rel}","templated":true}]}}