{"id":103301,"date":"2021-03-19T09:24:02","date_gmt":"2021-03-19T12:24:02","guid":{"rendered":"https:\/\/www.elsindical.com.ar\/notas\/?p=103301"},"modified":"2021-03-19T09:24:03","modified_gmt":"2021-03-19T12:24:03","slug":"monte-grande-buscan-a-una-joven-que-desaparecio-hace-una-semana","status":"publish","type":"post","link":"https:\/\/www.elsindical.com.ar\/notas\/monte-grande-buscan-a-una-joven-que-desaparecio-hace-una-semana\/","title":{"rendered":"Monte Grande: Buscan a una joven que desapareci\u00f3 hace una semana"},"content":{"rendered":"\n<div class=\"wp-block-image\"><figure class=\"aligncenter size-large\"><a href=\"https:\/\/www.elsindical.com.ar\/notas\/var\/www\/html\/notas\/wp-content\/uploads\/2021\/03\/Brenda-Vallejos.jpeg\"><img loading=\"lazy\" decoding=\"async\" width=\"711\" height=\"562\" src=\"https:\/\/www.elsindical.com.ar\/notas\/var\/www\/html\/notas\/wp-content\/uploads\/2021\/03\/Brenda-Vallejos.jpeg\" alt=\"\" class=\"wp-image-103302\" srcset=\"https:\/\/www.elsindical.com.ar\/notas\/var\/www\/html\/notas\/wp-content\/uploads\/2021\/03\/Brenda-Vallejos.jpeg 711w, https:\/\/www.elsindical.com.ar\/notas\/var\/www\/html\/notas\/wp-content\/uploads\/2021\/03\/Brenda-Vallejos-300x237.jpeg 300w, https:\/\/www.elsindical.com.ar\/notas\/var\/www\/html\/notas\/wp-content\/uploads\/2021\/03\/Brenda-Vallejos-380x300.jpeg 380w\" sizes=\"auto, (max-width: 711px) 100vw, 711px\" \/><\/a><\/figure><\/div>\n\n\n\n<p>Buscan a una joven de 19 a\u00f1os que desapareci\u00f3 de su casa en Monte Grande hace una semana. Brenda Vallejos sali\u00f3 del domicilio de su familia, se subi\u00f3 a un colectivo y no contesta el celular desde entonces. Para aportar cualquier informaci\u00f3n hay que comunicarse al <strong>11 3564-8546<\/strong><\/p>\n\n\n\n<p>Brisa, la hermana de Brenda, asegur\u00f3 que \u201cnunca se hab\u00eda ido as\u00ed\u201d y temen que algo le haya ocurrido. \u201cHace cuatro d\u00edas no se sabe nada de ella, nuestra familia tampoco sabe nada y sus amigos tampoco saben d\u00f3nde puede estar. Estamos demasiado preocupados\u201d, relat\u00f3 Brisa.\u00a0<\/p>\n\n\n\n<p>Brenda mide 1,60, estaba con unas zapatillas blancas, un jean azul oscuro, una colita de pelo, remera negra, campera negra Adidas y una mochila roja. Se desconoce su paradero desde el 12 de marzo luego de que Brisa la acompa\u00f1\u00f3 a la parada del colectivo.&nbsp;<\/p>\n\n\n\n<p>\u201cLa acompa\u00f1\u00e9 a la parada, se hab\u00eda peleado con el ex novio que vive enfrente a esa parada. Ella se subi\u00f3 al colectivo, me fui para mi casa y desde ah\u00ed no sabemos nada\u201d, explic\u00f3 la hermana de la joven.&nbsp;<\/p>\n\n\n\n<p>Brenda vive con una amiga en Monte Grande que tampoco conoce su paradero y se intent\u00f3 comunicar en varias ocasiones a su celular sin \u00e9xito. Seg\u00fan lo relatado, alguien borr\u00f3 las fotos de las redes sociales que ten\u00eda la joven y no responden los mensajes.&nbsp;<\/p>\n\n\n\n<p>En este sentido, la familia de la joven expres\u00f3 su preocupaci\u00f3n pero asegur\u00f3 que desconoce si se trata de un robo, un secuestro u otro tipo de situaci\u00f3n. \u201cMe dijo que se iba a lo de una amiga cuando se subi\u00f3 al colectivo pero despu\u00e9s de eso nunca se comunic\u00f3. Su foto de perfil ya no la tiene m\u00e1s, no le llegan los mensajes y las llamadas. No sospechamos nada todav\u00eda pero no aparece, nadie la vio\u201d, manifest\u00f3 Brisa.<\/p>\n\n\n\n<p>La familia hizo la denuncia al confirmar que nadie de su c\u00edrculo cercano conoc\u00eda su paradero. Por el momento comentaron que la Polic\u00eda asegur\u00f3 estar busc\u00e1ndola pero \u201cdesconocen que est\u00e1n haciendo\u201d.&nbsp;<\/p>\n\n\n\n<p>\u201cSabemos que tuvo un conflicto con el ex novio y \u00e9l dice que no sabe nada, que la est\u00e1 buscando. Fuimos a la polic\u00eda a hacer la denuncia y esperamos que la encuentren, estamos esperando alguna informaci\u00f3n o si cuando la vieron estaba con alguien\u201d, relat\u00f3 la hermana de la joven.<\/p>\n","protected":false},"excerpt":{"rendered":"<p>Buscan a una joven de 19 a\u00f1os que desapareci\u00f3 de su casa en Monte Grande hace una semana. Brenda Vallejos sali\u00f3 del domicilio de su familia, se subi\u00f3 a un colectivo y no contesta el celular desde entonces. Para aportar cualquier informaci\u00f3n hay que comunicarse al 11 3564-8546 Brisa, la hermana de Brenda, asegur\u00f3 que&hellip;<\/p>\n","protected":false},"author":1,"featured_media":103302,"comment_status":"open","ping_status":"open","sticky":false,"template":"","format":"standard","meta":{"footnotes":""},"categories":[26],"tags":[34389,973,2450,323,1681],"class_list":["post-103301","post","type-post","status-publish","format-standard","has-post-thumbnail","hentry","category-solidaridad","tag-brena-vallejos","tag-desaparecida","tag-diario-el-sindical","tag-joven","tag-monte-grande"],"_links":{"self":[{"href":"https:\/\/www.elsindical.com.ar\/notas\/wp-json\/wp\/v2\/posts\/103301","targetHints":{"allow":["GET"]}}],"collection":[{"href":"https:\/\/www.elsindical.com.ar\/notas\/wp-json\/wp\/v2\/posts"}],"about":[{"href":"https:\/\/www.elsindical.com.ar\/notas\/wp-json\/wp\/v2\/types\/post"}],"author":[{"embeddable":true,"href":"https:\/\/www.elsindical.com.ar\/notas\/wp-json\/wp\/v2\/users\/1"}],"replies":[{"embeddable":true,"href":"https:\/\/www.elsindical.com.ar\/notas\/wp-json\/wp\/v2\/comments?post=103301"}],"version-history":[{"count":1,"href":"https:\/\/www.elsindical.com.ar\/notas\/wp-json\/wp\/v2\/posts\/103301\/revisions"}],"predecessor-version":[{"id":103303,"href":"https:\/\/www.elsindical.com.ar\/notas\/wp-json\/wp\/v2\/posts\/103301\/revisions\/103303"}],"wp:featuredmedia":[{"embeddable":true,"href":"https:\/\/www.elsindical.com.ar\/notas\/wp-json\/wp\/v2\/media\/103302"}],"wp:attachment":[{"href":"https:\/\/www.elsindical.com.ar\/notas\/wp-json\/wp\/v2\/media?parent=103301"}],"wp:term":[{"taxonomy":"category","embeddable":true,"href":"https:\/\/www.elsindical.com.ar\/notas\/wp-json\/wp\/v2\/categories?post=103301"},{"taxonomy":"post_tag","embeddable":true,"href":"https:\/\/www.elsindical.com.ar\/notas\/wp-json\/wp\/v2\/tags?post=103301"}],"curies":[{"name":"wp","href":"https:\/\/api.w.org\/{rel}","templated":true}]}}