{"id":103220,"date":"2021-03-15T13:38:51","date_gmt":"2021-03-15T16:38:51","guid":{"rendered":"https:\/\/www.elsindical.com.ar\/notas\/?p=103220"},"modified":"2021-03-15T13:38:51","modified_gmt":"2021-03-15T16:38:51","slug":"lomas-de-zamora-la-fuerza-de-respuesta-inmediata-de-la-pfa-detuvo-a-3-delincuentes","status":"publish","type":"post","link":"https:\/\/www.elsindical.com.ar\/notas\/lomas-de-zamora-la-fuerza-de-respuesta-inmediata-de-la-pfa-detuvo-a-3-delincuentes\/","title":{"rendered":"Lomas de Zamora: La Fuerza de Respuesta Inmediata de la PFA, detuvo a 3 delincuentes"},"content":{"rendered":"\n<div class=\"wp-block-image\"><figure class=\"aligncenter size-large\"><a href=\"https:\/\/www.elsindical.com.ar\/notas\/var\/www\/html\/notas\/wp-content\/uploads\/2021\/03\/WhatsApp-Image-2021-03-15-at-13.34.43.jpeg\"><img loading=\"lazy\" decoding=\"async\" width=\"768\" height=\"1024\" src=\"https:\/\/www.elsindical.com.ar\/notas\/var\/www\/html\/notas\/wp-content\/uploads\/2021\/03\/WhatsApp-Image-2021-03-15-at-13.34.43-768x1024.jpeg\" alt=\"\" class=\"wp-image-103221\" srcset=\"https:\/\/www.elsindical.com.ar\/notas\/var\/www\/html\/notas\/wp-content\/uploads\/2021\/03\/WhatsApp-Image-2021-03-15-at-13.34.43-768x1024.jpeg 768w, https:\/\/www.elsindical.com.ar\/notas\/var\/www\/html\/notas\/wp-content\/uploads\/2021\/03\/WhatsApp-Image-2021-03-15-at-13.34.43-225x300.jpeg 225w, https:\/\/www.elsindical.com.ar\/notas\/var\/www\/html\/notas\/wp-content\/uploads\/2021\/03\/WhatsApp-Image-2021-03-15-at-13.34.43.jpeg 960w\" sizes=\"auto, (max-width: 768px) 100vw, 768px\" \/><\/a><\/figure><\/div>\n\n\n\n<p class=\"wp-block-paragraph\">Agentes federales de la Fuerza de Respuesta Inmediata (F.R.I.), que tiene como principal objetivo prevenir y evitar el delito en las zonas del AMBA, detuvieron a tres hombres, cuando intentaban robar en una vivienda de Ingeniero Budge, Provincia de Buenos Aires.<\/p>\n\n\n\n<p class=\"wp-block-paragraph\">El hecho ocurri\u00f3 luego de que los efectivos fueran alertados por vecinos de la Localidad de Lomas de Zamora, que tres hombres a bordo de una camioneta de color blanco, estaban cometiendo robos a mano armada en la zona.<\/p>\n\n\n\n<p class=\"wp-block-paragraph\">El r\u00e1pido accionar de los efectivos federales que integran la \u201cFuerza de Respuesta Inmediata\u201d permiti\u00f3 dar con los delincuentes que se encontraban en el interior de una vivienda ubicada calle Espronceda al 2000. Al observar la presencia policial los cacos se dieron a la fuga por los techos comenzando una persecuci\u00f3n que termin\u00f3 con la detenci\u00f3n de 3 hombres a quienes se les secuestraron 3 armas de grueso calibre.<\/p>\n\n\n\n<p class=\"wp-block-paragraph\">Cabe destacar que la camioneta en la que se trasladaban ten\u00eda pedido de secuestro por robo en el Partido de la Matanza.<\/p>\n\n\n\n<p class=\"wp-block-paragraph\">Los detenidos junto con los elementos secuestrados quedaron a disposici\u00f3n de la UFI Nro 3 de Lomas de Zamora a cargo del Dr Lorenzo Latorre<\/p>\n\n\n\n<figure class=\"wp-block-gallery columns-2 is-cropped wp-block-gallery-1 is-layout-flex wp-block-gallery-is-layout-flex\"><ul class=\"blocks-gallery-grid\"><li class=\"blocks-gallery-item\"><figure><a href=\"https:\/\/www.elsindical.com.ar\/notas\/var\/www\/html\/notas\/wp-content\/uploads\/2021\/03\/WhatsApp-Image-2021-03-15-at-13.34.44.jpeg\"><img loading=\"lazy\" decoding=\"async\" width=\"576\" height=\"1024\" src=\"https:\/\/www.elsindical.com.ar\/notas\/var\/www\/html\/notas\/wp-content\/uploads\/2021\/03\/WhatsApp-Image-2021-03-15-at-13.34.44-576x1024.jpeg\" alt=\"\" data-id=\"103222\" data-full-url=\"https:\/\/www.elsindical.com.ar\/notas\/var\/www\/html\/notas\/wp-content\/uploads\/2021\/03\/WhatsApp-Image-2021-03-15-at-13.34.44.jpeg\" data-link=\"https:\/\/www.elsindical.com.ar\/notas\/?attachment_id=103222#main\" class=\"wp-image-103222\" srcset=\"https:\/\/www.elsindical.com.ar\/notas\/var\/www\/html\/notas\/wp-content\/uploads\/2021\/03\/WhatsApp-Image-2021-03-15-at-13.34.44-576x1024.jpeg 576w, https:\/\/www.elsindical.com.ar\/notas\/var\/www\/html\/notas\/wp-content\/uploads\/2021\/03\/WhatsApp-Image-2021-03-15-at-13.34.44-169x300.jpeg 169w, https:\/\/www.elsindical.com.ar\/notas\/var\/www\/html\/notas\/wp-content\/uploads\/2021\/03\/WhatsApp-Image-2021-03-15-at-13.34.44.jpeg 720w\" sizes=\"auto, (max-width: 576px) 100vw, 576px\" \/><\/a><\/figure><\/li><li class=\"blocks-gallery-item\"><figure><a href=\"https:\/\/www.elsindical.com.ar\/notas\/var\/www\/html\/notas\/wp-content\/uploads\/2021\/03\/WhatsApp-Image-2021-03-15-at-13.34.431.jpeg\"><img loading=\"lazy\" decoding=\"async\" width=\"1024\" height=\"576\" src=\"https:\/\/www.elsindical.com.ar\/notas\/var\/www\/html\/notas\/wp-content\/uploads\/2021\/03\/WhatsApp-Image-2021-03-15-at-13.34.431-1024x576.jpeg\" alt=\"\" data-id=\"103223\" data-full-url=\"https:\/\/www.elsindical.com.ar\/notas\/var\/www\/html\/notas\/wp-content\/uploads\/2021\/03\/WhatsApp-Image-2021-03-15-at-13.34.431.jpeg\" data-link=\"https:\/\/www.elsindical.com.ar\/notas\/?attachment_id=103223#main\" class=\"wp-image-103223\" srcset=\"https:\/\/www.elsindical.com.ar\/notas\/var\/www\/html\/notas\/wp-content\/uploads\/2021\/03\/WhatsApp-Image-2021-03-15-at-13.34.431-1024x576.jpeg 1024w, https:\/\/www.elsindical.com.ar\/notas\/var\/www\/html\/notas\/wp-content\/uploads\/2021\/03\/WhatsApp-Image-2021-03-15-at-13.34.431-300x169.jpeg 300w, https:\/\/www.elsindical.com.ar\/notas\/var\/www\/html\/notas\/wp-content\/uploads\/2021\/03\/WhatsApp-Image-2021-03-15-at-13.34.431-768x432.jpeg 768w, https:\/\/www.elsindical.com.ar\/notas\/var\/www\/html\/notas\/wp-content\/uploads\/2021\/03\/WhatsApp-Image-2021-03-15-at-13.34.431-500x281.jpeg 500w, https:\/\/www.elsindical.com.ar\/notas\/var\/www\/html\/notas\/wp-content\/uploads\/2021\/03\/WhatsApp-Image-2021-03-15-at-13.34.431-460x260.jpeg 460w, https:\/\/www.elsindical.com.ar\/notas\/var\/www\/html\/notas\/wp-content\/uploads\/2021\/03\/WhatsApp-Image-2021-03-15-at-13.34.431.jpeg 1280w\" sizes=\"auto, (max-width: 1024px) 100vw, 1024px\" \/><\/a><\/figure><\/li><\/ul><\/figure>\n","protected":false},"excerpt":{"rendered":"<p>Agentes federales de la Fuerza de Respuesta Inmediata (F.R.I.), que tiene como principal objetivo prevenir y evitar el delito en las zonas del AMBA, detuvieron a tres hombres, cuando intentaban robar en una vivienda de Ingeniero Budge, Provincia de Buenos Aires. El hecho ocurri\u00f3 luego de que los efectivos fueran alertados por vecinos de la&hellip;<\/p>\n","protected":false},"author":1,"featured_media":103221,"comment_status":"open","ping_status":"open","sticky":false,"template":"","format":"standard","meta":{"footnotes":""},"categories":[22],"tags":[581,2450,34378,744,698],"class_list":["post-103220","post","type-post","status-publish","format-standard","has-post-thumbnail","hentry","category-policiales","tag-delincuentes","tag-diario-el-sindical","tag-fri","tag-lomas-de-zamora","tag-pfa"],"_links":{"self":[{"href":"https:\/\/www.elsindical.com.ar\/notas\/wp-json\/wp\/v2\/posts\/103220","targetHints":{"allow":["GET"]}}],"collection":[{"href":"https:\/\/www.elsindical.com.ar\/notas\/wp-json\/wp\/v2\/posts"}],"about":[{"href":"https:\/\/www.elsindical.com.ar\/notas\/wp-json\/wp\/v2\/types\/post"}],"author":[{"embeddable":true,"href":"https:\/\/www.elsindical.com.ar\/notas\/wp-json\/wp\/v2\/users\/1"}],"replies":[{"embeddable":true,"href":"https:\/\/www.elsindical.com.ar\/notas\/wp-json\/wp\/v2\/comments?post=103220"}],"version-history":[{"count":1,"href":"https:\/\/www.elsindical.com.ar\/notas\/wp-json\/wp\/v2\/posts\/103220\/revisions"}],"predecessor-version":[{"id":103224,"href":"https:\/\/www.elsindical.com.ar\/notas\/wp-json\/wp\/v2\/posts\/103220\/revisions\/103224"}],"wp:featuredmedia":[{"embeddable":true,"href":"https:\/\/www.elsindical.com.ar\/notas\/wp-json\/wp\/v2\/media\/103221"}],"wp:attachment":[{"href":"https:\/\/www.elsindical.com.ar\/notas\/wp-json\/wp\/v2\/media?parent=103220"}],"wp:term":[{"taxonomy":"category","embeddable":true,"href":"https:\/\/www.elsindical.com.ar\/notas\/wp-json\/wp\/v2\/categories?post=103220"},{"taxonomy":"post_tag","embeddable":true,"href":"https:\/\/www.elsindical.com.ar\/notas\/wp-json\/wp\/v2\/tags?post=103220"}],"curies":[{"name":"wp","href":"https:\/\/api.w.org\/{rel}","templated":true}]}}