{"id":1032,"date":"2009-10-14T00:23:43","date_gmt":"2009-10-14T03:23:43","guid":{"rendered":"http:\/\/www.elsindical.com.ar\/notas\/?p=1032"},"modified":"2009-10-14T00:23:43","modified_gmt":"2009-10-14T03:23:43","slug":"paran-y-se-movilizan-medicos-judiciales-y-estatales","status":"publish","type":"post","link":"https:\/\/www.elsindical.com.ar\/notas\/paran-y-se-movilizan-medicos-judiciales-y-estatales\/","title":{"rendered":"Paran y se movilizan m\u00e9dicos, judiciales y estatales"},"content":{"rendered":"<p style=\"text-align: justify;\"><em>En un clima de creciente conflictividad, m\u00e9dicos de los hospitales p\u00fablicos, empleados judiciales y los estatales bonaerenses enrolados en ATE cumplir\u00e1n este mi\u00e9rcoles un nuevo paro de actividades con movilizaci\u00f3n a la Gobernaci\u00f3n en reclamo de mejoras salariales.<\/em><\/p>\n<p style=\"text-align: justify;\">El paro afectar\u00e1 el funcionamiento de dependencias p\u00fablicas y en los hospitales s\u00f3lo atender\u00e1n las guardias, mientras que en las escuelas la actividad se ver\u00e1 resentida producto de que a la protesta adhieren los porteros.<\/p>\n<p style=\"text-align: justify;\">Adem\u00e1s, la medida de fuerza afectar\u00e1 la atenci\u00f3n en los tribunales de la Provincia.<\/p>\n<p style=\"text-align: justify;\">Las protestas de estos sectores enrolados en la CTA se vienen profundizando, pese a que el Gobierno de Daniel Scioli afirm\u00f3 en reiteradas oportunidades que no est\u00e1 en condiciones de otorgar un nuevo aumento de salarios a ra\u00edz de la dif\u00edcil situaci\u00f3n financiera por la que atraviesa la provincia.<\/p>\n<p style=\"text-align: justify;\">Si bien el reclamo de un aumento salarial es el motivo central de la protesta, cada sector viene planteando una serie de reivindicaciones propias.<\/p>\n<p style=\"text-align: justify;\">En el caso de ATE, el gremio pide el blanqueo de sumas no remunerativas y la incorporaci\u00f3n a planta permanente del personal precarizado.<\/p>\n<p style=\"text-align: justify;\">Los m\u00e9dicos vienen exigiendo el pase a planta de los becarios y la designaci\u00f3n de m\u00e1s personal, adem\u00e1s de un incremento del presupuesto para el \u00e1rea de Salud.<\/p>\n<p style=\"text-align: justify;\">Por su parte, los judiciales piden una recategorizaci\u00f3n que, en la pr\u00e1ctica, significar\u00eda un incremento de los sueldos de bolsillo.<\/p>\n<p style=\"text-align: justify;\">La medida de fuerza de los tres sectores ser\u00e1 acompa\u00f1ada de una movilizaci\u00f3n a la Casa de Gobierno bonaerense que se concretar\u00e1 cerca del mediod\u00eda.<\/p>\n<p style=\"text-align: justify;\">\u00abEn las reuniones paritarias que estamos llevando a cabo la Provincia no resuelve los temas importantes que se hab\u00edan acordado, como el pase a planta permanente\u00bb, se quej\u00f3 el secretario general de ATE, Hugo Godoy.<\/p>\n<p style=\"text-align: justify;\">En ese sentido, Godoy advirti\u00f3 que en las negociaciones con el gobierno provincial \u00abse avanz\u00f3 en el blanqueo de sumas en negro en algunos ministerios y no en todos\u00bb.<\/p>\n<p style=\"text-align: justify;\">\u00abEstos son los dos compromisos m\u00e1s importantes contra\u00eddos en la paritaria y que el Gobierno no ha cumplido\u00bb, destac\u00f3 y sostuvo que \u00abpor otro lado, existe la necesidad de discutir un aumento de salario, porque lo que se obtuvo a principio de a\u00f1o no fue suficiente y tanto en el gobierno provincial como nacional tienen recursos para satisfacerlo\u00bb.<\/p>\n<p style=\"text-align: justify;\">Asimismo, el dirigente anticip\u00f3 que si no se registran avances en los reclamos, antes de fin de mes se endurecer\u00e1n las medidas de fuerza.<\/p>\n<p style=\"text-align: justify;\">En el caso de los judiciales, la jornada de protesta se iniciar\u00e1 con acto frente a la sede de la Suprema Corte de Justicia, en el cruce de la calles 13 y 48 de la capital provincial.<\/p>\n<p style=\"text-align: justify;\">All\u00ed los judiciales exigir\u00e1n al m\u00e1ximo tribunal un convenio colectivo de trabajo, la devoluci\u00f3n de los descuentos por los d\u00edas de paro, la normalizaci\u00f3n del movimiento de personal en el fuero laboral y la democratizaci\u00f3n del r\u00e9gimen disciplinario, entre otros reclamos.<\/p>\n<p style=\"text-align: justify;\">Posteriormente, los judiciales marchar\u00e1n hasta la Casa de Gobierno provincial, donde pedir\u00e1n que el Poder Ejecutivo resuelva \u00abla recategorizaci\u00f3n que adeuda desde junio de este a\u00f1o y la reapertura de la paritaria salarial\u00bb junto a ATE y los m\u00e9dicos de la Cicop.<\/p>\n<p style=\"text-align: justify;\">En caso de no existir respuesta a sus reclamos, la Asociaci\u00f3n podr\u00eda profundizar el plan de acci\u00f3n, lo que decidir\u00eda el pr\u00f3ximo jueves.<\/p>\n","protected":false},"excerpt":{"rendered":"<p>En un clima de creciente conflictividad, m\u00e9dicos de los hospitales p\u00fablicos, empleados judiciales y los estatales bonaerenses enrolados en ATE cumplir\u00e1n este mi\u00e9rcoles un nuevo paro de actividades con movilizaci\u00f3n a la Gobernaci\u00f3n en reclamo de mejoras salariales. El paro afectar\u00e1 el funcionamiento de dependencias p\u00fablicas y en los hospitales s\u00f3lo atender\u00e1n las guardias, mientras&hellip;<\/p>\n","protected":false},"author":1,"featured_media":0,"comment_status":"open","ping_status":"open","sticky":false,"template":"","format":"standard","meta":{"footnotes":""},"categories":[16],"tags":[290,55,497,586,22029,156,103],"class_list":["post-1032","post","type-post","status-publish","format-standard","hentry","category-gremiales","tag-ate","tag-delegados","tag-docentes","tag-estatales","tag-judiciales","tag-marcha","tag-medicos"],"_links":{"self":[{"href":"https:\/\/www.elsindical.com.ar\/notas\/wp-json\/wp\/v2\/posts\/1032","targetHints":{"allow":["GET"]}}],"collection":[{"href":"https:\/\/www.elsindical.com.ar\/notas\/wp-json\/wp\/v2\/posts"}],"about":[{"href":"https:\/\/www.elsindical.com.ar\/notas\/wp-json\/wp\/v2\/types\/post"}],"author":[{"embeddable":true,"href":"https:\/\/www.elsindical.com.ar\/notas\/wp-json\/wp\/v2\/users\/1"}],"replies":[{"embeddable":true,"href":"https:\/\/www.elsindical.com.ar\/notas\/wp-json\/wp\/v2\/comments?post=1032"}],"version-history":[{"count":2,"href":"https:\/\/www.elsindical.com.ar\/notas\/wp-json\/wp\/v2\/posts\/1032\/revisions"}],"predecessor-version":[{"id":1034,"href":"https:\/\/www.elsindical.com.ar\/notas\/wp-json\/wp\/v2\/posts\/1032\/revisions\/1034"}],"wp:attachment":[{"href":"https:\/\/www.elsindical.com.ar\/notas\/wp-json\/wp\/v2\/media?parent=1032"}],"wp:term":[{"taxonomy":"category","embeddable":true,"href":"https:\/\/www.elsindical.com.ar\/notas\/wp-json\/wp\/v2\/categories?post=1032"},{"taxonomy":"post_tag","embeddable":true,"href":"https:\/\/www.elsindical.com.ar\/notas\/wp-json\/wp\/v2\/tags?post=1032"}],"curies":[{"name":"wp","href":"https:\/\/api.w.org\/{rel}","templated":true}]}}