{"id":103178,"date":"2021-03-12T23:55:48","date_gmt":"2021-03-13T02:55:48","guid":{"rendered":"https:\/\/www.elsindical.com.ar\/notas\/?p=103178"},"modified":"2021-03-12T23:55:49","modified_gmt":"2021-03-13T02:55:49","slug":"avellaneda-cuatro-nuevos-muertos-por-covid","status":"publish","type":"post","link":"https:\/\/www.elsindical.com.ar\/notas\/avellaneda-cuatro-nuevos-muertos-por-covid\/","title":{"rendered":"Avellaneda: Cuatro nuevos muertos por Covid"},"content":{"rendered":"\n<figure class=\"wp-block-image size-large\"><a href=\"https:\/\/www.elsindical.com.ar\/notas\/var\/www\/html\/notas\/wp-content\/uploads\/2021\/03\/Avell-12-marz-21-muert-y-contag.jpg\"><img loading=\"lazy\" decoding=\"async\" width=\"1024\" height=\"1024\" src=\"https:\/\/www.elsindical.com.ar\/notas\/var\/www\/html\/notas\/wp-content\/uploads\/2021\/03\/Avell-12-marz-21-muert-y-contag-1024x1024.jpg\" alt=\"\" class=\"wp-image-103179\" srcset=\"https:\/\/www.elsindical.com.ar\/notas\/var\/www\/html\/notas\/wp-content\/uploads\/2021\/03\/Avell-12-marz-21-muert-y-contag-1024x1024.jpg 1024w, https:\/\/www.elsindical.com.ar\/notas\/var\/www\/html\/notas\/wp-content\/uploads\/2021\/03\/Avell-12-marz-21-muert-y-contag-300x300.jpg 300w, https:\/\/www.elsindical.com.ar\/notas\/var\/www\/html\/notas\/wp-content\/uploads\/2021\/03\/Avell-12-marz-21-muert-y-contag-150x150.jpg 150w, https:\/\/www.elsindical.com.ar\/notas\/var\/www\/html\/notas\/wp-content\/uploads\/2021\/03\/Avell-12-marz-21-muert-y-contag-768x768.jpg 768w, https:\/\/www.elsindical.com.ar\/notas\/var\/www\/html\/notas\/wp-content\/uploads\/2021\/03\/Avell-12-marz-21-muert-y-contag-50x50.jpg 50w, https:\/\/www.elsindical.com.ar\/notas\/var\/www\/html\/notas\/wp-content\/uploads\/2021\/03\/Avell-12-marz-21-muert-y-contag.jpg 1200w\" sizes=\"auto, (max-width: 1024px) 100vw, 1024px\" \/><\/a><\/figure>\n\n\n\n<p class=\"wp-block-paragraph\">El Ministerio de Salud de la Provincia informa que ya son 857 las v\u00edctimas fatales.<\/p>\n\n\n\n<p class=\"wp-block-paragraph\">Cuatro muertes se registraron en Avellaneda. El Ministerio de Salud de la provincia de Buenos Aires informa que ya son 857 las v\u00edctimas fatales por Covid-19 en este distrito.<\/p>\n\n\n\n<p class=\"wp-block-paragraph\">Dentro de los 23.813 contagios se encuentran los 19.331 vecinos recuperados y los 857 que fallecieron.<\/p>\n\n\n\n<p class=\"wp-block-paragraph\">En cuanto a la clasificaci\u00f3n epidemiol\u00f3gica, el 74,8 por ciento de los contagios fue por transmisi\u00f3n comunitaria, 12,9 por contacto estrecho con un infectado, el 4,2 responden a trabajadores de la salud, hay un 0,3 por ciento de casos importados y un 7,8 bajo investigaci\u00f3n.<\/p>\n\n\n\n<p class=\"wp-block-paragraph\"><\/p>\n","protected":false},"excerpt":{"rendered":"<p>El Ministerio de Salud de la Provincia informa que ya son 857 las v\u00edctimas fatales. Cuatro muertes se registraron en Avellaneda. El Ministerio de Salud de la provincia de Buenos Aires informa que ya son 857 las v\u00edctimas fatales por Covid-19 en este distrito. Dentro de los 23.813 contagios se encuentran los 19.331 vecinos recuperados&hellip;<\/p>\n","protected":false},"author":1,"featured_media":103179,"comment_status":"open","ping_status":"open","sticky":false,"template":"","format":"standard","meta":{"footnotes":""},"categories":[23],"tags":[461,19938,32627,2450,134,22031],"class_list":["post-103178","post","type-post","status-publish","format-standard","has-post-thumbnail","hentry","category-salud","tag-avellaneda","tag-contagios","tag-covid-19","tag-diario-el-sindical","tag-muertes","tag-salud"],"_links":{"self":[{"href":"https:\/\/www.elsindical.com.ar\/notas\/wp-json\/wp\/v2\/posts\/103178","targetHints":{"allow":["GET"]}}],"collection":[{"href":"https:\/\/www.elsindical.com.ar\/notas\/wp-json\/wp\/v2\/posts"}],"about":[{"href":"https:\/\/www.elsindical.com.ar\/notas\/wp-json\/wp\/v2\/types\/post"}],"author":[{"embeddable":true,"href":"https:\/\/www.elsindical.com.ar\/notas\/wp-json\/wp\/v2\/users\/1"}],"replies":[{"embeddable":true,"href":"https:\/\/www.elsindical.com.ar\/notas\/wp-json\/wp\/v2\/comments?post=103178"}],"version-history":[{"count":1,"href":"https:\/\/www.elsindical.com.ar\/notas\/wp-json\/wp\/v2\/posts\/103178\/revisions"}],"predecessor-version":[{"id":103180,"href":"https:\/\/www.elsindical.com.ar\/notas\/wp-json\/wp\/v2\/posts\/103178\/revisions\/103180"}],"wp:featuredmedia":[{"embeddable":true,"href":"https:\/\/www.elsindical.com.ar\/notas\/wp-json\/wp\/v2\/media\/103179"}],"wp:attachment":[{"href":"https:\/\/www.elsindical.com.ar\/notas\/wp-json\/wp\/v2\/media?parent=103178"}],"wp:term":[{"taxonomy":"category","embeddable":true,"href":"https:\/\/www.elsindical.com.ar\/notas\/wp-json\/wp\/v2\/categories?post=103178"},{"taxonomy":"post_tag","embeddable":true,"href":"https:\/\/www.elsindical.com.ar\/notas\/wp-json\/wp\/v2\/tags?post=103178"}],"curies":[{"name":"wp","href":"https:\/\/api.w.org\/{rel}","templated":true}]}}