{"id":103172,"date":"2021-03-12T23:46:17","date_gmt":"2021-03-13T02:46:17","guid":{"rendered":"https:\/\/www.elsindical.com.ar\/notas\/?p=103172"},"modified":"2021-03-12T23:46:18","modified_gmt":"2021-03-13T02:46:18","slug":"diego-molea-denuncio-a-gemignani-por-sus-mensajes-machistas","status":"publish","type":"post","link":"https:\/\/www.elsindical.com.ar\/notas\/diego-molea-denuncio-a-gemignani-por-sus-mensajes-machistas\/","title":{"rendered":"Diego Molea denunci\u00f3 a Gemignani por sus mensajes machistas"},"content":{"rendered":"\n<figure class=\"wp-block-image size-large is-resized\"><a href=\"https:\/\/www.elsindical.com.ar\/notas\/var\/www\/html\/notas\/wp-content\/uploads\/2021\/03\/Molea-presidente-Consejo-de-la-Magistratura.jpg\"><img loading=\"lazy\" decoding=\"async\" src=\"https:\/\/www.elsindical.com.ar\/notas\/var\/www\/html\/notas\/wp-content\/uploads\/2021\/03\/Molea-presidente-Consejo-de-la-Magistratura-1024x576.jpg\" alt=\"\" class=\"wp-image-103173\" width=\"864\" height=\"486\" srcset=\"https:\/\/www.elsindical.com.ar\/notas\/var\/www\/html\/notas\/wp-content\/uploads\/2021\/03\/Molea-presidente-Consejo-de-la-Magistratura-1024x576.jpg 1024w, https:\/\/www.elsindical.com.ar\/notas\/var\/www\/html\/notas\/wp-content\/uploads\/2021\/03\/Molea-presidente-Consejo-de-la-Magistratura-300x169.jpg 300w, https:\/\/www.elsindical.com.ar\/notas\/var\/www\/html\/notas\/wp-content\/uploads\/2021\/03\/Molea-presidente-Consejo-de-la-Magistratura-768x432.jpg 768w, https:\/\/www.elsindical.com.ar\/notas\/var\/www\/html\/notas\/wp-content\/uploads\/2021\/03\/Molea-presidente-Consejo-de-la-Magistratura-500x281.jpg 500w, https:\/\/www.elsindical.com.ar\/notas\/var\/www\/html\/notas\/wp-content\/uploads\/2021\/03\/Molea-presidente-Consejo-de-la-Magistratura-460x260.jpg 460w, https:\/\/www.elsindical.com.ar\/notas\/var\/www\/html\/notas\/wp-content\/uploads\/2021\/03\/Molea-presidente-Consejo-de-la-Magistratura.jpg 1200w\" sizes=\"auto, (max-width: 864px) 100vw, 864px\" \/><\/a><\/figure>\n\n\n\n<p>Lo acus\u00f3 de \u201cmal desempe\u00f1o\u201d por usar t\u00e9rminos \u201csumamente agraviantes\u201d para referirse a las mujeres.<\/p>\n\n\n\n<p>El presidente del Consejo de la Magistratura, Diego Molea, denunci\u00f3 este viernes al juez de la C\u00e1mara Federal de Casaci\u00f3n, Juan Carlos Gemignani, por \u201cmal desempe\u00f1o\u201d al usar t\u00e9rminos \u201csumamente agraviantes\u201d para referirse a las mujeres. Fue luego de que trascendiera p\u00fablicamente que el magistrado escribi\u00f3 mensajes machistas en un chat que comparte con colegas y funcionarios judiciales.<\/p>\n\n\n\n<p>Gemignani habr\u00eda escrito los mensajes machistas el 8 de marzo, cuando se conmemor\u00f3 un nuevo D\u00eda Internacional de la Mujer.&nbsp;El magistrado \u201chabr\u00eda utilizado expresiones sumamente agraviantes\u201d contra las mujeres \u201cen el marco de una comunicaci\u00f3n virtual entre los miembros de la C\u00e1mara Federal de Casaci\u00f3n Penal\u201d, seg\u00fan se puede leer en la denuncia de Molea.<\/p>\n\n\n\n<p>El titular del Consejo de la Magistratura se refiri\u00f3 a la frase \u201cFeliz D\u00eda para todas! Especialmente para las delincuentes!!!\u201d que Gemignani escribi\u00f3 el lunes en un grupo de chat que comparten los jueces y juezas de la Sala III de la C\u00e1mara Federal de Casaci\u00f3n Penal.<\/p>\n\n\n\n<p>\u201cDe comprobarse, configura un claro supuesto de violencia contra la mujer\u201d, se\u00f1al\u00f3 Molea en su denuncia de seis p\u00e1ginas presentada en el Consejo.<\/p>\n\n\n\n<p>Para el consejero el mensaje \u201cdemuestra la carencia absoluta de perspectiva de g\u00e9nero del mencionado magistrado, en clara contraposici\u00f3n con nuestra Constituci\u00f3n Nacional as\u00ed como las leyes vigentes\u201d.<\/p>\n\n\n\n<p>Molea pidi\u00f3 como medida de prueba que se le solicite a la C\u00e1mara Federal de Casaci\u00f3n Penal, con la mayor urgencia, un informe detallado de los mensajes del juez para proceder, si se confirma el contenido de los mensajes, con su acusaci\u00f3n ante el jurado de enjuiciamiento de magistrados.<\/p>\n\n\n\n<p>Como toda denuncia, ahora el Consejo deber\u00e1 asignarle por sorteo un consejero instructor que informar\u00e1 primero en la comisi\u00f3n de Acusaci\u00f3n, y luego en el plenario del cuerpo, acerca de los elementos reunidos en torno al episodio para decidir el temperamento a seguir.<\/p>\n","protected":false},"excerpt":{"rendered":"<p>Lo acus\u00f3 de \u201cmal desempe\u00f1o\u201d por usar t\u00e9rminos \u201csumamente agraviantes\u201d para referirse a las mujeres. El presidente del Consejo de la Magistratura, Diego Molea, denunci\u00f3 este viernes al juez de la C\u00e1mara Federal de Casaci\u00f3n, Juan Carlos Gemignani, por \u201cmal desempe\u00f1o\u201d al usar t\u00e9rminos \u201csumamente agraviantes\u201d para referirse a las mujeres. Fue luego de que&hellip;<\/p>\n","protected":false},"author":1,"featured_media":103173,"comment_status":"open","ping_status":"open","sticky":false,"template":"","format":"standard","meta":{"footnotes":""},"categories":[6,20],"tags":[11585,776,175,28398,2450,4144,24067],"class_list":["post-103172","post","type-post","status-publish","format-standard","has-post-thumbnail","hentry","category-denuncias","category-judiciales","tag-camara-federal-de-casacion-penal","tag-consejo-de-la-magistratura","tag-denuncia","tag-dia-internacional-de-la-mujer","tag-diario-el-sindical","tag-diego-molea","tag-juez-juan-carlos-gemignani"],"_links":{"self":[{"href":"https:\/\/www.elsindical.com.ar\/notas\/wp-json\/wp\/v2\/posts\/103172","targetHints":{"allow":["GET"]}}],"collection":[{"href":"https:\/\/www.elsindical.com.ar\/notas\/wp-json\/wp\/v2\/posts"}],"about":[{"href":"https:\/\/www.elsindical.com.ar\/notas\/wp-json\/wp\/v2\/types\/post"}],"author":[{"embeddable":true,"href":"https:\/\/www.elsindical.com.ar\/notas\/wp-json\/wp\/v2\/users\/1"}],"replies":[{"embeddable":true,"href":"https:\/\/www.elsindical.com.ar\/notas\/wp-json\/wp\/v2\/comments?post=103172"}],"version-history":[{"count":1,"href":"https:\/\/www.elsindical.com.ar\/notas\/wp-json\/wp\/v2\/posts\/103172\/revisions"}],"predecessor-version":[{"id":103174,"href":"https:\/\/www.elsindical.com.ar\/notas\/wp-json\/wp\/v2\/posts\/103172\/revisions\/103174"}],"wp:featuredmedia":[{"embeddable":true,"href":"https:\/\/www.elsindical.com.ar\/notas\/wp-json\/wp\/v2\/media\/103173"}],"wp:attachment":[{"href":"https:\/\/www.elsindical.com.ar\/notas\/wp-json\/wp\/v2\/media?parent=103172"}],"wp:term":[{"taxonomy":"category","embeddable":true,"href":"https:\/\/www.elsindical.com.ar\/notas\/wp-json\/wp\/v2\/categories?post=103172"},{"taxonomy":"post_tag","embeddable":true,"href":"https:\/\/www.elsindical.com.ar\/notas\/wp-json\/wp\/v2\/tags?post=103172"}],"curies":[{"name":"wp","href":"https:\/\/api.w.org\/{rel}","templated":true}]}}