{"id":103169,"date":"2021-03-12T23:42:06","date_gmt":"2021-03-13T02:42:06","guid":{"rendered":"https:\/\/www.elsindical.com.ar\/notas\/?p=103169"},"modified":"2021-03-12T23:42:06","modified_gmt":"2021-03-13T02:42:06","slug":"ypf-anuncio-en-avellaneda-su-programa-de-beneficios-y-descuentos-para-personal-educativo","status":"publish","type":"post","link":"https:\/\/www.elsindical.com.ar\/notas\/ypf-anuncio-en-avellaneda-su-programa-de-beneficios-y-descuentos-para-personal-educativo\/","title":{"rendered":"YPF anunci\u00f3 en Avellaneda su programa de beneficios y descuentos para personal educativo"},"content":{"rendered":"\n<figure class=\"wp-block-image size-large\"><a href=\"https:\/\/www.elsindical.com.ar\/notas\/var\/www\/html\/notas\/wp-content\/uploads\/2021\/03\/YPF-anuncios-beneficios-a-docentes.jpg\"><img loading=\"lazy\" decoding=\"async\" width=\"1024\" height=\"682\" src=\"https:\/\/www.elsindical.com.ar\/notas\/var\/www\/html\/notas\/wp-content\/uploads\/2021\/03\/YPF-anuncios-beneficios-a-docentes-1024x682.jpg\" alt=\"\" class=\"wp-image-103170\" srcset=\"https:\/\/www.elsindical.com.ar\/notas\/var\/www\/html\/notas\/wp-content\/uploads\/2021\/03\/YPF-anuncios-beneficios-a-docentes-1024x682.jpg 1024w, https:\/\/www.elsindical.com.ar\/notas\/var\/www\/html\/notas\/wp-content\/uploads\/2021\/03\/YPF-anuncios-beneficios-a-docentes-300x200.jpg 300w, https:\/\/www.elsindical.com.ar\/notas\/var\/www\/html\/notas\/wp-content\/uploads\/2021\/03\/YPF-anuncios-beneficios-a-docentes-768x512.jpg 768w, https:\/\/www.elsindical.com.ar\/notas\/var\/www\/html\/notas\/wp-content\/uploads\/2021\/03\/YPF-anuncios-beneficios-a-docentes-450x300.jpg 450w, https:\/\/www.elsindical.com.ar\/notas\/var\/www\/html\/notas\/wp-content\/uploads\/2021\/03\/YPF-anuncios-beneficios-a-docentes.jpg 1280w\" sizes=\"auto, (max-width: 1024px) 100vw, 1024px\" \/><\/a><\/figure>\n\n\n\n<p>La jefa de Gabinete, Magdalena Sierra, acompa\u00f1\u00f3 al gobernador Axel Kicillof; al ministro Nicol\u00e1s Trotta y al presidente de YPF, Pablo Gonz\u00e1lez, en el lanzamiento de esta red de beneficios para docentes y auxiliares.<\/p>\n\n\n\n<p>Magdalena Sierra, particip\u00f3 del acto en el que se&nbsp;anunci\u00f3 la puesta en marcha de un programa de beneficios que alcanza a lxs trabajadorxs de la educaci\u00f3n, comunidad de docentes y no docentes de nivel inicial, primario y secundario que trabajen en las unidades educativas registradas en el Ministerio Nacional de Educaci\u00f3n de todo el pa\u00eds.<\/p>\n\n\n\n<p>El acto fue encabezado por&nbsp;el gobernador Axel Kicillof, el ministro de Educaci\u00f3n de la Naci\u00f3n, Nicolas Trotta, y la directora&nbsp;General de Cultura y Educaci\u00f3n de la provincia de Buenos Aires, Agustina Vila.<\/p>\n\n\n\n<p>Con este beneficio, que alcanza a 960 mil docentes de escuela inicial, primaria y secundaria y al personal no docente, lxs beneficiarios de la comunidad de trabajadores de la educaci\u00f3n acceder\u00e1n a un 15% de descuento en combustibles todos los d\u00edas con un tope semanal de $300. Adem\u00e1s tendr\u00e1n&nbsp; un desayuno bonificado en las estaciones FULL y tambi\u00e9n podr\u00e1n acceder de manera gratuita a un escaneo de su veh\u00edculo, en la red Boxes de las estaciones de Servicios YPF, siempre a trav\u00e9s de la app de la empresa.<\/p>\n\n\n\n<p>En su discurso, Magdalena Sierra dijo que: \u201cCuando hablamos de soberan\u00eda, hablamos de YPF, porque es una empresa ligada al coraz\u00f3n de los argentinos\u201d, y luego agreg\u00f3: \u201cEstos anuncios no son comerciales, son beneficios directos para los trabajadores de la educaci\u00f3n\u201d.<\/p>\n\n\n\n<p>Por su parte, el gobernador Axel Kicillof se\u00f1al\u00f3 que: \u201cYPF va a iniciar un camino de recuperaci\u00f3n y eso arranca con una fuerte inversi\u00f3n\u201d, y al referirse al programa remarc\u00f3: \u201cEste beneficio es una manera de devolverle a la comunidad educativa el enorme esfuerzo que han hecho en el 2020\u201d.<\/p>\n\n\n\n<p>En ese mismo sentido, el ministro Nicolas Trotta mencion\u00f3 que: \u201cEsto es una caricia para todos los maestros, maestras y auxiliares. Gracias por poner a los docentes en la centralidad de la compa\u00f1\u00eda\u201d.<\/p>\n\n\n\n<p>Finalmente, el presidente de la empresa, Pablo Gonz\u00e1lez aclar\u00f3 que: \u201cEste beneficio tiene por objeto acompa\u00f1ar la vuelta de la presencialidad en las aulas\u201d.<\/p>\n\n\n\n<p>En el acto tambi\u00e9n estuvieron presentes la intendenta de Quilmes, Mayra Mendoza; el senador Provincial Emmanuel Gonz\u00e1lez Santalla; y el CEO de YPF, Sergio Affronti.<\/p>\n","protected":false},"excerpt":{"rendered":"<p>La jefa de Gabinete, Magdalena Sierra, acompa\u00f1\u00f3 al gobernador Axel Kicillof; al ministro Nicol\u00e1s Trotta y al presidente de YPF, Pablo Gonz\u00e1lez, en el lanzamiento de esta red de beneficios para docentes y auxiliares. Magdalena Sierra, particip\u00f3 del acto en el que se&nbsp;anunci\u00f3 la puesta en marcha de un programa de beneficios que alcanza a&hellip;<\/p>\n","protected":false},"author":1,"featured_media":103170,"comment_status":"open","ping_status":"open","sticky":false,"template":"","format":"standard","meta":{"footnotes":""},"categories":[13],"tags":[461,13798,34371,1423,2450,16519,22025,621],"class_list":["post-103169","post","type-post","status-publish","format-standard","has-post-thumbnail","hentry","category-politica","tag-avellaneda","tag-axel-kicillof","tag-beneficios-a-docentes","tag-descuentos","tag-diario-el-sindical","tag-magdalena-sierra","tag-politica","tag-ypf"],"_links":{"self":[{"href":"https:\/\/www.elsindical.com.ar\/notas\/wp-json\/wp\/v2\/posts\/103169","targetHints":{"allow":["GET"]}}],"collection":[{"href":"https:\/\/www.elsindical.com.ar\/notas\/wp-json\/wp\/v2\/posts"}],"about":[{"href":"https:\/\/www.elsindical.com.ar\/notas\/wp-json\/wp\/v2\/types\/post"}],"author":[{"embeddable":true,"href":"https:\/\/www.elsindical.com.ar\/notas\/wp-json\/wp\/v2\/users\/1"}],"replies":[{"embeddable":true,"href":"https:\/\/www.elsindical.com.ar\/notas\/wp-json\/wp\/v2\/comments?post=103169"}],"version-history":[{"count":1,"href":"https:\/\/www.elsindical.com.ar\/notas\/wp-json\/wp\/v2\/posts\/103169\/revisions"}],"predecessor-version":[{"id":103171,"href":"https:\/\/www.elsindical.com.ar\/notas\/wp-json\/wp\/v2\/posts\/103169\/revisions\/103171"}],"wp:featuredmedia":[{"embeddable":true,"href":"https:\/\/www.elsindical.com.ar\/notas\/wp-json\/wp\/v2\/media\/103170"}],"wp:attachment":[{"href":"https:\/\/www.elsindical.com.ar\/notas\/wp-json\/wp\/v2\/media?parent=103169"}],"wp:term":[{"taxonomy":"category","embeddable":true,"href":"https:\/\/www.elsindical.com.ar\/notas\/wp-json\/wp\/v2\/categories?post=103169"},{"taxonomy":"post_tag","embeddable":true,"href":"https:\/\/www.elsindical.com.ar\/notas\/wp-json\/wp\/v2\/tags?post=103169"}],"curies":[{"name":"wp","href":"https:\/\/api.w.org\/{rel}","templated":true}]}}