{"id":103093,"date":"2021-03-09T00:05:14","date_gmt":"2021-03-09T03:05:14","guid":{"rendered":"https:\/\/www.elsindical.com.ar\/notas\/?p=103093"},"modified":"2021-03-09T00:05:15","modified_gmt":"2021-03-09T03:05:15","slug":"la-defensoria-del-pueblo-bonaerense-y-actrices-argentinas-firmaron-un-convenio-para-prevenir-la-violencia-de-genero","status":"publish","type":"post","link":"https:\/\/www.elsindical.com.ar\/notas\/la-defensoria-del-pueblo-bonaerense-y-actrices-argentinas-firmaron-un-convenio-para-prevenir-la-violencia-de-genero\/","title":{"rendered":"La Defensor\u00eda  del Pueblo Bonaerense y Actrices Argentinas firmaron un convenio para prevenir la violencia de g\u00e9nero"},"content":{"rendered":"\n<figure class=\"wp-block-image size-large\"><a href=\"https:\/\/www.elsindical.com.ar\/notas\/var\/www\/html\/notas\/wp-content\/uploads\/2021\/03\/Defensoria-Bonaerense-y-actrices.jpeg\"><img loading=\"lazy\" decoding=\"async\" width=\"1024\" height=\"766\" src=\"https:\/\/www.elsindical.com.ar\/notas\/var\/www\/html\/notas\/wp-content\/uploads\/2021\/03\/Defensoria-Bonaerense-y-actrices-1024x766.jpeg\" alt=\"\" class=\"wp-image-103094\" srcset=\"https:\/\/www.elsindical.com.ar\/notas\/var\/www\/html\/notas\/wp-content\/uploads\/2021\/03\/Defensoria-Bonaerense-y-actrices-1024x766.jpeg 1024w, https:\/\/www.elsindical.com.ar\/notas\/var\/www\/html\/notas\/wp-content\/uploads\/2021\/03\/Defensoria-Bonaerense-y-actrices-300x225.jpeg 300w, https:\/\/www.elsindical.com.ar\/notas\/var\/www\/html\/notas\/wp-content\/uploads\/2021\/03\/Defensoria-Bonaerense-y-actrices-768x575.jpeg 768w, https:\/\/www.elsindical.com.ar\/notas\/var\/www\/html\/notas\/wp-content\/uploads\/2021\/03\/Defensoria-Bonaerense-y-actrices-401x300.jpeg 401w, https:\/\/www.elsindical.com.ar\/notas\/var\/www\/html\/notas\/wp-content\/uploads\/2021\/03\/Defensoria-Bonaerense-y-actrices.jpeg 1280w\" sizes=\"auto, (max-width: 1024px) 100vw, 1024px\" \/><\/a><\/figure>\n\n\n\n<p>En el marco del D\u00eda Internacional de la Mujer, la Defensor\u00eda del Pueblo de la provincia de Buenos Aires, a cargo de Guido Lorenzino, y el colectivo Actices Argentinas, firmaron un acuerdo para llevar adelante tareas conjuntas de prevenci\u00f3n, atenci\u00f3n y erradicaci\u00f3n de la violencia por razones de g\u00e9nero.<\/p>\n\n\n\n<p>La firma del acuerdo se realiz\u00f3 este lunes por Zoom y cont\u00f3 con la participaci\u00f3n de Lorenzino; Alejandra L\u00f3pez y Melina Capucho, de la direcci\u00f3n de Pol\u00edticas de Igualdad de la Defensor\u00eda; y algunas de las integrantes del colectivo de actrices, como Thelma Fard\u00edn, Jazm\u00edn Stuart y Carolina Fern\u00e1ndez.<\/p>\n\n\n\n<p>\u201cHace mucho tiempo venimos compartiendo actividades y poder formalizar este lazo en el D\u00eda Internacional de la Mujer es muy simb\u00f3lico para nosotros y nosotras\u201d, indic\u00f3 Lorenzino.<\/p>\n\n\n\n<p>Ambas organizaciones vienen trabajando en conjunto desde el a\u00f1o 2019, con la participaci\u00f3n de referentas en talleres y campa\u00f1as sobre violencia de g\u00e9nero llevadas adelante desde la instituci\u00f3n en clubes, municipios y organizaciones civiles en toda la Provincia.<\/p>\n\n\n\n<p>Una de las integrantes de la red de actrices, Thelma Fard\u00edn, explic\u00f3 que \u201caprendimos a tejer esta red, muchas veces ante la falta de respuesta de las instituciones, as\u00ed que este es un paso para encontrar la mejor manera de articular con los organismos en nuestra tarea\u201d.<\/p>\n\n\n\n<p>Al respecto, Lorenzino manifest\u00f3 su agradecimiento a Actrices Argentina \u201cpor dejarnos formar parte de la militancia que llevan adelante d\u00eda a d\u00eda\u201d. \u201cVamos a trabajar para cumplir la misi\u00f3n de estar cerca de mujeres, ni\u00f1as y adultas mayores de la Provincia\u201d, agreg\u00f3.<\/p>\n","protected":false},"excerpt":{"rendered":"<p>En el marco del D\u00eda Internacional de la Mujer, la Defensor\u00eda del Pueblo de la provincia de Buenos Aires, a cargo de Guido Lorenzino, y el colectivo Actices Argentinas, firmaron un acuerdo para llevar adelante tareas conjuntas de prevenci\u00f3n, atenci\u00f3n y erradicaci\u00f3n de la violencia por razones de g\u00e9nero. La firma del acuerdo se realiz\u00f3&hellip;<\/p>\n","protected":false},"author":1,"featured_media":103094,"comment_status":"open","ping_status":"open","sticky":false,"template":"","format":"standard","meta":{"footnotes":""},"categories":[8],"tags":[30018,926,25838,2450,572],"class_list":["post-103093","post","type-post","status-publish","format-standard","has-post-thumbnail","hentry","category-derechos-humanos","tag-actrices-argentinas","tag-acuerdo","tag-defensoria-del-pueblo-de-la-provincia-de-buenos-aires","tag-diario-el-sindical","tag-violencia-de-genero"],"_links":{"self":[{"href":"https:\/\/www.elsindical.com.ar\/notas\/wp-json\/wp\/v2\/posts\/103093","targetHints":{"allow":["GET"]}}],"collection":[{"href":"https:\/\/www.elsindical.com.ar\/notas\/wp-json\/wp\/v2\/posts"}],"about":[{"href":"https:\/\/www.elsindical.com.ar\/notas\/wp-json\/wp\/v2\/types\/post"}],"author":[{"embeddable":true,"href":"https:\/\/www.elsindical.com.ar\/notas\/wp-json\/wp\/v2\/users\/1"}],"replies":[{"embeddable":true,"href":"https:\/\/www.elsindical.com.ar\/notas\/wp-json\/wp\/v2\/comments?post=103093"}],"version-history":[{"count":1,"href":"https:\/\/www.elsindical.com.ar\/notas\/wp-json\/wp\/v2\/posts\/103093\/revisions"}],"predecessor-version":[{"id":103095,"href":"https:\/\/www.elsindical.com.ar\/notas\/wp-json\/wp\/v2\/posts\/103093\/revisions\/103095"}],"wp:featuredmedia":[{"embeddable":true,"href":"https:\/\/www.elsindical.com.ar\/notas\/wp-json\/wp\/v2\/media\/103094"}],"wp:attachment":[{"href":"https:\/\/www.elsindical.com.ar\/notas\/wp-json\/wp\/v2\/media?parent=103093"}],"wp:term":[{"taxonomy":"category","embeddable":true,"href":"https:\/\/www.elsindical.com.ar\/notas\/wp-json\/wp\/v2\/categories?post=103093"},{"taxonomy":"post_tag","embeddable":true,"href":"https:\/\/www.elsindical.com.ar\/notas\/wp-json\/wp\/v2\/tags?post=103093"}],"curies":[{"name":"wp","href":"https:\/\/api.w.org\/{rel}","templated":true}]}}