{"id":103091,"date":"2021-03-09T00:00:04","date_gmt":"2021-03-09T03:00:04","guid":{"rendered":"https:\/\/www.elsindical.com.ar\/notas\/?p=103091"},"modified":"2021-03-09T00:00:05","modified_gmt":"2021-03-09T03:00:05","slug":"lomas-de-zamora-fue-el-departamento-judicial-con-mas-femicidios-en-toda-la-provincia-en-2020","status":"publish","type":"post","link":"https:\/\/www.elsindical.com.ar\/notas\/lomas-de-zamora-fue-el-departamento-judicial-con-mas-femicidios-en-toda-la-provincia-en-2020\/","title":{"rendered":"Lomas de Zamora fue el departamento judicial con m\u00e1s femicidios en toda la Provincia, en 2020"},"content":{"rendered":"\n<figure class=\"wp-block-image size-large\"><a href=\"https:\/\/www.elsindical.com.ar\/notas\/var\/www\/html\/notas\/wp-content\/uploads\/2017\/11\/ingreso-palacio-tribunales-de-Lomas-de-Zamora.png\"><img loading=\"lazy\" decoding=\"async\" width=\"640\" height=\"413\" src=\"https:\/\/www.elsindical.com.ar\/notas\/var\/www\/html\/notas\/wp-content\/uploads\/2017\/11\/ingreso-palacio-tribunales-de-Lomas-de-Zamora.png\" alt=\"\" class=\"wp-image-74341\" srcset=\"https:\/\/www.elsindical.com.ar\/notas\/var\/www\/html\/notas\/wp-content\/uploads\/2017\/11\/ingreso-palacio-tribunales-de-Lomas-de-Zamora.png 640w, https:\/\/www.elsindical.com.ar\/notas\/var\/www\/html\/notas\/wp-content\/uploads\/2017\/11\/ingreso-palacio-tribunales-de-Lomas-de-Zamora-300x194.png 300w, https:\/\/www.elsindical.com.ar\/notas\/var\/www\/html\/notas\/wp-content\/uploads\/2017\/11\/ingreso-palacio-tribunales-de-Lomas-de-Zamora-465x300.png 465w\" sizes=\"auto, (max-width: 640px) 100vw, 640px\" \/><\/a><\/figure>\n\n\n\n<p>Un total de 94 mujeres fueron asesinadas en 2020 por razones de g\u00e9nero en la provincia de Buenos Aires, seg\u00fan un informe de Femicidios y Procesos Penales de Violencia Familiar y de G\u00e9nero de la Procuraci\u00f3n General de la Suprema Corte bonaerense. El Departamento Judicial de Lomas de Zamora -que el a\u00f1o pasado abarcaba Almirante Brown, Avellaneda, Lan\u00fas, Esteban Echeverr\u00eda y Ezeiza- fue el que concentr\u00f3 mayor casos:13.<\/p>\n\n\n\n<p>En el marco del D\u00eda Internacional de los Derechos de la Mujer, los n\u00fameros que arroj\u00f3 el informe de la Procuraci\u00f3n General de la Suprema Corte bonaerense son alarmantes porque se\u00f1ala que en 2020 se cometieron 94 femicidios. Esa cifra expresa que una mujer es asesinada por Violencia de G\u00e9nero cada 4 d\u00edas en la provincia de Buenos Aires.<\/p>\n\n\n\n<p>En el mapa de cantidad de v\u00edctimas por Departamento Judicial se observa que Lomas de Zamora registr\u00f3 un total de 13 femicidios en el mes de marzo cuando empez\u00f3 el confinamiento. Luego le siguen las departamentales de Moreno con 11 femicidios; San Isidro con 8; Mor\u00f3n 7, La Matanza, San Mart\u00edn y Quilmes, con 5 casos.<\/p>\n\n\n\n<p>Sin embargo, hay que tener en cuenta que los Tribunales de Lomas de Zamora abarcaba el territorio de los partidos de Almirante Brown, Avellaneda, Esteban Echeverr\u00eda, Ezeiza y Lan\u00fas, lo que hace que se presente como el Departamento Judicial m\u00e1s grande la Provincia.<\/p>\n\n\n\n<p>En la actualidad, ya se encuentra en pleno funcionamiento el Departamento Judicial de Avellaneda-Lan\u00fas con lo que se descomprimir\u00e1 el caudal de causas en Lomas.<\/p>\n\n\n\n<p>El registro tambi\u00e9n se\u00f1ala que el 86,2 por ciento de los hechos ocurri\u00f3 en una vivienda. El 54% en la vivienda compartida, lo que significa que el Aislamiento Social Preventivo y Obligatorio (ASPO) tuvo un efecto directo sobre la violencia de g\u00e9nero porque la mujer comparti\u00f3 m\u00e1s tiempo con su agresor.<\/p>\n\n\n\n<p>Por otro lado, 23,4% de los hechos ocurri\u00f3 en la vivienda de la v\u00edctima; el 10% en un espacio p\u00fablico; el 6,4% en la vivienda del agresor; 2,1% en otra vivienda.<\/p>\n\n\n\n<p>Seg\u00fan el v\u00ednculo entre v\u00edctima y agresor, el 51,1% de los femicidios fueron cometidos por parejas, novios, otro familiar y &nbsp;el 14,9% por ex parejas de las v\u00edctimas.<\/p>\n\n\n\n<p>El medio m\u00e1s utilizado para llevarse a cabo el homicidio fue un 29, 8 % con arma blanca; el 27,7% a trav\u00e9s de la fuerza f\u00edsica; el 20% con arma de fuego; el 11,7% con arma impropia; 5,3% con fuego y el 2,1% con otro medio.<\/p>\n\n\n\n<p>Otro dato que destaca el documento es que 14 v\u00edctimas hab\u00edan realizado denuncias penales contra el femicida. En su conjunto, las v\u00edctimas ten\u00edan al menos 65 hijos menores y 69 hijos mayores de 18 a\u00f1os.<\/p>\n\n\n\n<p>Tambi\u00e9n el informe report\u00f3 que se identificaron 92 imputados\/sindicados, uno de los imputados pertenec\u00eda a las fuerzas de seguridad. En tanto, 12 se suicidaron luego de cometer el femicidio.<\/p>\n","protected":false},"excerpt":{"rendered":"<p>Un total de 94 mujeres fueron asesinadas en 2020 por razones de g\u00e9nero en la provincia de Buenos Aires, seg\u00fan un informe de Femicidios y Procesos Penales de Violencia Familiar y de G\u00e9nero de la Procuraci\u00f3n General de la Suprema Corte bonaerense. El Departamento Judicial de Lomas de Zamora -que el a\u00f1o pasado abarcaba Almirante&hellip;<\/p>\n","protected":false},"author":1,"featured_media":74341,"comment_status":"open","ping_status":"open","sticky":false,"template":"","format":"standard","meta":{"footnotes":""},"categories":[20,25],"tags":[2450,25338,744,1466,22032],"class_list":["post-103091","post","type-post","status-publish","format-standard","has-post-thumbnail","hentry","category-judiciales","category-sociedad","tag-diario-el-sindical","tag-femicidios","tag-lomas-de-zamora","tag-provincia-de-buenos-aires","tag-sociedad"],"_links":{"self":[{"href":"https:\/\/www.elsindical.com.ar\/notas\/wp-json\/wp\/v2\/posts\/103091","targetHints":{"allow":["GET"]}}],"collection":[{"href":"https:\/\/www.elsindical.com.ar\/notas\/wp-json\/wp\/v2\/posts"}],"about":[{"href":"https:\/\/www.elsindical.com.ar\/notas\/wp-json\/wp\/v2\/types\/post"}],"author":[{"embeddable":true,"href":"https:\/\/www.elsindical.com.ar\/notas\/wp-json\/wp\/v2\/users\/1"}],"replies":[{"embeddable":true,"href":"https:\/\/www.elsindical.com.ar\/notas\/wp-json\/wp\/v2\/comments?post=103091"}],"version-history":[{"count":1,"href":"https:\/\/www.elsindical.com.ar\/notas\/wp-json\/wp\/v2\/posts\/103091\/revisions"}],"predecessor-version":[{"id":103092,"href":"https:\/\/www.elsindical.com.ar\/notas\/wp-json\/wp\/v2\/posts\/103091\/revisions\/103092"}],"wp:featuredmedia":[{"embeddable":true,"href":"https:\/\/www.elsindical.com.ar\/notas\/wp-json\/wp\/v2\/media\/74341"}],"wp:attachment":[{"href":"https:\/\/www.elsindical.com.ar\/notas\/wp-json\/wp\/v2\/media?parent=103091"}],"wp:term":[{"taxonomy":"category","embeddable":true,"href":"https:\/\/www.elsindical.com.ar\/notas\/wp-json\/wp\/v2\/categories?post=103091"},{"taxonomy":"post_tag","embeddable":true,"href":"https:\/\/www.elsindical.com.ar\/notas\/wp-json\/wp\/v2\/tags?post=103091"}],"curies":[{"name":"wp","href":"https:\/\/api.w.org\/{rel}","templated":true}]}}