{"id":103085,"date":"2021-03-08T23:38:20","date_gmt":"2021-03-09T02:38:20","guid":{"rendered":"https:\/\/www.elsindical.com.ar\/notas\/?p=103085"},"modified":"2021-03-08T23:38:21","modified_gmt":"2021-03-09T02:38:21","slug":"alejo-chornobroff-jugando-al-intendente-dia-16","status":"publish","type":"post","link":"https:\/\/www.elsindical.com.ar\/notas\/alejo-chornobroff-jugando-al-intendente-dia-16\/","title":{"rendered":"Alejo Chornobroff, jugando al intendente d\u00eda 16"},"content":{"rendered":"\n<figure class=\"wp-block-image size-large\"><a href=\"https:\/\/www.elsindical.com.ar\/notas\/var\/www\/html\/notas\/wp-content\/uploads\/2021\/03\/chorno-con-los-bomberos.jpg\"><img loading=\"lazy\" decoding=\"async\" width=\"960\" height=\"744\" src=\"https:\/\/www.elsindical.com.ar\/notas\/var\/www\/html\/notas\/wp-content\/uploads\/2021\/03\/chorno-con-los-bomberos.jpg\" alt=\"\" class=\"wp-image-103086\" srcset=\"https:\/\/www.elsindical.com.ar\/notas\/var\/www\/html\/notas\/wp-content\/uploads\/2021\/03\/chorno-con-los-bomberos.jpg 960w, https:\/\/www.elsindical.com.ar\/notas\/var\/www\/html\/notas\/wp-content\/uploads\/2021\/03\/chorno-con-los-bomberos-300x233.jpg 300w, https:\/\/www.elsindical.com.ar\/notas\/var\/www\/html\/notas\/wp-content\/uploads\/2021\/03\/chorno-con-los-bomberos-768x595.jpg 768w, https:\/\/www.elsindical.com.ar\/notas\/var\/www\/html\/notas\/wp-content\/uploads\/2021\/03\/chorno-con-los-bomberos-387x300.jpg 387w\" sizes=\"auto, (max-width: 960px) 100vw, 960px\" \/><\/a><\/figure>\n\n\n\n<p>       Y parece que las cosas van de mal en peor con la no gesti\u00f3n de Alejo Chornobroff, Avellaneda es un caos, los robos no paran, los vecinos se quejan, se organizan para una manifestaci\u00f3n de protesta en reclamo de seguridad, ya los vecinos no se callan y denuncian corrupci\u00f3n tanto del municipio como de la polic\u00eda que mientras roban en zonas donde no se ve un patrullero, hay polic\u00edas para cuidar el Polo Gastron\u00f3mico y un delibery de bebidas nocturno en Gerli.<\/p>\n\n\n\n<p>A Alejo Chornobroff no lo salvan ni los bomberos, el fin de semana vecinos de Gerli, denunciaron en redes sociales que no pueden descansar por las molestias que generan los clientes de un kiosco y una despensa de bebidas alcoh\u00f3licas nocturnas en la calle Salta y Campichuelo de la localidad de Gerli, los vecinos indignados dicen que llevan un a\u00f1o llamando al municipio y que incluso el subsecretario de seguridad Marcelo Rey prometi\u00f3 ocuparse del tema pero todo sigue igual. Para peor parecer\u00eda que se burlan de los vecinos ya que de madrugada suele permanecer estacionado un patrullero o dar vueltas cuidando la Despensa de Juanse que vende bebidas violando la Ley 11.825 que establece el l\u00edmite horario en las 23:00 hs.<\/p>\n\n\n\n<figure class=\"wp-block-image size-large\"><a href=\"https:\/\/www.elsindical.com.ar\/notas\/var\/www\/html\/notas\/wp-content\/uploads\/2021\/03\/Salta-al-2000-Gerli.jpg\"><img loading=\"lazy\" decoding=\"async\" width=\"768\" height=\"1024\" src=\"https:\/\/www.elsindical.com.ar\/notas\/var\/www\/html\/notas\/wp-content\/uploads\/2021\/03\/Salta-al-2000-Gerli-768x1024.jpg\" alt=\"\" class=\"wp-image-103087\" srcset=\"https:\/\/www.elsindical.com.ar\/notas\/var\/www\/html\/notas\/wp-content\/uploads\/2021\/03\/Salta-al-2000-Gerli-768x1024.jpg 768w, https:\/\/www.elsindical.com.ar\/notas\/var\/www\/html\/notas\/wp-content\/uploads\/2021\/03\/Salta-al-2000-Gerli-225x300.jpg 225w, https:\/\/www.elsindical.com.ar\/notas\/var\/www\/html\/notas\/wp-content\/uploads\/2021\/03\/Salta-al-2000-Gerli.jpg 867w\" sizes=\"auto, (max-width: 768px) 100vw, 768px\" \/><\/a><\/figure>\n\n\n\n<p>Un esc\u00e1ndalo similar ocurre con el Polo Gastron\u00f3mico donde hay polic\u00edas, Cuidadores Ciudadanos, personal de tr\u00e1nsito y a\u00fan as\u00ed, los vecinos denuncian ruidos molestos, picadas, fiestas clandestinas, incumplimiento de los horarios de los bares y por si fuera poco un sujeto que fue perseguido por la polic\u00eda y agredi\u00f3 a una mujer polic\u00eda se presenta en las redes sociales como amigo \u00edntimo de Alejo Chornobroff.<\/p>\n\n\n\n<figure class=\"wp-block-image size-large\"><a href=\"https:\/\/www.elsindical.com.ar\/notas\/var\/www\/html\/notas\/wp-content\/uploads\/2021\/03\/cuidando-el-Polo-Gastronomico.jpg\"><img loading=\"lazy\" decoding=\"async\" width=\"1024\" height=\"742\" src=\"https:\/\/www.elsindical.com.ar\/notas\/var\/www\/html\/notas\/wp-content\/uploads\/2021\/03\/cuidando-el-Polo-Gastronomico-1024x742.jpg\" alt=\"\" class=\"wp-image-103072\" srcset=\"https:\/\/www.elsindical.com.ar\/notas\/var\/www\/html\/notas\/wp-content\/uploads\/2021\/03\/cuidando-el-Polo-Gastronomico-1024x742.jpg 1024w, https:\/\/www.elsindical.com.ar\/notas\/var\/www\/html\/notas\/wp-content\/uploads\/2021\/03\/cuidando-el-Polo-Gastronomico-300x218.jpg 300w, https:\/\/www.elsindical.com.ar\/notas\/var\/www\/html\/notas\/wp-content\/uploads\/2021\/03\/cuidando-el-Polo-Gastronomico-768x557.jpg 768w, https:\/\/www.elsindical.com.ar\/notas\/var\/www\/html\/notas\/wp-content\/uploads\/2021\/03\/cuidando-el-Polo-Gastronomico-414x300.jpg 414w, https:\/\/www.elsindical.com.ar\/notas\/var\/www\/html\/notas\/wp-content\/uploads\/2021\/03\/cuidando-el-Polo-Gastronomico.jpg 1080w\" sizes=\"auto, (max-width: 1024px) 100vw, 1024px\" \/><\/a><\/figure>\n\n\n\n<figure class=\"wp-block-image size-large\"><a href=\"https:\/\/www.elsindical.com.ar\/notas\/var\/www\/html\/notas\/wp-content\/uploads\/2021\/03\/Cristian-Boullon-y-Alejo.jpg\"><img loading=\"lazy\" decoding=\"async\" width=\"929\" height=\"594\" src=\"https:\/\/www.elsindical.com.ar\/notas\/var\/www\/html\/notas\/wp-content\/uploads\/2021\/03\/Cristian-Boullon-y-Alejo.jpg\" alt=\"\" class=\"wp-image-103071\" srcset=\"https:\/\/www.elsindical.com.ar\/notas\/var\/www\/html\/notas\/wp-content\/uploads\/2021\/03\/Cristian-Boullon-y-Alejo.jpg 929w, https:\/\/www.elsindical.com.ar\/notas\/var\/www\/html\/notas\/wp-content\/uploads\/2021\/03\/Cristian-Boullon-y-Alejo-300x192.jpg 300w, https:\/\/www.elsindical.com.ar\/notas\/var\/www\/html\/notas\/wp-content\/uploads\/2021\/03\/Cristian-Boullon-y-Alejo-768x491.jpg 768w, https:\/\/www.elsindical.com.ar\/notas\/var\/www\/html\/notas\/wp-content\/uploads\/2021\/03\/Cristian-Boullon-y-Alejo-469x300.jpg 469w\" sizes=\"auto, (max-width: 929px) 100vw, 929px\" \/><\/a><\/figure>\n\n\n\n<p>Siguen las calles rotas, se repavimentan las que no estaban en mal estado y no se reparan las que son una trampa para los vecinos.<\/p>\n\n\n\n<p>Los vecinos no paran de insultar y quejar en las redes sociales por el aumento de la patente de los autos municipalizados.<\/p>\n\n\n\n<p>Arranc\u00f3 la semana con el pie izquierdo el \u00abintendente\u00bb.<\/p>\n\n\n\n<p>Por Marcelo Ricardo Hawrylciw<\/p>\n","protected":false},"excerpt":{"rendered":"<p>Y parece que las cosas van de mal en peor con la no gesti\u00f3n de Alejo Chornobroff, Avellaneda es un caos, los robos no paran, los vecinos se quejan, se organizan para una manifestaci\u00f3n de protesta en reclamo de seguridad, ya los vecinos no se callan y denuncian corrupci\u00f3n tanto del municipio como de la&hellip;<\/p>\n","protected":false},"author":1,"featured_media":103086,"comment_status":"open","ping_status":"open","sticky":false,"template":"","format":"standard","meta":{"footnotes":""},"categories":[10],"tags":[30014,461,1369,22020,34353,2450,1662,32088,986],"class_list":["post-103085","post","type-post","status-publish","format-standard","has-post-thumbnail","hentry","category-editorial","tag-alejo-chornobroff","tag-avellaneda","tag-bomberos","tag-denuncias","tag-despensa-juanse","tag-diario-el-sindical","tag-gerli","tag-polo-gastronomico","tag-vecinos"],"_links":{"self":[{"href":"https:\/\/www.elsindical.com.ar\/notas\/wp-json\/wp\/v2\/posts\/103085","targetHints":{"allow":["GET"]}}],"collection":[{"href":"https:\/\/www.elsindical.com.ar\/notas\/wp-json\/wp\/v2\/posts"}],"about":[{"href":"https:\/\/www.elsindical.com.ar\/notas\/wp-json\/wp\/v2\/types\/post"}],"author":[{"embeddable":true,"href":"https:\/\/www.elsindical.com.ar\/notas\/wp-json\/wp\/v2\/users\/1"}],"replies":[{"embeddable":true,"href":"https:\/\/www.elsindical.com.ar\/notas\/wp-json\/wp\/v2\/comments?post=103085"}],"version-history":[{"count":1,"href":"https:\/\/www.elsindical.com.ar\/notas\/wp-json\/wp\/v2\/posts\/103085\/revisions"}],"predecessor-version":[{"id":103088,"href":"https:\/\/www.elsindical.com.ar\/notas\/wp-json\/wp\/v2\/posts\/103085\/revisions\/103088"}],"wp:featuredmedia":[{"embeddable":true,"href":"https:\/\/www.elsindical.com.ar\/notas\/wp-json\/wp\/v2\/media\/103086"}],"wp:attachment":[{"href":"https:\/\/www.elsindical.com.ar\/notas\/wp-json\/wp\/v2\/media?parent=103085"}],"wp:term":[{"taxonomy":"category","embeddable":true,"href":"https:\/\/www.elsindical.com.ar\/notas\/wp-json\/wp\/v2\/categories?post=103085"},{"taxonomy":"post_tag","embeddable":true,"href":"https:\/\/www.elsindical.com.ar\/notas\/wp-json\/wp\/v2\/tags?post=103085"}],"curies":[{"name":"wp","href":"https:\/\/api.w.org\/{rel}","templated":true}]}}