{"id":103029,"date":"2021-03-06T22:06:36","date_gmt":"2021-03-07T01:06:36","guid":{"rendered":"https:\/\/www.elsindical.com.ar\/notas\/?p=103029"},"modified":"2021-03-06T22:06:37","modified_gmt":"2021-03-07T01:06:37","slug":"quilmes-detienen-a-violenta-banda-de-delincuentes","status":"publish","type":"post","link":"https:\/\/www.elsindical.com.ar\/notas\/quilmes-detienen-a-violenta-banda-de-delincuentes\/","title":{"rendered":"Quilmes: Detienen a violenta banda de delincuentes"},"content":{"rendered":"\n<figure class=\"wp-block-image size-large\"><a href=\"https:\/\/www.elsindical.com.ar\/notas\/var\/www\/html\/notas\/wp-content\/uploads\/2021\/03\/jsaiosis.jpg\"><img loading=\"lazy\" decoding=\"async\" width=\"1024\" height=\"498\" src=\"https:\/\/www.elsindical.com.ar\/notas\/var\/www\/html\/notas\/wp-content\/uploads\/2021\/03\/jsaiosis-1024x498.jpg\" alt=\"\" class=\"wp-image-103030\" srcset=\"https:\/\/www.elsindical.com.ar\/notas\/var\/www\/html\/notas\/wp-content\/uploads\/2021\/03\/jsaiosis-1024x498.jpg 1024w, https:\/\/www.elsindical.com.ar\/notas\/var\/www\/html\/notas\/wp-content\/uploads\/2021\/03\/jsaiosis-300x146.jpg 300w, https:\/\/www.elsindical.com.ar\/notas\/var\/www\/html\/notas\/wp-content\/uploads\/2021\/03\/jsaiosis-768x373.jpg 768w, https:\/\/www.elsindical.com.ar\/notas\/var\/www\/html\/notas\/wp-content\/uploads\/2021\/03\/jsaiosis-500x243.jpg 500w, https:\/\/www.elsindical.com.ar\/notas\/var\/www\/html\/notas\/wp-content\/uploads\/2021\/03\/jsaiosis.jpg 1271w\" sizes=\"auto, (max-width: 1024px) 100vw, 1024px\" \/><\/a><\/figure>\n\n\n\n<p>   Efectivos de la polic\u00eda bonaerense pudieron aprehender a tres peligrosos delincuentes en momentos que intentaban huir de una vivienda en la que cometieron un violento robo donde lesionaron a los moradores.<\/p>\n\n\n\n<p>Efectivos de la comisar\u00eda 3ra de Quilmes, dependientes de la Superintendencia Regi\u00f3n AMBA SUR I, a cargo del Superintendente Javier Carlos Villar, concurrieron a un llamado al 911 sobre un robo en progreso en una vivienda ubicada en la calle Per\u00f3n al 1400, la pronta respuesta policial luego de algunas nuevas directivas de la superioridad, permiti\u00f3 que los 3 delincuentes fueran aprehendidos.<\/p>\n\n\n\n<p>Los peligrosos delincuentes fueron identificados como H\u00e9ctor Manegas de 24 a\u00f1os, Alexis Dami\u00e1n Dangelo de 31 a\u00f1os y Jorge Adri\u00e1n Ricchi de 34 a\u00f1os, todos con domicilio en Quilmes y se les secuestraron armas de guerra, se recuper\u00f3 el dinero sustra\u00eddo y se investigan otros hechos similares cometidos en Quilmes.<\/p>\n","protected":false},"excerpt":{"rendered":"<p>Efectivos de la polic\u00eda bonaerense pudieron aprehender a tres peligrosos delincuentes en momentos que intentaban huir de una vivienda en la que cometieron un violento robo donde lesionaron a los moradores. Efectivos de la comisar\u00eda 3ra de Quilmes, dependientes de la Superintendencia Regi\u00f3n AMBA SUR I, a cargo del Superintendente Javier Carlos Villar, concurrieron a&hellip;<\/p>\n","protected":false},"author":1,"featured_media":103030,"comment_status":"open","ping_status":"open","sticky":false,"template":"","format":"standard","meta":{"footnotes":""},"categories":[22],"tags":[581,2450,1739,22030,23878,684,14193,32890,32891],"class_list":["post-103029","post","type-post","status-publish","format-standard","has-post-thumbnail","hentry","category-policiales","tag-delincuentes","tag-diario-el-sindical","tag-lesiones","tag-policiales","tag-portacion-ilegal-arma-de-guerra","tag-quilmes","tag-robo-agravado","tag-superintendencia-region-amba-sur-i","tag-superintendente-javier-carlos-villar"],"_links":{"self":[{"href":"https:\/\/www.elsindical.com.ar\/notas\/wp-json\/wp\/v2\/posts\/103029","targetHints":{"allow":["GET"]}}],"collection":[{"href":"https:\/\/www.elsindical.com.ar\/notas\/wp-json\/wp\/v2\/posts"}],"about":[{"href":"https:\/\/www.elsindical.com.ar\/notas\/wp-json\/wp\/v2\/types\/post"}],"author":[{"embeddable":true,"href":"https:\/\/www.elsindical.com.ar\/notas\/wp-json\/wp\/v2\/users\/1"}],"replies":[{"embeddable":true,"href":"https:\/\/www.elsindical.com.ar\/notas\/wp-json\/wp\/v2\/comments?post=103029"}],"version-history":[{"count":1,"href":"https:\/\/www.elsindical.com.ar\/notas\/wp-json\/wp\/v2\/posts\/103029\/revisions"}],"predecessor-version":[{"id":103031,"href":"https:\/\/www.elsindical.com.ar\/notas\/wp-json\/wp\/v2\/posts\/103029\/revisions\/103031"}],"wp:featuredmedia":[{"embeddable":true,"href":"https:\/\/www.elsindical.com.ar\/notas\/wp-json\/wp\/v2\/media\/103030"}],"wp:attachment":[{"href":"https:\/\/www.elsindical.com.ar\/notas\/wp-json\/wp\/v2\/media?parent=103029"}],"wp:term":[{"taxonomy":"category","embeddable":true,"href":"https:\/\/www.elsindical.com.ar\/notas\/wp-json\/wp\/v2\/categories?post=103029"},{"taxonomy":"post_tag","embeddable":true,"href":"https:\/\/www.elsindical.com.ar\/notas\/wp-json\/wp\/v2\/tags?post=103029"}],"curies":[{"name":"wp","href":"https:\/\/api.w.org\/{rel}","templated":true}]}}