{"id":102979,"date":"2021-03-05T07:36:12","date_gmt":"2021-03-05T10:36:12","guid":{"rendered":"https:\/\/www.elsindical.com.ar\/notas\/?p=102979"},"modified":"2021-03-05T07:36:13","modified_gmt":"2021-03-05T10:36:13","slug":"cristina-increpo-a-los-camaristas-que-la-juzgan-y-dijo-que-la-causa-es-una-farsa","status":"publish","type":"post","link":"https:\/\/www.elsindical.com.ar\/notas\/cristina-increpo-a-los-camaristas-que-la-juzgan-y-dijo-que-la-causa-es-una-farsa\/","title":{"rendered":"Cristina increp\u00f3 a los camaristas que la juzgan y dijo que la causa es una farsa"},"content":{"rendered":"\n<figure class=\"wp-block-image size-large\"><a href=\"https:\/\/www.elsindical.com.ar\/notas\/var\/www\/html\/notas\/wp-content\/uploads\/2021\/03\/Cristina-declaracion-por-zoom.jpg\"><img loading=\"lazy\" decoding=\"async\" width=\"1024\" height=\"564\" src=\"https:\/\/www.elsindical.com.ar\/notas\/var\/www\/html\/notas\/wp-content\/uploads\/2021\/03\/Cristina-declaracion-por-zoom-1024x564.jpg\" alt=\"\" class=\"wp-image-102980\" srcset=\"https:\/\/www.elsindical.com.ar\/notas\/var\/www\/html\/notas\/wp-content\/uploads\/2021\/03\/Cristina-declaracion-por-zoom-1024x564.jpg 1024w, https:\/\/www.elsindical.com.ar\/notas\/var\/www\/html\/notas\/wp-content\/uploads\/2021\/03\/Cristina-declaracion-por-zoom-300x165.jpg 300w, https:\/\/www.elsindical.com.ar\/notas\/var\/www\/html\/notas\/wp-content\/uploads\/2021\/03\/Cristina-declaracion-por-zoom-768x423.jpg 768w, https:\/\/www.elsindical.com.ar\/notas\/var\/www\/html\/notas\/wp-content\/uploads\/2021\/03\/Cristina-declaracion-por-zoom-500x276.jpg 500w, https:\/\/www.elsindical.com.ar\/notas\/var\/www\/html\/notas\/wp-content\/uploads\/2021\/03\/Cristina-declaracion-por-zoom-1536x847.jpg 1536w, https:\/\/www.elsindical.com.ar\/notas\/var\/www\/html\/notas\/wp-content\/uploads\/2021\/03\/Cristina-declaracion-por-zoom-2048x1129.jpg 2048w\" sizes=\"auto, (max-width: 1024px) 100vw, 1024px\" \/><\/a><\/figure>\n\n\n\n<p class=\"wp-block-paragraph\">La Vicepresidenta declar\u00f3 en la causa d\u00f3lar futuro. \u00abEl lawfare sigue en su pleno apogeo\u00bb, advirti\u00f3.<\/p>\n\n\n\n<p class=\"wp-block-paragraph\">La vicepresidenta Cristina Fern\u00e1ndez de Kirchner desde las 10.30 en la causa conocida como \u201cD\u00f3lar futuro\u201d, donde est\u00e1 imputada junto a quien fuera su ministro de Econom\u00eda durante la \u00faltima presidencia, el gobernador Axel Kicillof. En el inicio de su intervenci\u00f3n denunci\u00f3 que es v\u00edctima de la estrategia del Lawfare y record\u00f3 que fue denunciada 5 d\u00edas despu\u00e9s de la primera vuelta electoral por los presidentes de bloque del principal partido opositor que disputaba la primera magistratura.<\/p>\n\n\n\n<p class=\"wp-block-paragraph\">Con un discurso encendido, la exmandataria acus\u00f3 a los jueces de ser corresponsables de las condiciones que permitieron tomar un cr\u00e9dito con el FMI por 44 mil millones de d\u00f3lares que tom\u00f3 el gobierno anterior y denunci\u00f3 que no se pueden aumentar las jubilaciones por el elevado nivel de endeudamiento de la Argentina.<\/p>\n\n\n\n<p class=\"wp-block-paragraph\">\u201cNo les voy a pedir el sobreseimiento, hagan lo que tengan que hacer\u201d, les dijo a los jueces, desde su oficinas en el Senado Nacional.<\/p>\n\n\n\n<p class=\"wp-block-paragraph\">Fern\u00e1ndez de Kirchner critic\u00f3 que \u201cel lawfare sigue en su pleno apogeo\u201d, al criticar decisiones de la C\u00e1mara Federal de Casaci\u00f3n. \u201cEs preocupante que fijen una audiencia para el 1 de marzo para alguien que es Vicepresidenta, cuando se sabe que ese d\u00eda, en ese horario, debe convocar a la Asamblea Legislativa, esperar al Presidente y sentarse a su lado para dirigir la asamblea. Si fue un error, es muy preocupante que se desconozca la situaci\u00f3n\u201d.<\/p>\n\n\n\n<p class=\"wp-block-paragraph\">En otro tramo de su mensaje al Poder Judicial, Fern\u00e1ndez de Kirchner sostuvo: \u201cYo siempre di la cara y la voy a seguir dando\u201d, en las distintas acusaciones, a diferencia del \u201canonimato de quienes deciden determinado tipo de causas\u201d. Y sostuvo: \u201cSer\u00eda bueno que no solo apareciera mi cara\u201d.<\/p>\n\n\n\n<p class=\"wp-block-paragraph\">La expresidenta dijo que la causa por el \u201cd\u00f3lar futuro\u201d fue \u201cno solamente \u2018lawfare\u2019 sino tambi\u00e9n intromisi\u00f3n y manipulaci\u00f3n de procesos electorales y pol\u00edtica en general\u201d por parte de miembros del Poder Judicial.<\/p>\n\n\n\n<p class=\"wp-block-paragraph\">Tambi\u00e9n record\u00f3 los contratos de d\u00f3lar futuro \u201clos ten\u00edan los amigos de Macri y sus funcionarios\u201d.<\/p>\n\n\n\n<p class=\"wp-block-paragraph\">En este sentido, consider\u00f3 que el Poder Judicial \u201ces responsable de lo que pas\u00f3\u201d con el gobierno de Mauricio Macri y las consecuencias que a\u00fan se sufren, ya que contribuy\u00f3 a que el exmandatario ganara las elecciones.<\/p>\n\n\n\n<p class=\"wp-block-paragraph\">\u201cMe da mucha bronca porque la que sufre es la gente\u201d, dijo la vicepresidenta, y record\u00f3 que Macri \u201cviol\u00f3 todas las normas internas de la administraci\u00f3n p\u00fablica\u201d en el acuerdo con el FMI.<\/p>\n\n\n\n<p class=\"wp-block-paragraph\">\u201cEstamos en un momento muy grave institucionalmente. No pueden seguir comport\u00e1ndose como una corporaci\u00f3n\u201d, le endilg\u00f3 al Poder Judicial.<\/p>\n\n\n\n<p class=\"wp-block-paragraph\">En esa causa se la acusa de haber instruido al Banco Central a vender d\u00f3lares en el mercado de futuros a un precio inferior al que estimaba el mercado y que luego ser\u00eda validado por la gesti\u00f3n de Mauricio Macri a trav\u00e9s de una devaluaci\u00f3n.<\/p>\n\n\n\n<p class=\"wp-block-paragraph\">Poco despu\u00e9s de las 10:30 inici\u00f3 su alegato y se podr\u00e1 ver en todo el pa\u00eds a trav\u00e9s de internet ya que la Sala I de la C\u00e1mara de Casaci\u00f3n rechaz\u00f3 el pedido de que Cristina Fern\u00e1ndez de Kirchner y Axel Kicillof est\u00e9n presentes en la audiencia de este jueves, pero admiti\u00f3 que se presenten por Zoom y se transmitan p\u00fablicamente.<\/p>\n\n\n\n<p class=\"wp-block-paragraph\">Carlos Beraldi, abogado de la expresidenta, present\u00f3 el lunes un escrito reclamando que los recursos se traten de forma presencial porque tanto la Vicepresidenta como el Gobernador van a ejercer su propia defensa.<\/p>\n\n\n\n<p class=\"wp-block-paragraph\">La Sala I hab\u00eda enviado el viernes pasado un instructivo en el que se adelantaba una restricci\u00f3n total: \u201cQueda prohibido retransmitir la audiencia por cualquier medio tecnol\u00f3gico, total o parcialmente, as\u00ed como la difusi\u00f3n de videos, im\u00e1genes, capturas de pantalla o audios de dicho acto procesal por cualquier otro medio o dispositivo, simult\u00e1neamente o con posterioridad a su ocurrencia\u201d.<\/p>\n","protected":false},"excerpt":{"rendered":"<p>La Vicepresidenta declar\u00f3 en la causa d\u00f3lar futuro. \u00abEl lawfare sigue en su pleno apogeo\u00bb, advirti\u00f3. La vicepresidenta Cristina Fern\u00e1ndez de Kirchner desde las 10.30 en la causa conocida como \u201cD\u00f3lar futuro\u201d, donde est\u00e1 imputada junto a quien fuera su ministro de Econom\u00eda durante la \u00faltima presidencia, el gobernador Axel Kicillof. En el inicio de&hellip;<\/p>\n","protected":false},"author":1,"featured_media":102980,"comment_status":"open","ping_status":"open","sticky":false,"template":"","format":"standard","meta":{"footnotes":""},"categories":[20,13],"tags":[13798,1205,2574,2450,41,34013,76,9036],"class_list":["post-102979","post","type-post","status-publish","format-standard","has-post-thumbnail","hentry","category-judiciales","category-politica","tag-axel-kicillof","tag-cristina-fernandez-de-kirchner","tag-declaracion","tag-diario-el-sindical","tag-justicia","tag-lawfare","tag-mauricio-macri","tag-zoom"],"_links":{"self":[{"href":"https:\/\/www.elsindical.com.ar\/notas\/wp-json\/wp\/v2\/posts\/102979","targetHints":{"allow":["GET"]}}],"collection":[{"href":"https:\/\/www.elsindical.com.ar\/notas\/wp-json\/wp\/v2\/posts"}],"about":[{"href":"https:\/\/www.elsindical.com.ar\/notas\/wp-json\/wp\/v2\/types\/post"}],"author":[{"embeddable":true,"href":"https:\/\/www.elsindical.com.ar\/notas\/wp-json\/wp\/v2\/users\/1"}],"replies":[{"embeddable":true,"href":"https:\/\/www.elsindical.com.ar\/notas\/wp-json\/wp\/v2\/comments?post=102979"}],"version-history":[{"count":1,"href":"https:\/\/www.elsindical.com.ar\/notas\/wp-json\/wp\/v2\/posts\/102979\/revisions"}],"predecessor-version":[{"id":102981,"href":"https:\/\/www.elsindical.com.ar\/notas\/wp-json\/wp\/v2\/posts\/102979\/revisions\/102981"}],"wp:featuredmedia":[{"embeddable":true,"href":"https:\/\/www.elsindical.com.ar\/notas\/wp-json\/wp\/v2\/media\/102980"}],"wp:attachment":[{"href":"https:\/\/www.elsindical.com.ar\/notas\/wp-json\/wp\/v2\/media?parent=102979"}],"wp:term":[{"taxonomy":"category","embeddable":true,"href":"https:\/\/www.elsindical.com.ar\/notas\/wp-json\/wp\/v2\/categories?post=102979"},{"taxonomy":"post_tag","embeddable":true,"href":"https:\/\/www.elsindical.com.ar\/notas\/wp-json\/wp\/v2\/tags?post=102979"}],"curies":[{"name":"wp","href":"https:\/\/api.w.org\/{rel}","templated":true}]}}