{"id":102949,"date":"2021-03-03T22:27:13","date_gmt":"2021-03-04T01:27:13","guid":{"rendered":"https:\/\/www.elsindical.com.ar\/notas\/?p=102949"},"modified":"2021-03-03T22:27:14","modified_gmt":"2021-03-04T01:27:14","slug":"alejo-chornobroff-jugando-al-intendente-dia-14","status":"publish","type":"post","link":"https:\/\/www.elsindical.com.ar\/notas\/alejo-chornobroff-jugando-al-intendente-dia-14\/","title":{"rendered":"Alejo Chornobroff, jugando al intendente d\u00eda 14"},"content":{"rendered":"\n<figure class=\"wp-block-image size-large\"><a href=\"https:\/\/www.elsindical.com.ar\/notas\/var\/www\/html\/notas\/wp-content\/uploads\/2021\/03\/Chornobroff-inauguro-lesgislativas.jpg\"><img loading=\"lazy\" decoding=\"async\" width=\"1024\" height=\"717\" src=\"https:\/\/www.elsindical.com.ar\/notas\/var\/www\/html\/notas\/wp-content\/uploads\/2021\/03\/Chornobroff-inauguro-lesgislativas-1024x717.jpg\" alt=\"\" class=\"wp-image-102950\" srcset=\"https:\/\/www.elsindical.com.ar\/notas\/var\/www\/html\/notas\/wp-content\/uploads\/2021\/03\/Chornobroff-inauguro-lesgislativas-1024x717.jpg 1024w, https:\/\/www.elsindical.com.ar\/notas\/var\/www\/html\/notas\/wp-content\/uploads\/2021\/03\/Chornobroff-inauguro-lesgislativas-300x210.jpg 300w, https:\/\/www.elsindical.com.ar\/notas\/var\/www\/html\/notas\/wp-content\/uploads\/2021\/03\/Chornobroff-inauguro-lesgislativas-768x538.jpg 768w, https:\/\/www.elsindical.com.ar\/notas\/var\/www\/html\/notas\/wp-content\/uploads\/2021\/03\/Chornobroff-inauguro-lesgislativas-429x300.jpg 429w, https:\/\/www.elsindical.com.ar\/notas\/var\/www\/html\/notas\/wp-content\/uploads\/2021\/03\/Chornobroff-inauguro-lesgislativas.jpg 1280w\" sizes=\"auto, (max-width: 1024px) 100vw, 1024px\" \/><\/a><\/figure>\n\n\n\n<p class=\"wp-block-paragraph\">       El \u00abintendente\u00bb Alejo Chornobroff vivi\u00f3 su d\u00eda m\u00e1s importante en la ficci\u00f3n que lo tiene como protagonista, al inaugurar las actividades del HCD, en el 108 per\u00edodo, obviamente controlado de muy cerca por mam\u00e1 Magdalena Sierra y pap\u00e1 Jorge Ferraresi.<\/p>\n\n\n\n<p class=\"wp-block-paragraph\">La sesi\u00f3n fue presidida por el titular del HCD, Hugo Barrueco y participaron los 24 concejales de los diferentes bloques que componen el poder legislativo local o mejor la escriban\u00eda oficial.<\/p>\n\n\n\n<p class=\"wp-block-paragraph\">Entre los presentes en esta sesi\u00f3n especial se destacaron los ex intendentes Luis Sagol y Oscar Laborde; el senador provincial Emmanuel Gonz\u00e1lez Santalla; el director nacional de Lucha contra el Narcotr\u00e1fico, Pablo Vera; la presidenta del CEAMSE, M\u00f3nica Cappellini; el presidente de la Uni\u00f3n Industrial de Avellaneda, Jorge Matricali, el decano de la UTN Regional Avellaneda, Jorge Del Gener; los secretarios del Poder Ejecutivo Municipal, otros funcionarios locales y representantes de todos los sectores que componen nuestra comunidad.<\/p>\n\n\n\n<p class=\"wp-block-paragraph\">Con semejantes personajes presentes, \u00bfqu\u00e9 puede salir mal?, Chornobroff volvi\u00f3 a mostrar que lo suyo no es la oratoria y cuando hizo un relato de lo que se hizo en el 2020 y los proyectos minti\u00f3 al hablar de los progresos en seguridad, los delitos crecen d\u00eda a d\u00eda y solo alguien que no teme hacer el rid\u00edculo puede afirmar una cosa distinta a la realidad.<\/p>\n\n\n\n<p class=\"wp-block-paragraph\">No dejo de destacar el trabajo del Observatorio Social que preside Magdalena Sierra y su rol como Jefe de Gabinete, en una clara muestra de que ser\u00e1 la pr\u00f3xima candidata oficialista a intendente.<\/p>\n\n\n\n<p class=\"wp-block-paragraph\">Es extra\u00f1a la presencia a diario y por todo el d\u00eda del ahora ministro Jorge Ferraresi en el partido se supone que es un ministro nacional y deber\u00eda estar ocupado en lugar de estar en todos los actos del municipio. En donde la figura del intendente Alejo queda desdibujada y el propio Chornobroff suele salir en las fotos mirando el cielo, el techo o vaya uno a saber qu\u00e9.<\/p>\n\n\n\n<p class=\"wp-block-paragraph\">Seguimos con un intendente sin personalidad, sin carisma y sin capacidad.<\/p>\n\n\n\n<figure class=\"wp-block-image size-large\"><a href=\"https:\/\/www.elsindical.com.ar\/notas\/var\/www\/html\/notas\/wp-content\/uploads\/2021\/03\/Chorno-en-jardin.jpg\"><img loading=\"lazy\" decoding=\"async\" width=\"1024\" height=\"683\" src=\"https:\/\/www.elsindical.com.ar\/notas\/var\/www\/html\/notas\/wp-content\/uploads\/2021\/03\/Chorno-en-jardin-1024x683.jpg\" alt=\"\" class=\"wp-image-102951\" srcset=\"https:\/\/www.elsindical.com.ar\/notas\/var\/www\/html\/notas\/wp-content\/uploads\/2021\/03\/Chorno-en-jardin-1024x683.jpg 1024w, https:\/\/www.elsindical.com.ar\/notas\/var\/www\/html\/notas\/wp-content\/uploads\/2021\/03\/Chorno-en-jardin-300x200.jpg 300w, https:\/\/www.elsindical.com.ar\/notas\/var\/www\/html\/notas\/wp-content\/uploads\/2021\/03\/Chorno-en-jardin-768x512.jpg 768w, https:\/\/www.elsindical.com.ar\/notas\/var\/www\/html\/notas\/wp-content\/uploads\/2021\/03\/Chorno-en-jardin-450x300.jpg 450w, https:\/\/www.elsindical.com.ar\/notas\/var\/www\/html\/notas\/wp-content\/uploads\/2021\/03\/Chorno-en-jardin.jpg 1116w\" sizes=\"auto, (max-width: 1024px) 100vw, 1024px\" \/><\/a><\/figure>\n\n\n\n<p class=\"wp-block-paragraph\">Por Marcelo Ricardo Hawrylciw<\/p>\n","protected":false},"excerpt":{"rendered":"<p>El \u00abintendente\u00bb Alejo Chornobroff vivi\u00f3 su d\u00eda m\u00e1s importante en la ficci\u00f3n que lo tiene como protagonista, al inaugurar las actividades del HCD, en el 108 per\u00edodo, obviamente controlado de muy cerca por mam\u00e1 Magdalena Sierra y pap\u00e1 Jorge Ferraresi. La sesi\u00f3n fue presidida por el titular del HCD, Hugo Barrueco y participaron los 24&hellip;<\/p>\n","protected":false},"author":1,"featured_media":102950,"comment_status":"open","ping_status":"open","sticky":false,"template":"","format":"standard","meta":{"footnotes":""},"categories":[10],"tags":[30014,2450,19350,17603,1062,16519,13467],"class_list":["post-102949","post","type-post","status-publish","format-standard","has-post-thumbnail","hentry","category-editorial","tag-alejo-chornobroff","tag-diario-el-sindical","tag-emmanuel-gonzalez-santalla","tag-hugo-barrueco","tag-jorge-ferraresi","tag-magdalena-sierra","tag-pablo-vera"],"_links":{"self":[{"href":"https:\/\/www.elsindical.com.ar\/notas\/wp-json\/wp\/v2\/posts\/102949","targetHints":{"allow":["GET"]}}],"collection":[{"href":"https:\/\/www.elsindical.com.ar\/notas\/wp-json\/wp\/v2\/posts"}],"about":[{"href":"https:\/\/www.elsindical.com.ar\/notas\/wp-json\/wp\/v2\/types\/post"}],"author":[{"embeddable":true,"href":"https:\/\/www.elsindical.com.ar\/notas\/wp-json\/wp\/v2\/users\/1"}],"replies":[{"embeddable":true,"href":"https:\/\/www.elsindical.com.ar\/notas\/wp-json\/wp\/v2\/comments?post=102949"}],"version-history":[{"count":1,"href":"https:\/\/www.elsindical.com.ar\/notas\/wp-json\/wp\/v2\/posts\/102949\/revisions"}],"predecessor-version":[{"id":102952,"href":"https:\/\/www.elsindical.com.ar\/notas\/wp-json\/wp\/v2\/posts\/102949\/revisions\/102952"}],"wp:featuredmedia":[{"embeddable":true,"href":"https:\/\/www.elsindical.com.ar\/notas\/wp-json\/wp\/v2\/media\/102950"}],"wp:attachment":[{"href":"https:\/\/www.elsindical.com.ar\/notas\/wp-json\/wp\/v2\/media?parent=102949"}],"wp:term":[{"taxonomy":"category","embeddable":true,"href":"https:\/\/www.elsindical.com.ar\/notas\/wp-json\/wp\/v2\/categories?post=102949"},{"taxonomy":"post_tag","embeddable":true,"href":"https:\/\/www.elsindical.com.ar\/notas\/wp-json\/wp\/v2\/tags?post=102949"}],"curies":[{"name":"wp","href":"https:\/\/api.w.org\/{rel}","templated":true}]}}