{"id":102889,"date":"2021-03-02T00:15:02","date_gmt":"2021-03-02T03:15:02","guid":{"rendered":"https:\/\/www.elsindical.com.ar\/notas\/?p=102889"},"modified":"2021-03-02T00:15:02","modified_gmt":"2021-03-02T03:15:02","slug":"prorrogan-por-un-periodo-mas-corto-el-trabajo-a-distancia-en-tribunales-bonaerenses","status":"publish","type":"post","link":"https:\/\/www.elsindical.com.ar\/notas\/prorrogan-por-un-periodo-mas-corto-el-trabajo-a-distancia-en-tribunales-bonaerenses\/","title":{"rendered":"Prorrogan por un per\u00edodo m\u00e1s corto el trabajo a distancia en tribunales bonaerenses"},"content":{"rendered":"\n<figure class=\"wp-block-image size-large\"><a href=\"https:\/\/www.elsindical.com.ar\/notas\/var\/www\/html\/notas\/wp-content\/uploads\/2019\/12\/Suprema-Corte-Bonaerense.jpg\"><img loading=\"lazy\" decoding=\"async\" width=\"800\" height=\"600\" src=\"https:\/\/www.elsindical.com.ar\/notas\/var\/www\/html\/notas\/wp-content\/uploads\/2019\/12\/Suprema-Corte-Bonaerense.jpg\" alt=\"\" class=\"wp-image-92094\" srcset=\"https:\/\/www.elsindical.com.ar\/notas\/var\/www\/html\/notas\/wp-content\/uploads\/2019\/12\/Suprema-Corte-Bonaerense.jpg 800w, https:\/\/www.elsindical.com.ar\/notas\/var\/www\/html\/notas\/wp-content\/uploads\/2019\/12\/Suprema-Corte-Bonaerense-300x225.jpg 300w, https:\/\/www.elsindical.com.ar\/notas\/var\/www\/html\/notas\/wp-content\/uploads\/2019\/12\/Suprema-Corte-Bonaerense-768x576.jpg 768w, https:\/\/www.elsindical.com.ar\/notas\/var\/www\/html\/notas\/wp-content\/uploads\/2019\/12\/Suprema-Corte-Bonaerense-400x300.jpg 400w\" sizes=\"auto, (max-width: 800px) 100vw, 800px\" \/><\/a><\/figure>\n\n\n\n<p>La Suprema Corte de Justicia bonaerense prorrog\u00f3 hasta el 12 de marzo las medidas dispuestas en el \u00e1mbito de los tribunales en el marco de la emergencia sanitaria por el coronavirus, de acuerdo al decreto del Gobierno nacional que extendi\u00f3 hasta ese d\u00eda el Distanciamiento Social, Preventivo y Obligatorio (Dispo).<\/p>\n\n\n\n<p>En una resoluci\u00f3n, la Corte bonaerense prorrog\u00f3 hasta ese d\u00eda el r\u00e9gimen especial instituido por la Resoluci\u00f3n SC N\u00ba 1250\/20, la cual establece, entre otras previsiones, la programaci\u00f3n y organizaci\u00f3n de turnos rotativos de personal para cumplir tareas presenciales.<\/p>\n\n\n\n<p>Tambi\u00e9n prev\u00e9 el m\u00e1ximo aprovechamiento de las herramientas tecnol\u00f3gicas y de las comunicaciones; la combinaci\u00f3n de servicios presenciales con prestaciones telem\u00e1ticas; el mantenimiento del teletrabajo; y la subsistencia de las causales de dispensa de actividad presencial oportunamente dispuestas.<\/p>\n\n\n\n<p>\u201cEncuadrado en el marco de lo dispuesto por el Decreto de Necesidad y Urgencia que mantiene la situaci\u00f3n de Distanciamiento Social y Preventivo Obligatorio en el territorio provincial hasta el pr\u00f3ximo 12 de marzo, lo dispuesto no obsta la posibilidad de incorporar adecuaciones, ajustes o el dictado de nuevas resoluciones para la mejor prestaci\u00f3n del servicio de justicia\u201d, concluy\u00f3.<\/p>\n\n\n\n<p>La Corte rese\u00f1\u00f3 que pese a la pandemia m\u00e1s de 13 millones de tr\u00e1mites judiciales se realizaron entre abril y septiembre en el \u00e1mbito del Poder Judicial de la provincia de Buenos Aires.<\/p>\n\n\n\n<p>En un informe, consign\u00f3 que en ese per\u00edodo ingresaron adem\u00e1s 339.566 expedientes y se iniciaron en forma completamente digital 145.511 causas.<\/p>\n\n\n\n<p>Tambi\u00e9n se realizaron m\u00e1s de cinco millones de presentaciones y notificaciones, la Mesa de Entradas Virtual (MEV) registr\u00f3 172.454 consultas y se efectuaron m\u00e1s de 52 mil reuniones virtuales<\/p>\n\n\n\n<p>El informe detall\u00f3 que en ese per\u00edodo la Suprema Corte emiti\u00f3 4.106 resoluciones, mientras que hubo otras 196.467 de los juzgados de primera instancia y 53.514 de los de alzada.<\/p>\n","protected":false},"excerpt":{"rendered":"<p>La Suprema Corte de Justicia bonaerense prorrog\u00f3 hasta el 12 de marzo las medidas dispuestas en el \u00e1mbito de los tribunales en el marco de la emergencia sanitaria por el coronavirus, de acuerdo al decreto del Gobierno nacional que extendi\u00f3 hasta ese d\u00eda el Distanciamiento Social, Preventivo y Obligatorio (Dispo). En una resoluci\u00f3n, la Corte&hellip;<\/p>\n","protected":false},"author":1,"featured_media":92094,"comment_status":"open","ping_status":"open","sticky":false,"template":"","format":"standard","meta":{"footnotes":""},"categories":[20],"tags":[2450,33772,9539,34317],"class_list":["post-102889","post","type-post","status-publish","format-standard","has-post-thumbnail","hentry","category-judiciales","tag-diario-el-sindical","tag-dispo","tag-suprema-corte-bonaerense","tag-trabajo-a-distancia"],"_links":{"self":[{"href":"https:\/\/www.elsindical.com.ar\/notas\/wp-json\/wp\/v2\/posts\/102889","targetHints":{"allow":["GET"]}}],"collection":[{"href":"https:\/\/www.elsindical.com.ar\/notas\/wp-json\/wp\/v2\/posts"}],"about":[{"href":"https:\/\/www.elsindical.com.ar\/notas\/wp-json\/wp\/v2\/types\/post"}],"author":[{"embeddable":true,"href":"https:\/\/www.elsindical.com.ar\/notas\/wp-json\/wp\/v2\/users\/1"}],"replies":[{"embeddable":true,"href":"https:\/\/www.elsindical.com.ar\/notas\/wp-json\/wp\/v2\/comments?post=102889"}],"version-history":[{"count":1,"href":"https:\/\/www.elsindical.com.ar\/notas\/wp-json\/wp\/v2\/posts\/102889\/revisions"}],"predecessor-version":[{"id":102890,"href":"https:\/\/www.elsindical.com.ar\/notas\/wp-json\/wp\/v2\/posts\/102889\/revisions\/102890"}],"wp:featuredmedia":[{"embeddable":true,"href":"https:\/\/www.elsindical.com.ar\/notas\/wp-json\/wp\/v2\/media\/92094"}],"wp:attachment":[{"href":"https:\/\/www.elsindical.com.ar\/notas\/wp-json\/wp\/v2\/media?parent=102889"}],"wp:term":[{"taxonomy":"category","embeddable":true,"href":"https:\/\/www.elsindical.com.ar\/notas\/wp-json\/wp\/v2\/categories?post=102889"},{"taxonomy":"post_tag","embeddable":true,"href":"https:\/\/www.elsindical.com.ar\/notas\/wp-json\/wp\/v2\/tags?post=102889"}],"curies":[{"name":"wp","href":"https:\/\/api.w.org\/{rel}","templated":true}]}}