{"id":10284,"date":"2010-10-19T02:37:35","date_gmt":"2010-10-19T05:37:35","guid":{"rendered":"http:\/\/www.elsindical.com.ar\/notas\/?p=10284"},"modified":"2010-10-19T02:37:35","modified_gmt":"2010-10-19T05:37:35","slug":"las-gruas-del-gobierno-de-la-ciudad-siguen-generando-problemas","status":"publish","type":"post","link":"https:\/\/www.elsindical.com.ar\/notas\/las-gruas-del-gobierno-de-la-ciudad-siguen-generando-problemas\/","title":{"rendered":"Las gr\u00faas del Gobierno de la Ciudad, siguen generando problemas"},"content":{"rendered":"<p style=\"text-align: justify;\">\u00a0\u00a0\u00a0<a href=\"http:\/\/www.elsindical.com.ar\/notas\/var\/www\/html\/notas\/wp-content\/uploads\/2010\/10\/gr\u00faa-32-GCBA.jpg\"><img loading=\"lazy\" decoding=\"async\" class=\"alignleft size-medium wp-image-10285\" title=\"gr\u00faa-32-GCBA\" src=\"http:\/\/www.elsindical.com.ar\/notas\/var\/www\/html\/notas\/wp-content\/uploads\/2010\/10\/gr\u00faa-32-GCBA-300x169.jpg\" alt=\"\" width=\"300\" height=\"169\" srcset=\"https:\/\/www.elsindical.com.ar\/notas\/var\/www\/html\/notas\/wp-content\/uploads\/2010\/10\/gr\u00faa-32-GCBA-300x169.jpg 300w, https:\/\/www.elsindical.com.ar\/notas\/var\/www\/html\/notas\/wp-content\/uploads\/2010\/10\/gr\u00faa-32-GCBA.jpg 413w\" sizes=\"auto, (max-width: 300px) 100vw, 300px\" \/><\/a> <em>En la tarde del lunes 18 de octubre a las 15:14 hs. en la intersecci\u00f3n de las calles Florida y Pte.Per\u00f3n, una <strong>gr\u00faa del Gobierno de la Ciudad<\/strong> identificada con el interno <strong>N\u00ba 32<\/strong>, intentaba acarrear un veh\u00edculo particular generando demoras en el tr\u00e1nsito.<\/em><\/p>\n<p style=\"text-align: justify;\">Una vez m\u00e1s, el diario El Sindical, fue testigo de la incapacidad de algunos de los empleados del Gobierno de la Ciudad, que al parecer no eval\u00faan las consecuencias de sus acciones.<\/p>\n<p style=\"text-align: justify;\">Como coment\u00e1mos anteriormente, sal\u00edamos del local de Falavela cuando la alarma de un auto atrajo nuestra atenci\u00f3n, y las quejas y bocinas advert\u00edan que el paso de los veh\u00edculos se demoraba por el intento de los dos empleados de la gr\u00faa que trataban de acarrear un Peugeot 504 negro, mientras en el interior de la camioneta, el agente de tr\u00e1nsito que deber\u00eda labrar como corresponde el acta en el lugar, trataba de escribir inc\u00f3modo.<\/p>\n<p style=\"text-align: justify;\">Ante esta nueva muestra de negligencia comenz\u00e1mos a filmar la escena, lo que hizo que los empleados se apuraran y luego en un acto de confirmaci\u00f3n de lo torpes que pueden ser algunos empledos, saludaban y sonre\u00edan mientras se alejaban.<\/p>\n<p style=\"text-align: justify;\">Volvemos a insistir en la falta de capacitaci\u00f3n que el Gobierno de la Ciudad les da como instrucci\u00f3n a sus empleados. No todo es recaudar, en esta ocasi\u00f3n varios pasajeros de taxis debieron bajarse y caminar por la demora de la gr\u00faa que cortaba la circulaci\u00f3n por la calle Pte. Per\u00f3n, que ya de por s\u00ed es angosta y lenta.\u00a0<\/p>\n<p><object classid=\"clsid:d27cdb6e-ae6d-11cf-96b8-444553540000\" width=\"560\" height=\"340\" codebase=\"http:\/\/download.macromedia.com\/pub\/shockwave\/cabs\/flash\/swflash.cab#version=6,0,40,0\"><param name=\"allowFullScreen\" value=\"true\" \/><param name=\"allowscriptaccess\" value=\"always\" \/><param name=\"src\" value=\"http:\/\/www.youtube.com\/v\/ZzYyUp5m3hk?fs=1&amp;hl=en_US\" \/><param name=\"allowfullscreen\" value=\"true\" \/><embed type=\"application\/x-shockwave-flash\" width=\"560\" height=\"340\" src=\"http:\/\/www.youtube.com\/v\/ZzYyUp5m3hk?fs=1&amp;hl=en_US\" allowfullscreen=\"true\" allowscriptaccess=\"always\"><\/embed><\/object><\/p>\n","protected":false},"excerpt":{"rendered":"<p>\u00a0\u00a0\u00a0 En la tarde del lunes 18 de octubre a las 15:14 hs. en la intersecci\u00f3n de las calles Florida y Pte.Per\u00f3n, una gr\u00faa del Gobierno de la Ciudad identificada con el interno N\u00ba 32, intentaba acarrear un veh\u00edculo particular generando demoras en el tr\u00e1nsito. Una vez m\u00e1s, el diario El Sindical, fue testigo de&hellip;<\/p>\n","protected":false},"author":1,"featured_media":0,"comment_status":"open","ping_status":"open","sticky":false,"template":"","format":"standard","meta":{"footnotes":""},"categories":[6],"tags":[1050,54,2879,4648,2437],"class_list":["post-10284","post","type-post","status-publish","format-standard","hentry","category-denuncias","tag-auto","tag-empleados","tag-estacionamiento","tag-grua","tag-transito"],"_links":{"self":[{"href":"https:\/\/www.elsindical.com.ar\/notas\/wp-json\/wp\/v2\/posts\/10284","targetHints":{"allow":["GET"]}}],"collection":[{"href":"https:\/\/www.elsindical.com.ar\/notas\/wp-json\/wp\/v2\/posts"}],"about":[{"href":"https:\/\/www.elsindical.com.ar\/notas\/wp-json\/wp\/v2\/types\/post"}],"author":[{"embeddable":true,"href":"https:\/\/www.elsindical.com.ar\/notas\/wp-json\/wp\/v2\/users\/1"}],"replies":[{"embeddable":true,"href":"https:\/\/www.elsindical.com.ar\/notas\/wp-json\/wp\/v2\/comments?post=10284"}],"version-history":[{"count":1,"href":"https:\/\/www.elsindical.com.ar\/notas\/wp-json\/wp\/v2\/posts\/10284\/revisions"}],"predecessor-version":[{"id":10286,"href":"https:\/\/www.elsindical.com.ar\/notas\/wp-json\/wp\/v2\/posts\/10284\/revisions\/10286"}],"wp:attachment":[{"href":"https:\/\/www.elsindical.com.ar\/notas\/wp-json\/wp\/v2\/media?parent=10284"}],"wp:term":[{"taxonomy":"category","embeddable":true,"href":"https:\/\/www.elsindical.com.ar\/notas\/wp-json\/wp\/v2\/categories?post=10284"},{"taxonomy":"post_tag","embeddable":true,"href":"https:\/\/www.elsindical.com.ar\/notas\/wp-json\/wp\/v2\/tags?post=10284"}],"curies":[{"name":"wp","href":"https:\/\/api.w.org\/{rel}","templated":true}]}}