{"id":102800,"date":"2021-02-27T22:00:06","date_gmt":"2021-02-28T01:00:06","guid":{"rendered":"https:\/\/www.elsindical.com.ar\/notas\/?p=102800"},"modified":"2021-02-27T22:10:32","modified_gmt":"2021-02-28T01:10:32","slug":"alejo-chornobroff-jugando-al-intendente-dia-12","status":"publish","type":"post","link":"https:\/\/www.elsindical.com.ar\/notas\/alejo-chornobroff-jugando-al-intendente-dia-12\/","title":{"rendered":"Alejo Chornobroff, jugando al intendente d\u00eda 12"},"content":{"rendered":"\n<figure class=\"wp-block-image size-large\"><a href=\"https:\/\/www.elsindical.com.ar\/notas\/var\/www\/html\/notas\/wp-content\/uploads\/2021\/02\/Alejo-Chor-2.jpg\"><img loading=\"lazy\" decoding=\"async\" width=\"960\" height=\"687\" src=\"https:\/\/www.elsindical.com.ar\/notas\/var\/www\/html\/notas\/wp-content\/uploads\/2021\/02\/Alejo-Chor-2.jpg\" alt=\"\" class=\"wp-image-102801\" srcset=\"https:\/\/www.elsindical.com.ar\/notas\/var\/www\/html\/notas\/wp-content\/uploads\/2021\/02\/Alejo-Chor-2.jpg 960w, https:\/\/www.elsindical.com.ar\/notas\/var\/www\/html\/notas\/wp-content\/uploads\/2021\/02\/Alejo-Chor-2-300x215.jpg 300w, https:\/\/www.elsindical.com.ar\/notas\/var\/www\/html\/notas\/wp-content\/uploads\/2021\/02\/Alejo-Chor-2-768x550.jpg 768w, https:\/\/www.elsindical.com.ar\/notas\/var\/www\/html\/notas\/wp-content\/uploads\/2021\/02\/Alejo-Chor-2-419x300.jpg 419w\" sizes=\"auto, (max-width: 960px) 100vw, 960px\" \/><\/a><\/figure>\n\n\n\n<p class=\"wp-block-paragraph\">     Don Alejo Chosnobroff sigue con ser el juguete del matrimonio de Jorge Ferraresi y Magdalena Sierra, lo ponen en un lado de la foto y as\u00ed ellos se instalan como el matrimonio pol\u00edtico salvador de los vecinos de Avellaneda.<\/p>\n\n\n\n<p class=\"wp-block-paragraph\">Por estos d\u00edas sigue fuerte la campa\u00f1a pol\u00edtica que intenta meter en la percepci\u00f3n de los vecinos la imagen de Magdalena Sierra cumpliendo funciones de intendente, s\u00ed la mujer de Ferraresi, la que cuentan los allegados que le ha perdonado todo para ser intendente, \u00bfle pagar\u00e1 con la misma moneda?.<\/p>\n\n\n\n<p class=\"wp-block-paragraph\">Por estos d\u00edas en el circo que han montado en Avellaneda Magdalena se mostro junto a Paula Espa\u00f1ol controlando precios, las acompa\u00f1o el impresentable subsecretario de defensa del consumidor del municipio Marcelo Fisicaro.<\/p>\n\n\n\n<p class=\"wp-block-paragraph\">Entre las actividades del Chornobroff, le toc\u00f3 ir de paseo a la plaza, all\u00ed visit\u00f3 la exposici\u00f3n, realizada en la plaza Alsina, se llev\u00f3 a cabo en el marco del Programa \u00abEl CMA sale a la plaza\u00bb. <\/p>\n\n\n\n<p class=\"wp-block-paragraph\">La recorrida consta de postas a lo largo y ancho de la plaza y cuenta con el registro fotogr\u00e1fico de artistas que retrataron el neoliberalismo de los \u00faltimos 4 a\u00f1os. La muestra estuvo a cargo de la fot\u00f3grafa y artista, M\u00f3nica Hasenberg.<\/p>\n\n\n\n<p class=\"wp-block-paragraph\">Pas\u00f3 por la pista de atletismo municipal y la verdad es que no es el mejor lugar para un hombre acusado de acosar mujeres para que se haga el simp\u00e1tico saludando y teniendo contacto f\u00edsico, pero parece que al \u00abnene\u00bb lo dejan que haga lo que le plazca mientras no sean actos de gobierno.<\/p>\n\n\n\n<p class=\"wp-block-paragraph\">Y de nuevo Jorge Ferraresi en un acto municipal esta vez en la visita al natatorio municipal NAO en el que se llev\u00f3 a cabo la toma de tiempo oficial del equipo de nataci\u00f3n paral\u00edmpica. Es un orgullo que 9 deportistas est\u00e9n representando a nuestra ciudad en el sudamericano juvenil de #Combia2021.<\/p>\n\n\n\n<p class=\"wp-block-paragraph\">Parece que Jorge Ferraresi prefiere pasar la mayor parte del tiempo en Avellaneda, en actos donde la figura deber\u00eda ser el intendente Chornobroff, pero tanto \u00e9l como Sierra siempre est\u00e1n ah\u00ed para quitarle protagonismo a Alejo que parece el ni\u00f1o Borromeo. <\/p>\n\n\n\n<p class=\"wp-block-paragraph\">Cerrando el d\u00eda, Alejo se expres\u00f3 repudiando el \u00abatentado\u00bb a la Unidad B\u00e1sica \u00abDiego Armando Maradona\u00bb, de la Agrupaci\u00f3n La C\u00e1mpora, en la esquina de las calles San Lorenzo y Cangallo, un local nuevo donde funcionaba un lavadero de autos y que fue gestionado por el senador provincial Emmanuel Santalla Gonz\u00e1lez, quien va por el record de expropiaciones en Avellaneda, un tema del que nadie habla y los medios locales se hacen los distra\u00eddos, porque esas expropiaciones que se realizan tienen un costo, costo que se paga con los impuestos nuestros y suelen terminar en viviendas para un uso pol\u00edtico, si los dirigentes de La C\u00e1mpora quieren propiedades que la paguen ellos.<\/p>\n\n\n\n<figure class=\"wp-block-gallery columns-1 is-cropped wp-block-gallery-1 is-layout-flex wp-block-gallery-is-layout-flex\"><ul class=\"blocks-gallery-grid\"><li class=\"blocks-gallery-item\"><figure><a href=\"https:\/\/www.elsindical.com.ar\/notas\/var\/www\/html\/notas\/wp-content\/uploads\/2021\/02\/153962092_4023441737748617_7680568907168564974_n.jpg\"><img loading=\"lazy\" decoding=\"async\" width=\"678\" height=\"678\" src=\"https:\/\/www.elsindical.com.ar\/notas\/var\/www\/html\/notas\/wp-content\/uploads\/2021\/02\/153962092_4023441737748617_7680568907168564974_n.jpg\" alt=\"\" data-id=\"102802\" data-full-url=\"https:\/\/www.elsindical.com.ar\/notas\/var\/www\/html\/notas\/wp-content\/uploads\/2021\/02\/153962092_4023441737748617_7680568907168564974_n.jpg\" data-link=\"https:\/\/www.elsindical.com.ar\/notas\/?attachment_id=102802#main\" class=\"wp-image-102802\" srcset=\"https:\/\/www.elsindical.com.ar\/notas\/var\/www\/html\/notas\/wp-content\/uploads\/2021\/02\/153962092_4023441737748617_7680568907168564974_n.jpg 678w, https:\/\/www.elsindical.com.ar\/notas\/var\/www\/html\/notas\/wp-content\/uploads\/2021\/02\/153962092_4023441737748617_7680568907168564974_n-300x300.jpg 300w, https:\/\/www.elsindical.com.ar\/notas\/var\/www\/html\/notas\/wp-content\/uploads\/2021\/02\/153962092_4023441737748617_7680568907168564974_n-150x150.jpg 150w, https:\/\/www.elsindical.com.ar\/notas\/var\/www\/html\/notas\/wp-content\/uploads\/2021\/02\/153962092_4023441737748617_7680568907168564974_n-50x50.jpg 50w\" sizes=\"auto, (max-width: 678px) 100vw, 678px\" \/><\/a><\/figure><\/li><li class=\"blocks-gallery-item\"><figure><a href=\"https:\/\/www.elsindical.com.ar\/notas\/var\/www\/html\/notas\/wp-content\/uploads\/2021\/02\/Alejo-Chor-1.jpg\"><img loading=\"lazy\" decoding=\"async\" width=\"960\" height=\"640\" src=\"https:\/\/www.elsindical.com.ar\/notas\/var\/www\/html\/notas\/wp-content\/uploads\/2021\/02\/Alejo-Chor-1.jpg\" alt=\"\" data-id=\"102803\" data-full-url=\"https:\/\/www.elsindical.com.ar\/notas\/var\/www\/html\/notas\/wp-content\/uploads\/2021\/02\/Alejo-Chor-1.jpg\" data-link=\"https:\/\/www.elsindical.com.ar\/notas\/?attachment_id=102803#main\" class=\"wp-image-102803\" srcset=\"https:\/\/www.elsindical.com.ar\/notas\/var\/www\/html\/notas\/wp-content\/uploads\/2021\/02\/Alejo-Chor-1.jpg 960w, https:\/\/www.elsindical.com.ar\/notas\/var\/www\/html\/notas\/wp-content\/uploads\/2021\/02\/Alejo-Chor-1-300x200.jpg 300w, https:\/\/www.elsindical.com.ar\/notas\/var\/www\/html\/notas\/wp-content\/uploads\/2021\/02\/Alejo-Chor-1-768x512.jpg 768w, https:\/\/www.elsindical.com.ar\/notas\/var\/www\/html\/notas\/wp-content\/uploads\/2021\/02\/Alejo-Chor-1-450x300.jpg 450w\" sizes=\"auto, (max-width: 960px) 100vw, 960px\" \/><\/a><\/figure><\/li><li class=\"blocks-gallery-item\"><figure><a href=\"https:\/\/www.elsindical.com.ar\/notas\/var\/www\/html\/notas\/wp-content\/uploads\/2021\/02\/Alejo-Magdalena-y-Jorge.jpg\"><img loading=\"lazy\" decoding=\"async\" width=\"960\" height=\"619\" src=\"https:\/\/www.elsindical.com.ar\/notas\/var\/www\/html\/notas\/wp-content\/uploads\/2021\/02\/Alejo-Magdalena-y-Jorge.jpg\" alt=\"\" data-id=\"102804\" data-full-url=\"https:\/\/www.elsindical.com.ar\/notas\/var\/www\/html\/notas\/wp-content\/uploads\/2021\/02\/Alejo-Magdalena-y-Jorge.jpg\" data-link=\"https:\/\/www.elsindical.com.ar\/notas\/?attachment_id=102804#main\" class=\"wp-image-102804\" srcset=\"https:\/\/www.elsindical.com.ar\/notas\/var\/www\/html\/notas\/wp-content\/uploads\/2021\/02\/Alejo-Magdalena-y-Jorge.jpg 960w, https:\/\/www.elsindical.com.ar\/notas\/var\/www\/html\/notas\/wp-content\/uploads\/2021\/02\/Alejo-Magdalena-y-Jorge-300x193.jpg 300w, https:\/\/www.elsindical.com.ar\/notas\/var\/www\/html\/notas\/wp-content\/uploads\/2021\/02\/Alejo-Magdalena-y-Jorge-768x495.jpg 768w, https:\/\/www.elsindical.com.ar\/notas\/var\/www\/html\/notas\/wp-content\/uploads\/2021\/02\/Alejo-Magdalena-y-Jorge-465x300.jpg 465w\" sizes=\"auto, (max-width: 960px) 100vw, 960px\" \/><\/a><\/figure><\/li><\/ul><\/figure>\n\n\n\n<figure class=\"wp-block-image size-large\"><a href=\"https:\/\/www.elsindical.com.ar\/notas\/var\/www\/html\/notas\/wp-content\/uploads\/2021\/02\/Unidad-Basica-de-Villa-Corina.jpg\"><img loading=\"lazy\" decoding=\"async\" width=\"1024\" height=\"554\" src=\"https:\/\/www.elsindical.com.ar\/notas\/var\/www\/html\/notas\/wp-content\/uploads\/2021\/02\/Unidad-Basica-de-Villa-Corina.jpg\" alt=\"\" class=\"wp-image-102805\" srcset=\"https:\/\/www.elsindical.com.ar\/notas\/var\/www\/html\/notas\/wp-content\/uploads\/2021\/02\/Unidad-Basica-de-Villa-Corina.jpg 1024w, https:\/\/www.elsindical.com.ar\/notas\/var\/www\/html\/notas\/wp-content\/uploads\/2021\/02\/Unidad-Basica-de-Villa-Corina-300x162.jpg 300w, https:\/\/www.elsindical.com.ar\/notas\/var\/www\/html\/notas\/wp-content\/uploads\/2021\/02\/Unidad-Basica-de-Villa-Corina-768x416.jpg 768w, https:\/\/www.elsindical.com.ar\/notas\/var\/www\/html\/notas\/wp-content\/uploads\/2021\/02\/Unidad-Basica-de-Villa-Corina-500x271.jpg 500w\" sizes=\"auto, (max-width: 1024px) 100vw, 1024px\" \/><\/a><\/figure>\n\n\n\n<figure class=\"wp-block-embed is-type-video is-provider-youtube wp-block-embed-youtube wp-embed-aspect-16-9 wp-has-aspect-ratio\"><div class=\"wp-block-embed__wrapper\">\n<iframe loading=\"lazy\" title=\"Vandalismo Unidad B\u00e1sica Diego Armando Maradona\" width=\"700\" height=\"394\" src=\"https:\/\/www.youtube.com\/embed\/guZ7wJlaEwQ?feature=oembed\" frameborder=\"0\" allow=\"accelerometer; autoplay; clipboard-write; encrypted-media; gyroscope; picture-in-picture\" allowfullscreen><\/iframe>\n<\/div><\/figure>\n\n\n\n<p class=\"wp-block-paragraph\">Por Marcelo Ricardo Hawrylciw<\/p>\n","protected":false},"excerpt":{"rendered":"<p>Don Alejo Chosnobroff sigue con ser el juguete del matrimonio de Jorge Ferraresi y Magdalena Sierra, lo ponen en un lado de la foto y as\u00ed ellos se instalan como el matrimonio pol\u00edtico salvador de los vecinos de Avellaneda. Por estos d\u00edas sigue fuerte la campa\u00f1a pol\u00edtica que intenta meter en la percepci\u00f3n de los&hellip;<\/p>\n","protected":false},"author":1,"featured_media":102801,"comment_status":"open","ping_status":"open","sticky":false,"template":"","format":"standard","meta":{"footnotes":""},"categories":[10,13],"tags":[30014,461,2450,19350,1062,16519,34293],"class_list":["post-102800","post","type-post","status-publish","format-standard","has-post-thumbnail","hentry","category-editorial","category-politica","tag-alejo-chornobroff","tag-avellaneda","tag-diario-el-sindical","tag-emmanuel-gonzalez-santalla","tag-jorge-ferraresi","tag-magdalena-sierra","tag-unidad-basica-diego-armando-maradona"],"_links":{"self":[{"href":"https:\/\/www.elsindical.com.ar\/notas\/wp-json\/wp\/v2\/posts\/102800","targetHints":{"allow":["GET"]}}],"collection":[{"href":"https:\/\/www.elsindical.com.ar\/notas\/wp-json\/wp\/v2\/posts"}],"about":[{"href":"https:\/\/www.elsindical.com.ar\/notas\/wp-json\/wp\/v2\/types\/post"}],"author":[{"embeddable":true,"href":"https:\/\/www.elsindical.com.ar\/notas\/wp-json\/wp\/v2\/users\/1"}],"replies":[{"embeddable":true,"href":"https:\/\/www.elsindical.com.ar\/notas\/wp-json\/wp\/v2\/comments?post=102800"}],"version-history":[{"count":2,"href":"https:\/\/www.elsindical.com.ar\/notas\/wp-json\/wp\/v2\/posts\/102800\/revisions"}],"predecessor-version":[{"id":102807,"href":"https:\/\/www.elsindical.com.ar\/notas\/wp-json\/wp\/v2\/posts\/102800\/revisions\/102807"}],"wp:featuredmedia":[{"embeddable":true,"href":"https:\/\/www.elsindical.com.ar\/notas\/wp-json\/wp\/v2\/media\/102801"}],"wp:attachment":[{"href":"https:\/\/www.elsindical.com.ar\/notas\/wp-json\/wp\/v2\/media?parent=102800"}],"wp:term":[{"taxonomy":"category","embeddable":true,"href":"https:\/\/www.elsindical.com.ar\/notas\/wp-json\/wp\/v2\/categories?post=102800"},{"taxonomy":"post_tag","embeddable":true,"href":"https:\/\/www.elsindical.com.ar\/notas\/wp-json\/wp\/v2\/tags?post=102800"}],"curies":[{"name":"wp","href":"https:\/\/api.w.org\/{rel}","templated":true}]}}