{"id":10279,"date":"2010-10-19T01:28:00","date_gmt":"2010-10-19T04:28:00","guid":{"rendered":"http:\/\/www.elsindical.com.ar\/notas\/?p=10279"},"modified":"2010-10-19T01:28:00","modified_gmt":"2010-10-19T04:28:00","slug":"la-comision-especial-de-la-legislatura-volvera-a-reunirse-el-viernes","status":"publish","type":"post","link":"https:\/\/www.elsindical.com.ar\/notas\/la-comision-especial-de-la-legislatura-volvera-a-reunirse-el-viernes\/","title":{"rendered":"La Comisi\u00f3n Especial de la Legislatura volver\u00e1 a reunirse el viernes"},"content":{"rendered":"<p style=\"text-align: justify;\"><em><a href=\"http:\/\/www.elsindical.com.ar\/notas\/var\/www\/html\/notas\/wp-content\/uploads\/2010\/09\/Comisi\u00f3n-investigadora-Legi.jpg\"><img loading=\"lazy\" decoding=\"async\" class=\"alignleft size-medium wp-image-9139\" title=\"Comisi\u00f3n-investigadora-Legi\" src=\"http:\/\/www.elsindical.com.ar\/notas\/var\/www\/html\/notas\/wp-content\/uploads\/2010\/09\/Comisi\u00f3n-investigadora-Legi-300x180.jpg\" alt=\"\" width=\"300\" height=\"180\" srcset=\"https:\/\/www.elsindical.com.ar\/notas\/var\/www\/html\/notas\/wp-content\/uploads\/2010\/09\/Comisi\u00f3n-investigadora-Legi-300x180.jpg 300w, https:\/\/www.elsindical.com.ar\/notas\/var\/www\/html\/notas\/wp-content\/uploads\/2010\/09\/Comisi\u00f3n-investigadora-Legi.jpg 413w\" sizes=\"auto, (max-width: 300px) 100vw, 300px\" \/><\/a>La C\u00e1mara de Apelaciones <strong>aval\u00f3 la medida cautelar solicitada por el presidente del cuerpo,<\/strong> ante las cr\u00edticas que recibi\u00f3 luego de que el expediente recayera en el juez Gallardo, enfrentado con el Gobierno porte\u00f1o.<strong> El viernes vuelve a sesionar la Comisi\u00f3n.<\/strong><\/em><\/p>\n<p style=\"text-align: justify;\">La C\u00e1mara de Apelaciones en lo Contencioso Administrativo y Tributario porte\u00f1a <strong>resolvi\u00f3 remover al juez Roberto Gallardo <\/strong>del expediente de la Comisi\u00f3n Investigadora de la Legislatura por las escuchas telef\u00f3nicas ilegales,\u00a0y ante esta decisi\u00f3n,\u00a0<strong>el cuerpo\u00a0volver\u00e1 a sesionar el viernes<\/strong>.<br \/>\n\u00a0<br \/>\nEs que la Sala I de la CAyT <strong>aval\u00f3 la medida cautelar solicitada por el presidente de la CIE, Mart\u00edn Hourest<\/strong>, ante las cr\u00edticas que recibi\u00f3 luego de que el expediente recayera en el juez Gallardo, enfrentado con el Gobierno porte\u00f1o.<br \/>\n\u00a0<br \/>\n<strong>Hourest hab\u00eda tomado esta decisi\u00f3n ante el masivo faltazo de testigos <\/strong>en las primeras sesiones de la Comisi\u00f3n que debe evaluar la responsabilidad pol\u00edtica del jefe de Gobierno capitalino, Mauricio Macri.<br \/>\n\u00a0<br \/>\nEn su resoluci\u00f3n, la C\u00e1mara de Apelaciones dispuso que \u00abconforme al resultado del sorteo practicado la causa deber\u00e1 ser remitida al Juzgado n\u00famero 5, Secretar\u00eda 9\u00bb a cargo de Fabiana Schafrik.<br \/>\n\u00a0<br \/>\nAnte esta novedad, <strong>Hourest decidi\u00f3 suspender la sesi\u00f3n pactada para este martes, ante la imposibilidad de realizar nuevas citaciones a testigos. <\/strong><br \/>\n\u00a0<br \/>\n\u00abHasta que la jueza Schafrik no tome el expediente no puedo realizar nuevas citaciones.\u00a0Hasta hoy (por el lunes) a las 15:00 no lo hab\u00eda recibido de la fiscal, as\u00ed que la reuni\u00f3n queda suspendida\u00bb, explic\u00f3 Hourest en di\u00e1logo con la agencia\u00a0<em>Noticias Argentinas. <\/em><br \/>\n\u00a0<br \/>\nPor esta raz\u00f3n, la Comisi\u00f3n Investigadora <strong>volver\u00e1 a juntarse el pr\u00f3ximo viernes en el habitual horario de las 11:00 para reprogramar testigos que ya concurrieron y realizar nuevas citaciones.<\/strong><\/p>\n","protected":false},"excerpt":{"rendered":"<p>La C\u00e1mara de Apelaciones aval\u00f3 la medida cautelar solicitada por el presidente del cuerpo, ante las cr\u00edticas que recibi\u00f3 luego de que el expediente recayera en el juez Gallardo, enfrentado con el Gobierno porte\u00f1o. El viernes vuelve a sesionar la Comisi\u00f3n. La C\u00e1mara de Apelaciones en lo Contencioso Administrativo y Tributario porte\u00f1a resolvi\u00f3 remover al&hellip;<\/p>\n","protected":false},"author":1,"featured_media":0,"comment_status":"open","ping_status":"open","sticky":false,"template":"","format":"standard","meta":{"footnotes":""},"categories":[13],"tags":[4938,4939,499,2276,4473,2881],"class_list":["post-10279","post","type-post","status-publish","format-standard","hentry","category-politica","tag-comision","tag-fabiana-schafrik","tag-juez-gallardo","tag-legislatura-portena","tag-martin-hourest","tag-testigos"],"_links":{"self":[{"href":"https:\/\/www.elsindical.com.ar\/notas\/wp-json\/wp\/v2\/posts\/10279","targetHints":{"allow":["GET"]}}],"collection":[{"href":"https:\/\/www.elsindical.com.ar\/notas\/wp-json\/wp\/v2\/posts"}],"about":[{"href":"https:\/\/www.elsindical.com.ar\/notas\/wp-json\/wp\/v2\/types\/post"}],"author":[{"embeddable":true,"href":"https:\/\/www.elsindical.com.ar\/notas\/wp-json\/wp\/v2\/users\/1"}],"replies":[{"embeddable":true,"href":"https:\/\/www.elsindical.com.ar\/notas\/wp-json\/wp\/v2\/comments?post=10279"}],"version-history":[{"count":1,"href":"https:\/\/www.elsindical.com.ar\/notas\/wp-json\/wp\/v2\/posts\/10279\/revisions"}],"predecessor-version":[{"id":10280,"href":"https:\/\/www.elsindical.com.ar\/notas\/wp-json\/wp\/v2\/posts\/10279\/revisions\/10280"}],"wp:attachment":[{"href":"https:\/\/www.elsindical.com.ar\/notas\/wp-json\/wp\/v2\/media?parent=10279"}],"wp:term":[{"taxonomy":"category","embeddable":true,"href":"https:\/\/www.elsindical.com.ar\/notas\/wp-json\/wp\/v2\/categories?post=10279"},{"taxonomy":"post_tag","embeddable":true,"href":"https:\/\/www.elsindical.com.ar\/notas\/wp-json\/wp\/v2\/tags?post=10279"}],"curies":[{"name":"wp","href":"https:\/\/api.w.org\/{rel}","templated":true}]}}