{"id":102786,"date":"2021-02-27T14:08:10","date_gmt":"2021-02-27T17:08:10","guid":{"rendered":"https:\/\/www.elsindical.com.ar\/notas\/?p=102786"},"modified":"2021-02-27T14:26:21","modified_gmt":"2021-02-27T17:26:21","slug":"avellaneda-otro-pozo-en-sarandi","status":"publish","type":"post","link":"https:\/\/www.elsindical.com.ar\/notas\/avellaneda-otro-pozo-en-sarandi\/","title":{"rendered":"Avellaneda: Otro pozo en Sarand\u00ed"},"content":{"rendered":"\n<figure class=\"wp-block-image size-large\"><a href=\"https:\/\/www.elsindical.com.ar\/notas\/var\/www\/html\/notas\/wp-content\/uploads\/2021\/02\/Pozo-en-Acha-y-De-La-Serna.jpg\"><img loading=\"lazy\" decoding=\"async\" width=\"1024\" height=\"768\" src=\"https:\/\/www.elsindical.com.ar\/notas\/var\/www\/html\/notas\/wp-content\/uploads\/2021\/02\/Pozo-en-Acha-y-De-La-Serna-1024x768.jpg\" alt=\"\" class=\"wp-image-102787\" srcset=\"https:\/\/www.elsindical.com.ar\/notas\/var\/www\/html\/notas\/wp-content\/uploads\/2021\/02\/Pozo-en-Acha-y-De-La-Serna-1024x768.jpg 1024w, https:\/\/www.elsindical.com.ar\/notas\/var\/www\/html\/notas\/wp-content\/uploads\/2021\/02\/Pozo-en-Acha-y-De-La-Serna-300x225.jpg 300w, https:\/\/www.elsindical.com.ar\/notas\/var\/www\/html\/notas\/wp-content\/uploads\/2021\/02\/Pozo-en-Acha-y-De-La-Serna-768x576.jpg 768w, https:\/\/www.elsindical.com.ar\/notas\/var\/www\/html\/notas\/wp-content\/uploads\/2021\/02\/Pozo-en-Acha-y-De-La-Serna-400x300.jpg 400w, https:\/\/www.elsindical.com.ar\/notas\/var\/www\/html\/notas\/wp-content\/uploads\/2021\/02\/Pozo-en-Acha-y-De-La-Serna.jpg 1211w\" sizes=\"auto, (max-width: 1024px) 100vw, 1024px\" \/><\/a><\/figure>\n\n\n\n<p>     Y por si fuera poco, otro pozo de un tama\u00f1o que ocupa el ancho de una mano de la calle y unos 35 cent\u00edmetros de profundidad, es una trampa para los veh\u00edculos que pasan por la intersecci\u00f3n de las calles De La Serna y Acha.<\/p>\n\n\n\n<p>Los responsables de las obras abrieron el paso de veh\u00edculo por la calle De La Serna pero olvidaron por lo menos tapar de forma provisoria la zanja que abrieron y que qued\u00f3 como un gran pozo en el asfalto.<\/p>\n\n\n\n<p>Al encontrarse una sola mano libre, se hace dif\u00edcil esquivar el pozo y con la profundidad que tiene, los autos golpean la carrocer\u00eda a\u00fan a baja velocidad sin mencionar los otros da\u00f1os que se pueden producir.<\/p>\n\n\n\n<p>Es responsabilidad del municipio controlar las obras que se realizan para evitar que estas cosas pasen y cuidar los bienes de los vecinos que por el partido circulan y al parecer se encuentran con cada d\u00eda m\u00e1s pozos sin reparar o por lo menos cubrir hasta que se realicen las obras.<\/p>\n\n\n\n<p>Tanto el intendente Chornobroff como la Jefa de Gabinete de secretarios, Magdalena Sierra, son los primero responsables de esta clara falta de gesti\u00f3n.<\/p>\n\n\n\n<figure class=\"wp-block-embed is-type-video is-provider-youtube wp-block-embed-youtube wp-embed-aspect-16-9 wp-has-aspect-ratio\"><div class=\"wp-block-embed__wrapper\">\n<iframe loading=\"lazy\" title=\"Avellaneda: Otro pozo en Sarand\u00ed\" width=\"700\" height=\"394\" src=\"https:\/\/www.youtube.com\/embed\/GWQqR_skWR4?feature=oembed\" frameborder=\"0\" allow=\"accelerometer; autoplay; clipboard-write; encrypted-media; gyroscope; picture-in-picture\" allowfullscreen><\/iframe>\n<\/div><\/figure>\n","protected":false},"excerpt":{"rendered":"<p>Y por si fuera poco, otro pozo de un tama\u00f1o que ocupa el ancho de una mano de la calle y unos 35 cent\u00edmetros de profundidad, es una trampa para los veh\u00edculos que pasan por la intersecci\u00f3n de las calles De La Serna y Acha. Los responsables de las obras abrieron el paso de veh\u00edculo&hellip;<\/p>\n","protected":false},"author":1,"featured_media":102787,"comment_status":"open","ping_status":"open","sticky":false,"template":"","format":"standard","meta":{"footnotes":""},"categories":[6],"tags":[30014,461,2450,1662,16519,5144,34286],"class_list":["post-102786","post","type-post","status-publish","format-standard","has-post-thumbnail","hentry","category-denuncias","tag-alejo-chornobroff","tag-avellaneda","tag-diario-el-sindical","tag-gerli","tag-magdalena-sierra","tag-pozo","tag-zanja"],"_links":{"self":[{"href":"https:\/\/www.elsindical.com.ar\/notas\/wp-json\/wp\/v2\/posts\/102786","targetHints":{"allow":["GET"]}}],"collection":[{"href":"https:\/\/www.elsindical.com.ar\/notas\/wp-json\/wp\/v2\/posts"}],"about":[{"href":"https:\/\/www.elsindical.com.ar\/notas\/wp-json\/wp\/v2\/types\/post"}],"author":[{"embeddable":true,"href":"https:\/\/www.elsindical.com.ar\/notas\/wp-json\/wp\/v2\/users\/1"}],"replies":[{"embeddable":true,"href":"https:\/\/www.elsindical.com.ar\/notas\/wp-json\/wp\/v2\/comments?post=102786"}],"version-history":[{"count":2,"href":"https:\/\/www.elsindical.com.ar\/notas\/wp-json\/wp\/v2\/posts\/102786\/revisions"}],"predecessor-version":[{"id":102789,"href":"https:\/\/www.elsindical.com.ar\/notas\/wp-json\/wp\/v2\/posts\/102786\/revisions\/102789"}],"wp:featuredmedia":[{"embeddable":true,"href":"https:\/\/www.elsindical.com.ar\/notas\/wp-json\/wp\/v2\/media\/102787"}],"wp:attachment":[{"href":"https:\/\/www.elsindical.com.ar\/notas\/wp-json\/wp\/v2\/media?parent=102786"}],"wp:term":[{"taxonomy":"category","embeddable":true,"href":"https:\/\/www.elsindical.com.ar\/notas\/wp-json\/wp\/v2\/categories?post=102786"},{"taxonomy":"post_tag","embeddable":true,"href":"https:\/\/www.elsindical.com.ar\/notas\/wp-json\/wp\/v2\/tags?post=102786"}],"curies":[{"name":"wp","href":"https:\/\/api.w.org\/{rel}","templated":true}]}}