{"id":102779,"date":"2021-02-27T12:44:32","date_gmt":"2021-02-27T15:44:32","guid":{"rendered":"https:\/\/www.elsindical.com.ar\/notas\/?p=102779"},"modified":"2021-02-27T12:44:33","modified_gmt":"2021-02-27T15:44:33","slug":"avellaneda-la-inseguridad-la-complicidad-y-la-comodidad-de-los-vecinos","status":"publish","type":"post","link":"https:\/\/www.elsindical.com.ar\/notas\/avellaneda-la-inseguridad-la-complicidad-y-la-comodidad-de-los-vecinos\/","title":{"rendered":"Avellaneda la inseguridad, la complicidad y la comodidad de los vecinos."},"content":{"rendered":"\n<figure class=\"wp-block-image size-large\"><a href=\"https:\/\/www.elsindical.com.ar\/notas\/var\/www\/html\/notas\/wp-content\/uploads\/2021\/02\/sabado-27-casa-de-celulares-scaled.jpg\"><img loading=\"lazy\" decoding=\"async\" width=\"1024\" height=\"721\" src=\"https:\/\/www.elsindical.com.ar\/notas\/var\/www\/html\/notas\/wp-content\/uploads\/2021\/02\/sabado-27-casa-de-celulares-1024x721.jpg\" alt=\"\" class=\"wp-image-102780\" srcset=\"https:\/\/www.elsindical.com.ar\/notas\/var\/www\/html\/notas\/wp-content\/uploads\/2021\/02\/sabado-27-casa-de-celulares-1024x721.jpg 1024w, https:\/\/www.elsindical.com.ar\/notas\/var\/www\/html\/notas\/wp-content\/uploads\/2021\/02\/sabado-27-casa-de-celulares-300x211.jpg 300w, https:\/\/www.elsindical.com.ar\/notas\/var\/www\/html\/notas\/wp-content\/uploads\/2021\/02\/sabado-27-casa-de-celulares-768x541.jpg 768w, https:\/\/www.elsindical.com.ar\/notas\/var\/www\/html\/notas\/wp-content\/uploads\/2021\/02\/sabado-27-casa-de-celulares-426x300.jpg 426w, https:\/\/www.elsindical.com.ar\/notas\/var\/www\/html\/notas\/wp-content\/uploads\/2021\/02\/sabado-27-casa-de-celulares-1536x1082.jpg 1536w, https:\/\/www.elsindical.com.ar\/notas\/var\/www\/html\/notas\/wp-content\/uploads\/2021\/02\/sabado-27-casa-de-celulares-2048x1443.jpg 2048w\" sizes=\"auto, (max-width: 1024px) 100vw, 1024px\" \/><\/a><\/figure>\n\n\n\n<p class=\"wp-block-paragraph\">      A diario los vecinos de Avellaneda se quejan de los robos, de la inseguridad y cada tanto se lamentan por alguna muerte o herido grave, se han armado grupos de vecinos por barrio, grupos de denuncias y la inseguridad es el caballito de batalla de todos los pol\u00edticos que prometen cosas que nunca cumplen.<\/p>\n\n\n\n<p class=\"wp-block-paragraph\">Me he referido ya muchas veces sobre los responsables de la inseguridad, comenzando por un mal trabajo policial que tiene muchos aspectos, desde la corrupci\u00f3n a la falta de apoyo judicial y pol\u00edtico, poco puede mejorar la seguridad si la polic\u00eda detiene delincuentes y no son detenidos por los fiscales que liberan por tambi\u00e9n varios motivos, corrupci\u00f3n, desinter\u00e9s, saturaci\u00f3n de causas y porque no les importan las v\u00edctimas.<\/p>\n\n\n\n<p class=\"wp-block-paragraph\">Investigar delitos requiere mucho conocimiento y el hacer bien las cosas, como las v\u00edctimas no suelen contratar un abogado y el Estado nunca cumpli\u00f3 con la asistencia a las v\u00edctimas de delitos, a pesar de que hay oficinas incluso municipales que generan un gasto, muchos fiscales prefieren liberar a los detenidos porque ellos s\u00ed van a contratar un abogado y parece que los fiscales vienen flojitos de papeles para sostener imputaciones. As\u00ed los imputan de un delito, los notifican se van a sus casas y que todo siga igual, las causas en su mayor\u00eda se archivan o prescriben, todo dependiendo de la suerte del delincuente de no ser detenido muchas veces.<\/p>\n\n\n\n<p class=\"wp-block-paragraph\">Por el lado pol\u00edtico, en la provincia los municipios tienen responsabilidad y complicidad, en Avellaneda, se gasta millones de pesos mensuales en un cuerpo como es los Cuidadores Ciudadanos que no son de ninguna utilidad, no se controlan los comercios que trabajan con delincuentes ni los que son pantallas para el delito como es la venta de drogas, muchos de estos lugares tienen de clientes a empleados del municipio y se jactan de sus contactos, as\u00ed nada va a cambiar.<\/p>\n\n\n\n<p class=\"wp-block-paragraph\">El mejor ejemplo de un municipio c\u00f3mplice de los delincuentes me lo dieron con el caso de la casa de celulares The Doctor Cell de la calle De La Serna 1271, que fuera allanada porque desde all\u00ed sali\u00f3 un motochorro que se cruz\u00f3 y a unos 10 metros rob\u00f3 un celular acompa\u00f1ado de otro sujeto en moto, por ese motivo se allan\u00f3 el local donde la polic\u00eda inform\u00f3 la existencia de 498 celulares robados, varios repuestos sin que acredite su origen, 70 tablets y se clausur\u00f3 el local por falta de habilitaci\u00f3n municipal. Hoy s\u00e1bado 27 de febrero del 2021, no solo el local est\u00e1 abierto, una moto de similares caracter\u00edsticas, modelo y color, parada en la vereda como el d\u00eda del robo, eso s\u00ed, a esta moto le plotearon las cachas, un trabajo barato y r\u00e1pido que cambia el color y que si se quiere quitar lleva 15 minutos hacerlo, as\u00ed como los punguistas se cambian de ropa luego de un robo o hurto, estos cambian el aspecto del veh\u00edculo. <\/p>\n\n\n\n<p class=\"wp-block-paragraph\">Por si fuera poco, en la semana a un chico lo robaron dos tipos en moto armados, le robaron el celular y por el GPS del equipo la familia lleg\u00f3 a un lugar que era UN LOCAL DE CELULARES, simularon inter\u00e9s en comprar n equipo y entre los que les ofrecieron estaba el celular robado, hicieron la denuncia y en el allanamiento del local en Campichuelo y Los Pozos se encontraron varios celulares robados, tablets y otros repuestos, es decir, la realidad indica que es un excelente negocio ilegal y que el municipio no controla NADA.<\/p>\n\n\n\n<p class=\"wp-block-paragraph\">Digo, el se\u00f1or Marcelo Rey, a cargo de controlar los negocios y con capacidad de clausurar que adem\u00e1s es subsecretario de seguridad y con estrecho v\u00ednculo con la polic\u00eda del municipio \u00bfno lo sabe?, pero el responsable es el intendente Chornoboff, su jefa de Gabinete de Secretario Magdalena Sierra y la Secretaria de Seguridad M\u00f3nica Ghirelli, por si no les avisaron, el d\u00eda 25 de febrero present\u00e9 una nota en la privada del intendente, conservo la copia sellada denunciando estos hechos y cerrando entiendo yo la denuncia administrativa, porque ya est\u00e1n notificados y son entonces penalmente responsables de INCUMPLIR CON SUS DEBERES, ya no hay excusa de no saber o no tener denuncias.<\/p>\n\n\n\n<p class=\"wp-block-paragraph\">Pero los vecinos de Avellaneda son parte de que la inseguridad se instale y de que no puedan vivir tranquilos, hay una conocida frase que dice NO SE QUEJE SI NO SE QUEJA. Todos son denunciadores, escrachadores y hasta expertos en derecho online, proponen armarse, aprender a votar, poner alarmas y c\u00e1maras que terminan no sirviendo para nada, pero nadie hace lo correcto que es llenar de notificaciones a los funcionarios responsables para tener una base formal y fundada para denunciarlos en la justicia, porque eso de dejar que el delito crezca, de no controlar nada, es tambi\u00e9n un delito, las marchas sirven poco, visibilizan el problema pero a los funcionarios no les preocupa porque todo sigue igual. Los \u00fanicos vecinos que se quejan y son o\u00eddos en Avellaneda son los de Quinta Galli, curiosamente los que votan y se reun\u00edan con Vidal, antes desde el municipio se quejaban de que ten\u00edan l\u00ednea directa con la gobernaci\u00f3n y por eso les reforzaban el patrullaje, ahora vaya uno a saber los motivos, pero que se patrulla m\u00e1s el barrio de Quinta Galli que cualquier otro no tengan ninguna duda y ellos no tienen grupos en las redes sociales.<\/p>\n\n\n\n<p class=\"wp-block-paragraph\">Seguir creyendo en promesas de pol\u00edticos en campa\u00f1a es de ignorantes, se les r\u00eden en la cara, hace poco se present\u00f3 en Avellaneda el libro de Diego Kravetz que promete ocuparse de la inseguridad y la verdad que los que estaban presentes dejan mucho que desear, hicieron un rejunte extra\u00f1o, Lan\u00fas no ha podido mejorar sus estad\u00edsticas de delitos, salvo algunos sectores comerciales, el resto de Lan\u00fas es tierra de nadie.<\/p>\n\n\n\n<p class=\"wp-block-paragraph\">El viernes 26 de febrero de forma an\u00f3nima se hizo circular una supuesta marcha y protesta en el Polo Judicial de Avellaneda para reclamar seguridad, el horaria era a las 18:00 hs. no fue un solo vecino, as\u00ed de c\u00f3modos son y despu\u00e9s se quejan.<\/p>\n\n\n\n<p class=\"wp-block-paragraph\">La inseguridad es un tema que toca a todos, la soluci\u00f3n depende de TODOS.<\/p>\n\n\n\n<figure class=\"wp-block-image size-large\"><a href=\"https:\/\/www.elsindical.com.ar\/notas\/var\/www\/html\/notas\/wp-content\/uploads\/2021\/02\/convocatoria-por-la-seguridad-Avellaneda-web.jpg\"><img loading=\"lazy\" decoding=\"async\" width=\"1024\" height=\"768\" src=\"https:\/\/www.elsindical.com.ar\/notas\/var\/www\/html\/notas\/wp-content\/uploads\/2021\/02\/convocatoria-por-la-seguridad-Avellaneda-web-1024x768.jpg\" alt=\"\" class=\"wp-image-102781\" srcset=\"https:\/\/www.elsindical.com.ar\/notas\/var\/www\/html\/notas\/wp-content\/uploads\/2021\/02\/convocatoria-por-la-seguridad-Avellaneda-web-1024x768.jpg 1024w, https:\/\/www.elsindical.com.ar\/notas\/var\/www\/html\/notas\/wp-content\/uploads\/2021\/02\/convocatoria-por-la-seguridad-Avellaneda-web-300x225.jpg 300w, https:\/\/www.elsindical.com.ar\/notas\/var\/www\/html\/notas\/wp-content\/uploads\/2021\/02\/convocatoria-por-la-seguridad-Avellaneda-web-768x576.jpg 768w, https:\/\/www.elsindical.com.ar\/notas\/var\/www\/html\/notas\/wp-content\/uploads\/2021\/02\/convocatoria-por-la-seguridad-Avellaneda-web-400x300.jpg 400w, https:\/\/www.elsindical.com.ar\/notas\/var\/www\/html\/notas\/wp-content\/uploads\/2021\/02\/convocatoria-por-la-seguridad-Avellaneda-web.jpg 1211w\" sizes=\"auto, (max-width: 1024px) 100vw, 1024px\" \/><\/a><\/figure>\n\n\n\n<p class=\"wp-block-paragraph\">Por Marcelo Ricardo Hawrylciw<\/p>\n","protected":false},"excerpt":{"rendered":"<p>A diario los vecinos de Avellaneda se quejan de los robos, de la inseguridad y cada tanto se lamentan por alguna muerte o herido grave, se han armado grupos de vecinos por barrio, grupos de denuncias y la inseguridad es el caballito de batalla de todos los pol\u00edticos que prometen cosas que nunca cumplen. Me&hellip;<\/p>\n","protected":false},"author":1,"featured_media":102780,"comment_status":"open","ping_status":"open","sticky":false,"template":"","format":"standard","meta":{"footnotes":""},"categories":[6,10],"tags":[30014,461,624,1451,2450,1662,16519,21958,18216,1174,34179],"class_list":["post-102779","post","type-post","status-publish","format-standard","has-post-thumbnail","hentry","category-denuncias","category-editorial","tag-alejo-chornobroff","tag-avellaneda","tag-celulares","tag-corrupcion","tag-diario-el-sindical","tag-gerli","tag-magdalena-sierra","tag-marcelo-rey","tag-monica-ghirelli","tag-robos","tag-the-doctor-cell"],"_links":{"self":[{"href":"https:\/\/www.elsindical.com.ar\/notas\/wp-json\/wp\/v2\/posts\/102779","targetHints":{"allow":["GET"]}}],"collection":[{"href":"https:\/\/www.elsindical.com.ar\/notas\/wp-json\/wp\/v2\/posts"}],"about":[{"href":"https:\/\/www.elsindical.com.ar\/notas\/wp-json\/wp\/v2\/types\/post"}],"author":[{"embeddable":true,"href":"https:\/\/www.elsindical.com.ar\/notas\/wp-json\/wp\/v2\/users\/1"}],"replies":[{"embeddable":true,"href":"https:\/\/www.elsindical.com.ar\/notas\/wp-json\/wp\/v2\/comments?post=102779"}],"version-history":[{"count":1,"href":"https:\/\/www.elsindical.com.ar\/notas\/wp-json\/wp\/v2\/posts\/102779\/revisions"}],"predecessor-version":[{"id":102782,"href":"https:\/\/www.elsindical.com.ar\/notas\/wp-json\/wp\/v2\/posts\/102779\/revisions\/102782"}],"wp:featuredmedia":[{"embeddable":true,"href":"https:\/\/www.elsindical.com.ar\/notas\/wp-json\/wp\/v2\/media\/102780"}],"wp:attachment":[{"href":"https:\/\/www.elsindical.com.ar\/notas\/wp-json\/wp\/v2\/media?parent=102779"}],"wp:term":[{"taxonomy":"category","embeddable":true,"href":"https:\/\/www.elsindical.com.ar\/notas\/wp-json\/wp\/v2\/categories?post=102779"},{"taxonomy":"post_tag","embeddable":true,"href":"https:\/\/www.elsindical.com.ar\/notas\/wp-json\/wp\/v2\/tags?post=102779"}],"curies":[{"name":"wp","href":"https:\/\/api.w.org\/{rel}","templated":true}]}}