{"id":102713,"date":"2021-02-25T17:21:14","date_gmt":"2021-02-25T20:21:14","guid":{"rendered":"https:\/\/www.elsindical.com.ar\/notas\/?p=102713"},"modified":"2021-02-25T17:21:15","modified_gmt":"2021-02-25T20:21:15","slug":"sergio-berni-y-el-circo-de-la-seguridad","status":"publish","type":"post","link":"https:\/\/www.elsindical.com.ar\/notas\/sergio-berni-y-el-circo-de-la-seguridad\/","title":{"rendered":"Sergio Berni y el circo de la seguridad"},"content":{"rendered":"\n<figure class=\"wp-block-image size-large\"><a href=\"https:\/\/www.elsindical.com.ar\/notas\/var\/www\/html\/notas\/wp-content\/uploads\/2021\/02\/Sergio-Berni-patrulleros.jpg\"><img loading=\"lazy\" decoding=\"async\" width=\"1024\" height=\"576\" src=\"https:\/\/www.elsindical.com.ar\/notas\/var\/www\/html\/notas\/wp-content\/uploads\/2021\/02\/Sergio-Berni-patrulleros-1024x576.jpg\" alt=\"\" class=\"wp-image-102714\" srcset=\"https:\/\/www.elsindical.com.ar\/notas\/var\/www\/html\/notas\/wp-content\/uploads\/2021\/02\/Sergio-Berni-patrulleros-1024x576.jpg 1024w, https:\/\/www.elsindical.com.ar\/notas\/var\/www\/html\/notas\/wp-content\/uploads\/2021\/02\/Sergio-Berni-patrulleros-300x169.jpg 300w, https:\/\/www.elsindical.com.ar\/notas\/var\/www\/html\/notas\/wp-content\/uploads\/2021\/02\/Sergio-Berni-patrulleros-768x432.jpg 768w, https:\/\/www.elsindical.com.ar\/notas\/var\/www\/html\/notas\/wp-content\/uploads\/2021\/02\/Sergio-Berni-patrulleros-500x281.jpg 500w, https:\/\/www.elsindical.com.ar\/notas\/var\/www\/html\/notas\/wp-content\/uploads\/2021\/02\/Sergio-Berni-patrulleros-460x260.jpg 460w, https:\/\/www.elsindical.com.ar\/notas\/var\/www\/html\/notas\/wp-content\/uploads\/2021\/02\/Sergio-Berni-patrulleros.jpg 1200w\" sizes=\"auto, (max-width: 1024px) 100vw, 1024px\" \/><\/a><\/figure>\n\n\n\n<p>     Luego de un largo silencio por parte del Ministro de Seguridad Sergio Berni, mientras las pantallas de los medios y las redes se inundan de videos de ciudadanos v\u00edctimas de delitos violentos, principalmente robos cometidos por motochorros o delincuentes que circulan en grupo en autos, Berni se corri\u00f3.<\/p>\n\n\n\n<p>A esta altura donde todos reclaman que hagan algo con la inseguridad, un \u00absoldado\u00bb no huye por m\u00e1s que el refr\u00e1n dice que soldado que huye sirve para otra guerra porque en esta guerra los costos son vidas.<\/p>\n\n\n\n<p>Con m\u00e1s de un a\u00f1o de gesti\u00f3n, Sergio Berni a demostrado a la fecha que el cargo de ministro de seguridad le queda muy grande, no se trata de jugar al militar y dar \u00f3rdenes de r\u00e9gimen cerrado para los medios, ya sabemos que sos Teniente Coronel, pero te olvidas que tu jerarqu\u00eda es del escalaf\u00f3n profesional, es decir, sos m\u00e1s m\u00e9dico que militar.<\/p>\n\n\n\n<p>Pretender que la fuerza de seguridad m\u00e1s grande del pa\u00eds, puede ser tu tropa es muy ambicioso, de hecho, la Polic\u00eda Bonaerense siempre fue rebelde a las conducciones del tipo militar, ya antes pas\u00f3 Aldo Rico por el mismo cargo, cometi\u00f3 los mismos errores y se fue del cargo antes de tiempo con una de las peores gestiones.<\/p>\n\n\n\n<p>Obvio que Berni tiene una oratoria superior a la de Aldo Rico, pero eso no lo hace mejor ministro.<\/p>\n\n\n\n<p>El principal problema de Berni, es que no puede consolidar un liderazgo en la polic\u00eda y que se a rodeado de asesores que no tienen la menor idea de lo que es trabajar en mejorar la seguridad, cuando ciertos problemas son de una soluci\u00f3n a corto plazo, pero requieren trabajo y control, algo que no tiene esta gesti\u00f3n.<\/p>\n\n\n\n<p>Es indudable que algo no funciona en la Subsecretar\u00eda de Planificaci\u00f3n e Inteligencia Criminal a cargo de Sebasti\u00e1n Fern\u00e1ndez Ciatti, con quien Berni trabaj\u00f3 cuando era el secretario de seguridad de la Naci\u00f3n, a pesar de los a\u00f1os, Ciatti no aprendi\u00f3 mucho por los resultados en cuanto a la prevenci\u00f3n de los delitos.<\/p>\n\n\n\n<p>Hoy por San Vicente, Berni junto al intendente Nicol\u00e1s Mantegazza, participo de la entrega de 14 nuevas patrullas que en palabras del ministro ser\u00e1n para reforzar el patrullaje y mejorar la prevenci\u00f3n.<\/p>\n\n\n\n<p>O Berni es muy ingenuo o ya no le preocupa decir cualquier pavada, cualquier con conocimiento del trabajo policial, sabe que en un mes de esos 14 m\u00f3viles estar\u00e1n patrullando con suerte 10 por distintos motivos.<\/p>\n\n\n\n<p>La inseguridad no se mejora corriendo detr\u00e1s del delito o con patrulleros que solo den vueltas, gastando combustible y que se rompen por el mal uso, la prevenci\u00f3n es adelantarse al delito, es quitarle las herramientas que hacen que el delito sea un buen negocio.<\/p>\n\n\n\n<p>Se\u00f1or Sergio Berni, no siente un poco de verg\u00fcenza cuando ve los videos de los ciudadanos robados, golpeados y asesinados?<\/p>\n\n\n\n<p>Por Marcelo Ricardo Hawrylciw<\/p>\n","protected":false},"excerpt":{"rendered":"<p>Luego de un largo silencio por parte del Ministro de Seguridad Sergio Berni, mientras las pantallas de los medios y las redes se inundan de videos de ciudadanos v\u00edctimas de delitos violentos, principalmente robos cometidos por motochorros o delincuentes que circulan en grupo en autos, Berni se corri\u00f3. A esta altura donde todos reclaman que&hellip;<\/p>\n","protected":false},"author":1,"featured_media":102714,"comment_status":"open","ping_status":"open","sticky":false,"template":"","format":"standard","meta":{"footnotes":""},"categories":[10,22,13],"tags":[34275,2450,984,12916,34277,3736,34276,11727],"class_list":["post-102713","post","type-post","status-publish","format-standard","has-post-thumbnail","hentry","category-editorial","category-policiales","category-politica","tag-circo-de-la-seguridad","tag-diario-el-sindical","tag-inseguridad","tag-ministerio-de-seguridad-provincial","tag-nicolas-mantegazza","tag-san-vicente","tag-sebastian-fernandez-ciatti","tag-sergio-berni"],"_links":{"self":[{"href":"https:\/\/www.elsindical.com.ar\/notas\/wp-json\/wp\/v2\/posts\/102713","targetHints":{"allow":["GET"]}}],"collection":[{"href":"https:\/\/www.elsindical.com.ar\/notas\/wp-json\/wp\/v2\/posts"}],"about":[{"href":"https:\/\/www.elsindical.com.ar\/notas\/wp-json\/wp\/v2\/types\/post"}],"author":[{"embeddable":true,"href":"https:\/\/www.elsindical.com.ar\/notas\/wp-json\/wp\/v2\/users\/1"}],"replies":[{"embeddable":true,"href":"https:\/\/www.elsindical.com.ar\/notas\/wp-json\/wp\/v2\/comments?post=102713"}],"version-history":[{"count":1,"href":"https:\/\/www.elsindical.com.ar\/notas\/wp-json\/wp\/v2\/posts\/102713\/revisions"}],"predecessor-version":[{"id":102715,"href":"https:\/\/www.elsindical.com.ar\/notas\/wp-json\/wp\/v2\/posts\/102713\/revisions\/102715"}],"wp:featuredmedia":[{"embeddable":true,"href":"https:\/\/www.elsindical.com.ar\/notas\/wp-json\/wp\/v2\/media\/102714"}],"wp:attachment":[{"href":"https:\/\/www.elsindical.com.ar\/notas\/wp-json\/wp\/v2\/media?parent=102713"}],"wp:term":[{"taxonomy":"category","embeddable":true,"href":"https:\/\/www.elsindical.com.ar\/notas\/wp-json\/wp\/v2\/categories?post=102713"},{"taxonomy":"post_tag","embeddable":true,"href":"https:\/\/www.elsindical.com.ar\/notas\/wp-json\/wp\/v2\/tags?post=102713"}],"curies":[{"name":"wp","href":"https:\/\/api.w.org\/{rel}","templated":true}]}}