{"id":102708,"date":"2021-02-25T16:57:10","date_gmt":"2021-02-25T19:57:10","guid":{"rendered":"https:\/\/www.elsindical.com.ar\/notas\/?p=102708"},"modified":"2021-02-25T16:57:11","modified_gmt":"2021-02-25T19:57:11","slug":"panaderos-denuncian-obra-social-clandestina-en-caba","status":"publish","type":"post","link":"https:\/\/www.elsindical.com.ar\/notas\/panaderos-denuncian-obra-social-clandestina-en-caba\/","title":{"rendered":"Panaderos: Denuncian Obra Social clandestina en CABA"},"content":{"rendered":"\n<figure class=\"wp-block-image size-large\"><a href=\"https:\/\/www.elsindical.com.ar\/notas\/var\/www\/html\/notas\/wp-content\/uploads\/2021\/02\/IMG-20210225-WA0042.jpg\"><img loading=\"lazy\" decoding=\"async\" width=\"1024\" height=\"768\" src=\"https:\/\/www.elsindical.com.ar\/notas\/var\/www\/html\/notas\/wp-content\/uploads\/2021\/02\/IMG-20210225-WA0042-1024x768.jpg\" alt=\"\" class=\"wp-image-102709\" srcset=\"https:\/\/www.elsindical.com.ar\/notas\/var\/www\/html\/notas\/wp-content\/uploads\/2021\/02\/IMG-20210225-WA0042-1024x768.jpg 1024w, https:\/\/www.elsindical.com.ar\/notas\/var\/www\/html\/notas\/wp-content\/uploads\/2021\/02\/IMG-20210225-WA0042-300x225.jpg 300w, https:\/\/www.elsindical.com.ar\/notas\/var\/www\/html\/notas\/wp-content\/uploads\/2021\/02\/IMG-20210225-WA0042-768x576.jpg 768w, https:\/\/www.elsindical.com.ar\/notas\/var\/www\/html\/notas\/wp-content\/uploads\/2021\/02\/IMG-20210225-WA0042-400x300.jpg 400w, https:\/\/www.elsindical.com.ar\/notas\/var\/www\/html\/notas\/wp-content\/uploads\/2021\/02\/IMG-20210225-WA0042.jpg 1032w\" sizes=\"auto, (max-width: 1024px) 100vw, 1024px\" \/><\/a><\/figure>\n\n\n\n<p>Encabezados por el Sec Gral de Lan\u00fas, Gabriel Ruiz, los trabajadores panaderiles volvieron a reclamar por la falta de prestaciones de salud. Ruiz calific\u00f3 de dram\u00e1tica la situaciones de varias filiales de Provincia de Buenos Aires y del interior de pa\u00eds que no tienen siquiera, la m\u00e1s m\u00ednima asistencia siendo que se les descuenta todos los meses de sus haberes respectivos. <\/p>\n\n\n\n<p>Tambi\u00e9n denunci\u00f3 que cerraron la sede de OSPEP de Boedo 168, y se trasladaron sin ning\u00fan aviso a los afiliados, a Rivadavia 969 donde funcionan clandestinamente. <\/p>\n\n\n\n<p>Ruiz dijo que hoy \u00abestamos acompa\u00f1ando a varios compa\u00f1eros que tienen sus tramites paralizados hace 6 meses, sin autorizaciones de pr\u00f3tesis ni cirug\u00edas en plena pandemia\u00bb. <\/p>\n\n\n\n<p>Responsabilizo a Miguel \u00c1ngel Rodr\u00edguez del vaciamiento de la obra social y exigieron que se les informe porque los prestadores cortaron los servicios de la obra social, porque cerraron la sede central , y porque funcionan escondidos en una cueva del microcentro, porque no se entregan los medicamentos , y cu\u00e1les son la droguer\u00edas convenidas\u00bb. finalmente a\u00f1adi\u00f3 si la Superintendencia de Salud , est\u00e1 al tanto de estas modificaciones?<\/p>\n\n\n\n<figure class=\"wp-block-gallery columns-1 is-cropped wp-block-gallery-1 is-layout-flex wp-block-gallery-is-layout-flex\"><ul class=\"blocks-gallery-grid\"><li class=\"blocks-gallery-item\"><figure><a href=\"https:\/\/www.elsindical.com.ar\/notas\/var\/www\/html\/notas\/wp-content\/uploads\/2021\/02\/IMG-20210225-WA0089.jpg\"><img loading=\"lazy\" decoding=\"async\" width=\"1024\" height=\"768\" src=\"https:\/\/www.elsindical.com.ar\/notas\/var\/www\/html\/notas\/wp-content\/uploads\/2021\/02\/IMG-20210225-WA0089.jpg\" alt=\"\" data-id=\"102710\" data-full-url=\"https:\/\/www.elsindical.com.ar\/notas\/var\/www\/html\/notas\/wp-content\/uploads\/2021\/02\/IMG-20210225-WA0089.jpg\" data-link=\"https:\/\/www.elsindical.com.ar\/notas\/?attachment_id=102710#main\" class=\"wp-image-102710\" srcset=\"https:\/\/www.elsindical.com.ar\/notas\/var\/www\/html\/notas\/wp-content\/uploads\/2021\/02\/IMG-20210225-WA0089.jpg 1024w, https:\/\/www.elsindical.com.ar\/notas\/var\/www\/html\/notas\/wp-content\/uploads\/2021\/02\/IMG-20210225-WA0089-300x225.jpg 300w, https:\/\/www.elsindical.com.ar\/notas\/var\/www\/html\/notas\/wp-content\/uploads\/2021\/02\/IMG-20210225-WA0089-768x576.jpg 768w, https:\/\/www.elsindical.com.ar\/notas\/var\/www\/html\/notas\/wp-content\/uploads\/2021\/02\/IMG-20210225-WA0089-400x300.jpg 400w\" sizes=\"auto, (max-width: 1024px) 100vw, 1024px\" \/><\/a><\/figure><\/li><li class=\"blocks-gallery-item\"><figure><a href=\"https:\/\/www.elsindical.com.ar\/notas\/var\/www\/html\/notas\/wp-content\/uploads\/2021\/02\/IMG-20210225-WA0086.jpg\"><img loading=\"lazy\" decoding=\"async\" width=\"1024\" height=\"768\" src=\"https:\/\/www.elsindical.com.ar\/notas\/var\/www\/html\/notas\/wp-content\/uploads\/2021\/02\/IMG-20210225-WA0086.jpg\" alt=\"\" data-id=\"102711\" data-full-url=\"https:\/\/www.elsindical.com.ar\/notas\/var\/www\/html\/notas\/wp-content\/uploads\/2021\/02\/IMG-20210225-WA0086.jpg\" data-link=\"https:\/\/www.elsindical.com.ar\/notas\/?attachment_id=102711#main\" class=\"wp-image-102711\" srcset=\"https:\/\/www.elsindical.com.ar\/notas\/var\/www\/html\/notas\/wp-content\/uploads\/2021\/02\/IMG-20210225-WA0086.jpg 1024w, https:\/\/www.elsindical.com.ar\/notas\/var\/www\/html\/notas\/wp-content\/uploads\/2021\/02\/IMG-20210225-WA0086-300x225.jpg 300w, https:\/\/www.elsindical.com.ar\/notas\/var\/www\/html\/notas\/wp-content\/uploads\/2021\/02\/IMG-20210225-WA0086-768x576.jpg 768w, https:\/\/www.elsindical.com.ar\/notas\/var\/www\/html\/notas\/wp-content\/uploads\/2021\/02\/IMG-20210225-WA0086-400x300.jpg 400w\" sizes=\"auto, (max-width: 1024px) 100vw, 1024px\" \/><\/a><\/figure><\/li><\/ul><\/figure>\n","protected":false},"excerpt":{"rendered":"<p>Encabezados por el Sec Gral de Lan\u00fas, Gabriel Ruiz, los trabajadores panaderiles volvieron a reclamar por la falta de prestaciones de salud. Ruiz calific\u00f3 de dram\u00e1tica la situaciones de varias filiales de Provincia de Buenos Aires y del interior de pa\u00eds que no tienen siquiera, la m\u00e1s m\u00ednima asistencia siendo que se les descuenta todos&hellip;<\/p>\n","protected":false},"author":1,"featured_media":102709,"comment_status":"open","ping_status":"open","sticky":false,"template":"","format":"standard","meta":{"footnotes":""},"categories":[16],"tags":[3360,175,2450,34274,18322,34273],"class_list":["post-102708","post","type-post","status-publish","format-standard","has-post-thumbnail","hentry","category-gremiales","tag-afiliados","tag-denuncia","tag-diario-el-sindical","tag-ospep","tag-panaderos","tag-secretario-general-gabriel-ruiz"],"_links":{"self":[{"href":"https:\/\/www.elsindical.com.ar\/notas\/wp-json\/wp\/v2\/posts\/102708","targetHints":{"allow":["GET"]}}],"collection":[{"href":"https:\/\/www.elsindical.com.ar\/notas\/wp-json\/wp\/v2\/posts"}],"about":[{"href":"https:\/\/www.elsindical.com.ar\/notas\/wp-json\/wp\/v2\/types\/post"}],"author":[{"embeddable":true,"href":"https:\/\/www.elsindical.com.ar\/notas\/wp-json\/wp\/v2\/users\/1"}],"replies":[{"embeddable":true,"href":"https:\/\/www.elsindical.com.ar\/notas\/wp-json\/wp\/v2\/comments?post=102708"}],"version-history":[{"count":1,"href":"https:\/\/www.elsindical.com.ar\/notas\/wp-json\/wp\/v2\/posts\/102708\/revisions"}],"predecessor-version":[{"id":102712,"href":"https:\/\/www.elsindical.com.ar\/notas\/wp-json\/wp\/v2\/posts\/102708\/revisions\/102712"}],"wp:featuredmedia":[{"embeddable":true,"href":"https:\/\/www.elsindical.com.ar\/notas\/wp-json\/wp\/v2\/media\/102709"}],"wp:attachment":[{"href":"https:\/\/www.elsindical.com.ar\/notas\/wp-json\/wp\/v2\/media?parent=102708"}],"wp:term":[{"taxonomy":"category","embeddable":true,"href":"https:\/\/www.elsindical.com.ar\/notas\/wp-json\/wp\/v2\/categories?post=102708"},{"taxonomy":"post_tag","embeddable":true,"href":"https:\/\/www.elsindical.com.ar\/notas\/wp-json\/wp\/v2\/tags?post=102708"}],"curies":[{"name":"wp","href":"https:\/\/api.w.org\/{rel}","templated":true}]}}