{"id":102704,"date":"2021-02-25T14:53:33","date_gmt":"2021-02-25T17:53:33","guid":{"rendered":"https:\/\/www.elsindical.com.ar\/notas\/?p=102704"},"modified":"2021-02-25T14:53:34","modified_gmt":"2021-02-25T17:53:34","slug":"prensajb-coronavirus-los-privilegios-del-poder","status":"publish","type":"post","link":"https:\/\/www.elsindical.com.ar\/notas\/prensajb-coronavirus-los-privilegios-del-poder\/","title":{"rendered":"PrensAJB &#8211; CORONAVIRUS\/ \u201cLos privilegios del poder\u201d"},"content":{"rendered":"\n<figure class=\"wp-block-image size-large\"><a href=\"https:\/\/www.elsindical.com.ar\/notas\/var\/www\/html\/notas\/wp-content\/uploads\/2021\/02\/vacunatoriovip-CCH.jpg\"><img loading=\"lazy\" decoding=\"async\" width=\"600\" height=\"285\" src=\"https:\/\/www.elsindical.com.ar\/notas\/var\/www\/html\/notas\/wp-content\/uploads\/2021\/02\/vacunatoriovip-CCH.jpg\" alt=\"\" class=\"wp-image-102705\" srcset=\"https:\/\/www.elsindical.com.ar\/notas\/var\/www\/html\/notas\/wp-content\/uploads\/2021\/02\/vacunatoriovip-CCH.jpg 600w, https:\/\/www.elsindical.com.ar\/notas\/var\/www\/html\/notas\/wp-content\/uploads\/2021\/02\/vacunatoriovip-CCH-300x143.jpg 300w, https:\/\/www.elsindical.com.ar\/notas\/var\/www\/html\/notas\/wp-content\/uploads\/2021\/02\/vacunatoriovip-CCH-500x238.jpg 500w\" sizes=\"auto, (max-width: 600px) 100vw, 600px\" \/><\/a><\/figure>\n\n\n\n<p>La AJB expresa su repudio y profunda preocupaci\u00f3n ante la difusi\u00f3n p\u00fablica de la vacunaci\u00f3n ileg\u00edtima por parte de Hilda Kogan y Luis Genoud, integrantes de la Suprema Corte. Se reclama la intervenci\u00f3n de la Suprema Corte y de la gobernaci\u00f3n.<\/p>\n\n\n\n<p>Hace algunas horas comenz\u00f3 a circular en diferentes medios de comunicaci\u00f3n masiva la noticia de que dos integrantes de la Suprema Corte, Hilda Kogan y Luis Genoud, recibieron las dos dosis de la vacuna contra el COVID 19 en el hospital El Cruce de Florencia Varela, inscriptos para ello como \u201cpersonal de salud\u201d. Hasta el momento no ha sido desmentida.<\/p>\n\n\n\n<p>Los nombres de Kogan y Genoud se suman a la lista de personas que, ampar\u00e1ndose en su posici\u00f3n de poder, sortearon el orden de prioridades dispuesto por las autoridades sanitarias, cometiendo un fraude moral contra el conjunto de una sociedad que transita entre la ansiedad y la desesperaci\u00f3n para obtener el acceso a la vacuna.<\/p>\n\n\n\n<p>La indignaci\u00f3n por la conducta de las y los integrantes del m\u00e1ximo tribunal aumenta con la confirmaci\u00f3n de que su vacunaci\u00f3n no se produjo a partir de gestiones oficiales de la Suprema Corte para proteger a sus integrantes en su condici\u00f3n de \u201cpersonal estrat\u00e9gico\u201d, sino que fue lograda mediante gestiones particulares, curiosamente en un territorio donde Genoud posee amplios contactos pol\u00edticos.<\/p>\n\n\n\n<p>La conducta de Kogan y Genoud resulta a\u00fan m\u00e1s injustificable al constatar que durante toda la pandemia realizaron tareas remotas desde sus domicilios, mientras que miles de trabajadores y trabajadoras judiciales fueron forzados a poner en juego su salud y las de sus familias para llevar a cabo tareas presenciales de alto riesgo y en condiciones de seguridad e higiene inadecuadas, muchas veces lamentables. Cientos de ellas y ellos resultaron contagiados por la enfermedad.<\/p>\n\n\n\n<p>Parad\u00f3jicamente, la noticia se instala en momentos en que pese a los incesantes reclamos de la AJB, la Suprema Corte sigue sin dar respuesta a miles de trabajadores y trabajadoras que esperan ser inclu\u00eddos en los grupos de vacunaci\u00f3n prioritaria. Al mismo tiempo, se fuerza la puesta en funcionamiento de los jardines del Poder Judicial con docentes y personal auxiliar que no han sido vacunados, y donde las caracter\u00edsticas propias de su tarea impiden garantizar condiciones m\u00ednimas de prevenci\u00f3n como el distanciamiento social y el uso de tapabocas en ni\u00f1os y ni\u00f1as.<\/p>\n\n\n\n<p>La gravedad de la decisi\u00f3n tomada por la ministra y el ministro no pueden naturalizarse ni pasar inadvertidas. Desandar la crisis de legitimidad social que padece el sistema judicial exige de sus m\u00e1ximas autoridades conductas ejemplares, basadas en la responsabilidad, la \u00e9tica personal y la empat\u00eda con los sectores que sufren los peores padecimientos, en particular en tiempos de emergencia.<\/p>\n\n\n\n<p>Lamentablemente, Hilda Kogan y Luis Genoud han demostrado no estar a la altura del comportamiento \u00e9tico que exige el ejercicio de la magistratura, por lo que resulta necesario que a trav\u00e9s de una oportuna decisi\u00f3n individual, o en su defecto mediante los mecanismos institucionales que deba impulsar la Suprema Corte, se inicie el camino para su salida del m\u00e1ximo tribunal judicial bonaerense.<\/p>\n","protected":false},"excerpt":{"rendered":"<p>La AJB expresa su repudio y profunda preocupaci\u00f3n ante la difusi\u00f3n p\u00fablica de la vacunaci\u00f3n ileg\u00edtima por parte de Hilda Kogan y Luis Genoud, integrantes de la Suprema Corte. Se reclama la intervenci\u00f3n de la Suprema Corte y de la gobernaci\u00f3n. Hace algunas horas comenz\u00f3 a circular en diferentes medios de comunicaci\u00f3n masiva la noticia&hellip;<\/p>\n","protected":false},"author":1,"featured_media":102705,"comment_status":"open","ping_status":"open","sticky":false,"template":"","format":"standard","meta":{"footnotes":""},"categories":[16],"tags":[4626,2450,1307,34271,5005,34272,901],"class_list":["post-102704","post","type-post","status-publish","format-standard","has-post-thumbnail","hentry","category-gremiales","tag-ajb","tag-diario-el-sindical","tag-florencio-varela","tag-hilda-kogan","tag-hospital-el-cruce","tag-luis-genoud","tag-suprema-corte"],"_links":{"self":[{"href":"https:\/\/www.elsindical.com.ar\/notas\/wp-json\/wp\/v2\/posts\/102704","targetHints":{"allow":["GET"]}}],"collection":[{"href":"https:\/\/www.elsindical.com.ar\/notas\/wp-json\/wp\/v2\/posts"}],"about":[{"href":"https:\/\/www.elsindical.com.ar\/notas\/wp-json\/wp\/v2\/types\/post"}],"author":[{"embeddable":true,"href":"https:\/\/www.elsindical.com.ar\/notas\/wp-json\/wp\/v2\/users\/1"}],"replies":[{"embeddable":true,"href":"https:\/\/www.elsindical.com.ar\/notas\/wp-json\/wp\/v2\/comments?post=102704"}],"version-history":[{"count":1,"href":"https:\/\/www.elsindical.com.ar\/notas\/wp-json\/wp\/v2\/posts\/102704\/revisions"}],"predecessor-version":[{"id":102706,"href":"https:\/\/www.elsindical.com.ar\/notas\/wp-json\/wp\/v2\/posts\/102704\/revisions\/102706"}],"wp:featuredmedia":[{"embeddable":true,"href":"https:\/\/www.elsindical.com.ar\/notas\/wp-json\/wp\/v2\/media\/102705"}],"wp:attachment":[{"href":"https:\/\/www.elsindical.com.ar\/notas\/wp-json\/wp\/v2\/media?parent=102704"}],"wp:term":[{"taxonomy":"category","embeddable":true,"href":"https:\/\/www.elsindical.com.ar\/notas\/wp-json\/wp\/v2\/categories?post=102704"},{"taxonomy":"post_tag","embeddable":true,"href":"https:\/\/www.elsindical.com.ar\/notas\/wp-json\/wp\/v2\/tags?post=102704"}],"curies":[{"name":"wp","href":"https:\/\/api.w.org\/{rel}","templated":true}]}}