{"id":102635,"date":"2021-02-23T17:47:48","date_gmt":"2021-02-23T20:47:48","guid":{"rendered":"https:\/\/www.elsindical.com.ar\/notas\/?p=102635"},"modified":"2021-02-23T17:47:49","modified_gmt":"2021-02-23T20:47:49","slug":"ulises-jaitt-disparo-contra-actrices-argentinas-a-dos-anos-de-la-muerte-de-natacha-la-abandonaron","status":"publish","type":"post","link":"https:\/\/www.elsindical.com.ar\/notas\/ulises-jaitt-disparo-contra-actrices-argentinas-a-dos-anos-de-la-muerte-de-natacha-la-abandonaron\/","title":{"rendered":"Ulises Jaitt dispar\u00f3 contra Actrices Argentinas a dos a\u00f1os de la muerte de Natacha: \u201cLa abandonaron\u201d"},"content":{"rendered":"\n<figure class=\"wp-block-image size-large\"><a href=\"https:\/\/www.elsindical.com.ar\/notas\/var\/www\/html\/notas\/wp-content\/uploads\/2021\/02\/Justicia-por-Natacha-Jaitt.jpg\"><img loading=\"lazy\" decoding=\"async\" width=\"768\" height=\"432\" src=\"https:\/\/www.elsindical.com.ar\/notas\/var\/www\/html\/notas\/wp-content\/uploads\/2021\/02\/Justicia-por-Natacha-Jaitt.jpg\" alt=\"\" class=\"wp-image-102636\" srcset=\"https:\/\/www.elsindical.com.ar\/notas\/var\/www\/html\/notas\/wp-content\/uploads\/2021\/02\/Justicia-por-Natacha-Jaitt.jpg 768w, https:\/\/www.elsindical.com.ar\/notas\/var\/www\/html\/notas\/wp-content\/uploads\/2021\/02\/Justicia-por-Natacha-Jaitt-300x169.jpg 300w, https:\/\/www.elsindical.com.ar\/notas\/var\/www\/html\/notas\/wp-content\/uploads\/2021\/02\/Justicia-por-Natacha-Jaitt-500x281.jpg 500w, https:\/\/www.elsindical.com.ar\/notas\/var\/www\/html\/notas\/wp-content\/uploads\/2021\/02\/Justicia-por-Natacha-Jaitt-460x260.jpg 460w\" sizes=\"auto, (max-width: 768px) 100vw, 768px\" \/><\/a><\/figure>\n\n\n\n<p>En una marcha que organizaron para pedir justicia, denunci\u00f3 que \u201cla causa est\u00e1 congelada\u201d y detall\u00f3 una conversaci\u00f3n que tuvo con Laura Azcurra.<\/p>\n\n\n\n<p>Este martes se cumplen dos a\u00f1os de la muerte de Natacha Jaitt y sus amigos y familiares la recordaron en una marcha en la que <strong>pidieron justicia<\/strong> y reclamaron que la causa que investiga las circunstancias en las que muri\u00f3 avance.<\/p>\n\n\n\n<p>\u201cNo tenemos justicia. Es una verg\u00fcenza. Es el poder, la corrupci\u00f3n. <strong>La causa est\u00e1 congelada.<\/strong> Se cometieron delitos de todo tipo. Esto es una joda\u201d, dijo Ulises Jaitt, hermano de la medi\u00e1tica, en una entrevista con<em>Los \u00e1ngeles de la ma\u00f1ana (eltrece)<\/em> desde la plaza Zapiola de <strong>Villa Urquiza<\/strong>, ubicada a pocas cuadras de la vivienda familiar de los Jaitt, donde organizaron la manifestaci\u00f3n.<\/p>\n\n\n\n<p><strong>Antonella Olivera, hija de Natacha<\/strong>, dijo que a su madre \u201cla mataron\u201d. En declaraciones al noticiero de<em> El nueve,<\/em> expres\u00f3: \u201cLamentablemente no tenemos las pruebas porque la Justicia no nos da el espacio para mostr\u00e1rselas a la gente, pero s\u00ed, la mataron. Es la pura realidad y yo <strong>s\u00e9 que en el coraz\u00f3n de la gente saben que la mataron<\/strong> a mam\u00e1\u201d.<\/p>\n\n\n\n<p>\u201c\u00bfNo es suficiente todo lo que se vio en el sal\u00f3n esa noche para imputar a alguien? Hace dos a\u00f1os que estamos esperando que se abra la tablet\u201d, agreg\u00f3 Antonella, que remarc\u00f3 que \u201c<strong>hay una Justicia machista<\/strong>\u201d y ese es el obst\u00e1culo central para avanzar en la b\u00fasqueda de la verdad.<\/p>\n\n\n\n<p><strong>Ulises Jaitt<\/strong> revel\u00f3 el di\u00e1logo que mantuvo con <strong>Laura Azcurra<\/strong>, una de las m\u00e1s activas en el colectivo <strong>Actrices Argentinas<\/strong>, para que se acercara a la marcha,.<\/p>\n\n\n\n<p>\u201cEl colectivo de Actrices abandon\u00f3 a Natacha cuando estaba viva y ahora la abandon\u00f3 muerta. Yo me la encuentro a Laura Azcurra porque ella vive en Villa Urquiza, en este barrio. Debe vivir ac\u00e1 a tres cuadras y no est\u00e1 ac\u00e1 presente. Hace un mes me la encontr\u00e9 y le dije si me pod\u00edan ayudar. Ella me contest\u00f3: <strong>\u2018Vos nos atacaste cuando pas\u00f3 lo de Natacha\u2019<\/strong>. Me dijo que <strong>estaban dolidas<\/strong> las chicas porque las critiqu\u00e9. Pero yo las critiqu\u00e9 porque no estuvieron. Y le dije: \u2018Dejen el rencor, el odio, vengan a apoyarme y arranquemos de nuevo, porque la v\u00edctima es Natacha\u2019\u201d,le dijo Ulises a \u00c1ngel de Brito en <em>LAM<\/em>.<\/p>\n\n\n\n<p>\u201cElla <strong>se hace la falsa preocupada<\/strong>, me dice que arreglemos para tomar un caf\u00e9, me promete que se va a juntar conmigo, pero me dej\u00f3 colgado\u201d, denunci\u00f3.<\/p>\n\n\n\n<p>La actriz y medi\u00e1tica fue encontrada muerta el 23 de febrero de 2019 en el sal\u00f3n de fiestas Xanad\u00fa, ubicado en el partido de Tigre.<\/p>\n\n\n\n<p>La autopsia determin\u00f3 que Jaitt muri\u00f3 por una<strong> falla multiorg\u00e1nica<\/strong> y las pericias detectaron presencia de coca\u00edna en sangre, contenido g\u00e1strico y v\u00edsceras.<\/p>\n","protected":false},"excerpt":{"rendered":"<p>En una marcha que organizaron para pedir justicia, denunci\u00f3 que \u201cla causa est\u00e1 congelada\u201d y detall\u00f3 una conversaci\u00f3n que tuvo con Laura Azcurra. Este martes se cumplen dos a\u00f1os de la muerte de Natacha Jaitt y sus amigos y familiares la recordaron en una marcha en la que pidieron justicia y reclamaron que la causa&hellip;<\/p>\n","protected":false},"author":1,"featured_media":102636,"comment_status":"open","ping_status":"open","sticky":false,"template":"","format":"standard","meta":{"footnotes":""},"categories":[25],"tags":[560,363,2450,30580,41,13588,34263],"class_list":["post-102635","post","type-post","status-publish","format-standard","has-post-thumbnail","hentry","category-sociedad","tag-amigos","tag-asesinato","tag-diario-el-sindical","tag-familia-2","tag-justicia","tag-natacha-jaitt","tag-ulises-jaitt"],"_links":{"self":[{"href":"https:\/\/www.elsindical.com.ar\/notas\/wp-json\/wp\/v2\/posts\/102635","targetHints":{"allow":["GET"]}}],"collection":[{"href":"https:\/\/www.elsindical.com.ar\/notas\/wp-json\/wp\/v2\/posts"}],"about":[{"href":"https:\/\/www.elsindical.com.ar\/notas\/wp-json\/wp\/v2\/types\/post"}],"author":[{"embeddable":true,"href":"https:\/\/www.elsindical.com.ar\/notas\/wp-json\/wp\/v2\/users\/1"}],"replies":[{"embeddable":true,"href":"https:\/\/www.elsindical.com.ar\/notas\/wp-json\/wp\/v2\/comments?post=102635"}],"version-history":[{"count":1,"href":"https:\/\/www.elsindical.com.ar\/notas\/wp-json\/wp\/v2\/posts\/102635\/revisions"}],"predecessor-version":[{"id":102637,"href":"https:\/\/www.elsindical.com.ar\/notas\/wp-json\/wp\/v2\/posts\/102635\/revisions\/102637"}],"wp:featuredmedia":[{"embeddable":true,"href":"https:\/\/www.elsindical.com.ar\/notas\/wp-json\/wp\/v2\/media\/102636"}],"wp:attachment":[{"href":"https:\/\/www.elsindical.com.ar\/notas\/wp-json\/wp\/v2\/media?parent=102635"}],"wp:term":[{"taxonomy":"category","embeddable":true,"href":"https:\/\/www.elsindical.com.ar\/notas\/wp-json\/wp\/v2\/categories?post=102635"},{"taxonomy":"post_tag","embeddable":true,"href":"https:\/\/www.elsindical.com.ar\/notas\/wp-json\/wp\/v2\/tags?post=102635"}],"curies":[{"name":"wp","href":"https:\/\/api.w.org\/{rel}","templated":true}]}}