{"id":102630,"date":"2021-02-23T12:52:00","date_gmt":"2021-02-23T15:52:00","guid":{"rendered":"https:\/\/www.elsindical.com.ar\/notas\/?p=102630"},"modified":"2021-02-23T12:52:01","modified_gmt":"2021-02-23T15:52:01","slug":"avellaneda-sigue-la-ola-de-robos-violentos-autoridades-ausentes-y-propuestas","status":"publish","type":"post","link":"https:\/\/www.elsindical.com.ar\/notas\/avellaneda-sigue-la-ola-de-robos-violentos-autoridades-ausentes-y-propuestas\/","title":{"rendered":"Avellaneda: Sigue la ola de robos violentos, autoridades ausentes y propuestas"},"content":{"rendered":"\n<figure class=\"wp-block-image size-large\"><a href=\"https:\/\/www.elsindical.com.ar\/notas\/var\/www\/html\/notas\/wp-content\/uploads\/2021\/02\/Comando-de-Patrullas-Avellaneda.jpg\"><img loading=\"lazy\" decoding=\"async\" width=\"983\" height=\"656\" src=\"https:\/\/www.elsindical.com.ar\/notas\/var\/www\/html\/notas\/wp-content\/uploads\/2021\/02\/Comando-de-Patrullas-Avellaneda.jpg\" alt=\"\" class=\"wp-image-102631\" srcset=\"https:\/\/www.elsindical.com.ar\/notas\/var\/www\/html\/notas\/wp-content\/uploads\/2021\/02\/Comando-de-Patrullas-Avellaneda.jpg 983w, https:\/\/www.elsindical.com.ar\/notas\/var\/www\/html\/notas\/wp-content\/uploads\/2021\/02\/Comando-de-Patrullas-Avellaneda-300x200.jpg 300w, https:\/\/www.elsindical.com.ar\/notas\/var\/www\/html\/notas\/wp-content\/uploads\/2021\/02\/Comando-de-Patrullas-Avellaneda-768x513.jpg 768w, https:\/\/www.elsindical.com.ar\/notas\/var\/www\/html\/notas\/wp-content\/uploads\/2021\/02\/Comando-de-Patrullas-Avellaneda-450x300.jpg 450w\" sizes=\"auto, (max-width: 983px) 100vw, 983px\" \/><\/a><\/figure>\n\n\n\n<p>    Todos los d\u00edas se conocen nuevos casos de robos violentos a vecinos de Avellaneda, ya no se trata de los robos habituales, sino que son a cualquier hora y no est\u00e1n a resguardo ni los que se movilizan en sus veh\u00edculos.<\/p>\n\n\n\n<p>A la ola de robos de celulares, el objeto m\u00e1s sencillo de robar y reducir, que se sabe toda persona lleva uno, se registra un aumento de robo de autos en los sem\u00e1foros del centro de Avellaneda, varios robos a pocos metros de la base del Comando de Patrullas de Avellaneda y de la sede local de Asuntos Internos, que dista a unos 200 metros de la comisar\u00eda 1ra.<\/p>\n\n\n\n<p>Es decir, en una zona que se supone es la m\u00e1s segura, los delincuentes no tienen problemas en robar con impunidad.<\/p>\n\n\n\n<p>Somos el \u00fanico medio que ha reiterado la ineficiencia de la conducci\u00f3n policial, corresponde el patrullaje y la prevenci\u00f3n de delitos al Comando de Patrullas de Avellaneda a cargo del Subcomisario Javier \u00c1ngel David Bibiano quien depende del Jefe de Estaci\u00f3n Polic\u00eda de Avellaneda Comisario Inspector Gregorio Mart\u00ednez de quien adem\u00e1s depende el titular de la comisar\u00eda 1ra el Subcomisario Ra\u00fal Couceiro, quien como jefe tiene una de las peores jefaturas luego de un paso por la misma comisar\u00eda como Jefe de Calle donde trabajaba mucho m\u00e1s.<\/p>\n\n\n\n<p>Por el lado del municipio, el intendente Alejo Chorobroff ya es m\u00e1s c\u00f3mplice de los delincuentes que un irresponsable, porque sabiendo la cantidad de denuncias, los reclamos por la falta de efectividad de las c\u00e1maras de seguridad y la p\u00e9sima gesti\u00f3n de M\u00f3nica Ghirelli y Marcelo Rey. No hace nada por cambiar la realidad de los vecinos que padecen la inseguridad.<\/p>\n\n\n\n<figure class=\"wp-block-gallery columns-1 is-cropped wp-block-gallery-1 is-layout-flex wp-block-gallery-is-layout-flex\"><ul class=\"blocks-gallery-grid\"><li class=\"blocks-gallery-item\"><figure><a href=\"https:\/\/www.elsindical.com.ar\/notas\/var\/www\/html\/notas\/wp-content\/uploads\/2021\/02\/robo-en-9-de-julio-y-Belgrano.png\"><img loading=\"lazy\" decoding=\"async\" width=\"686\" height=\"1024\" src=\"https:\/\/www.elsindical.com.ar\/notas\/var\/www\/html\/notas\/wp-content\/uploads\/2021\/02\/robo-en-9-de-julio-y-Belgrano-686x1024.png\" alt=\"\" data-id=\"102632\" data-full-url=\"https:\/\/www.elsindical.com.ar\/notas\/var\/www\/html\/notas\/wp-content\/uploads\/2021\/02\/robo-en-9-de-julio-y-Belgrano.png\" data-link=\"https:\/\/www.elsindical.com.ar\/notas\/?attachment_id=102632#main\" class=\"wp-image-102632\" srcset=\"https:\/\/www.elsindical.com.ar\/notas\/var\/www\/html\/notas\/wp-content\/uploads\/2021\/02\/robo-en-9-de-julio-y-Belgrano-686x1024.png 686w, https:\/\/www.elsindical.com.ar\/notas\/var\/www\/html\/notas\/wp-content\/uploads\/2021\/02\/robo-en-9-de-julio-y-Belgrano-201x300.png 201w, https:\/\/www.elsindical.com.ar\/notas\/var\/www\/html\/notas\/wp-content\/uploads\/2021\/02\/robo-en-9-de-julio-y-Belgrano-768x1147.png 768w, https:\/\/www.elsindical.com.ar\/notas\/var\/www\/html\/notas\/wp-content\/uploads\/2021\/02\/robo-en-9-de-julio-y-Belgrano.png 857w\" sizes=\"auto, (max-width: 686px) 100vw, 686px\" \/><\/a><\/figure><\/li><li class=\"blocks-gallery-item\"><figure><a href=\"https:\/\/www.elsindical.com.ar\/notas\/var\/www\/html\/notas\/wp-content\/uploads\/2021\/02\/robos-en-Centro-de-Avellaneda.jpg\"><img loading=\"lazy\" decoding=\"async\" width=\"709\" height=\"241\" src=\"https:\/\/www.elsindical.com.ar\/notas\/var\/www\/html\/notas\/wp-content\/uploads\/2021\/02\/robos-en-Centro-de-Avellaneda.jpg\" alt=\"\" data-id=\"102633\" data-full-url=\"https:\/\/www.elsindical.com.ar\/notas\/var\/www\/html\/notas\/wp-content\/uploads\/2021\/02\/robos-en-Centro-de-Avellaneda.jpg\" data-link=\"https:\/\/www.elsindical.com.ar\/notas\/?attachment_id=102633#main\" class=\"wp-image-102633\" srcset=\"https:\/\/www.elsindical.com.ar\/notas\/var\/www\/html\/notas\/wp-content\/uploads\/2021\/02\/robos-en-Centro-de-Avellaneda.jpg 709w, https:\/\/www.elsindical.com.ar\/notas\/var\/www\/html\/notas\/wp-content\/uploads\/2021\/02\/robos-en-Centro-de-Avellaneda-300x102.jpg 300w, https:\/\/www.elsindical.com.ar\/notas\/var\/www\/html\/notas\/wp-content\/uploads\/2021\/02\/robos-en-Centro-de-Avellaneda-500x170.jpg 500w\" sizes=\"auto, (max-width: 709px) 100vw, 709px\" \/><\/a><\/figure><\/li><\/ul><\/figure>\n\n\n\n<p><\/p>\n","protected":false},"excerpt":{"rendered":"<p>Todos los d\u00edas se conocen nuevos casos de robos violentos a vecinos de Avellaneda, ya no se trata de los robos habituales, sino que son a cualquier hora y no est\u00e1n a resguardo ni los que se movilizan en sus veh\u00edculos. A la ola de robos de celulares, el objeto m\u00e1s sencillo de robar y&hellip;<\/p>\n","protected":false},"author":1,"featured_media":102631,"comment_status":"open","ping_status":"open","sticky":false,"template":"","format":"standard","meta":{"footnotes":""},"categories":[10,22],"tags":[34262,25969,30370,2450,984,34261,32955],"class_list":["post-102630","post","type-post","status-publish","format-standard","has-post-thumbnail","hentry","category-editorial","category-policiales","tag-alejo-chorobroff","tag-comando-de-patrullas-avellaneda","tag-comisaria-1ra-2","tag-diario-el-sindical","tag-inseguridad","tag-subcomisario-javier-angel-david-bibiano","tag-subcomisario-raul-couceiro"],"_links":{"self":[{"href":"https:\/\/www.elsindical.com.ar\/notas\/wp-json\/wp\/v2\/posts\/102630","targetHints":{"allow":["GET"]}}],"collection":[{"href":"https:\/\/www.elsindical.com.ar\/notas\/wp-json\/wp\/v2\/posts"}],"about":[{"href":"https:\/\/www.elsindical.com.ar\/notas\/wp-json\/wp\/v2\/types\/post"}],"author":[{"embeddable":true,"href":"https:\/\/www.elsindical.com.ar\/notas\/wp-json\/wp\/v2\/users\/1"}],"replies":[{"embeddable":true,"href":"https:\/\/www.elsindical.com.ar\/notas\/wp-json\/wp\/v2\/comments?post=102630"}],"version-history":[{"count":1,"href":"https:\/\/www.elsindical.com.ar\/notas\/wp-json\/wp\/v2\/posts\/102630\/revisions"}],"predecessor-version":[{"id":102634,"href":"https:\/\/www.elsindical.com.ar\/notas\/wp-json\/wp\/v2\/posts\/102630\/revisions\/102634"}],"wp:featuredmedia":[{"embeddable":true,"href":"https:\/\/www.elsindical.com.ar\/notas\/wp-json\/wp\/v2\/media\/102631"}],"wp:attachment":[{"href":"https:\/\/www.elsindical.com.ar\/notas\/wp-json\/wp\/v2\/media?parent=102630"}],"wp:term":[{"taxonomy":"category","embeddable":true,"href":"https:\/\/www.elsindical.com.ar\/notas\/wp-json\/wp\/v2\/categories?post=102630"},{"taxonomy":"post_tag","embeddable":true,"href":"https:\/\/www.elsindical.com.ar\/notas\/wp-json\/wp\/v2\/tags?post=102630"}],"curies":[{"name":"wp","href":"https:\/\/api.w.org\/{rel}","templated":true}]}}