{"id":102627,"date":"2021-02-23T09:36:03","date_gmt":"2021-02-23T12:36:03","guid":{"rendered":"https:\/\/www.elsindical.com.ar\/notas\/?p=102627"},"modified":"2021-02-23T09:36:04","modified_gmt":"2021-02-23T12:36:04","slug":"jorge-calzoni-y-el-oportunismo-politico","status":"publish","type":"post","link":"https:\/\/www.elsindical.com.ar\/notas\/jorge-calzoni-y-el-oportunismo-politico\/","title":{"rendered":"Jorge Calzoni y el oportunismo pol\u00edtico"},"content":{"rendered":"\n<figure class=\"wp-block-image size-large\"><a href=\"https:\/\/www.elsindical.com.ar\/notas\/var\/www\/html\/notas\/wp-content\/uploads\/2021\/02\/Jorge-Calzoni-campana.jpg\"><img loading=\"lazy\" decoding=\"async\" width=\"1024\" height=\"1024\" src=\"https:\/\/www.elsindical.com.ar\/notas\/var\/www\/html\/notas\/wp-content\/uploads\/2021\/02\/Jorge-Calzoni-campana-1024x1024.jpg\" alt=\"\" class=\"wp-image-102628\" srcset=\"https:\/\/www.elsindical.com.ar\/notas\/var\/www\/html\/notas\/wp-content\/uploads\/2021\/02\/Jorge-Calzoni-campana-1024x1024.jpg 1024w, https:\/\/www.elsindical.com.ar\/notas\/var\/www\/html\/notas\/wp-content\/uploads\/2021\/02\/Jorge-Calzoni-campana-300x300.jpg 300w, https:\/\/www.elsindical.com.ar\/notas\/var\/www\/html\/notas\/wp-content\/uploads\/2021\/02\/Jorge-Calzoni-campana-150x150.jpg 150w, https:\/\/www.elsindical.com.ar\/notas\/var\/www\/html\/notas\/wp-content\/uploads\/2021\/02\/Jorge-Calzoni-campana-768x768.jpg 768w, https:\/\/www.elsindical.com.ar\/notas\/var\/www\/html\/notas\/wp-content\/uploads\/2021\/02\/Jorge-Calzoni-campana-1536x1536.jpg 1536w, https:\/\/www.elsindical.com.ar\/notas\/var\/www\/html\/notas\/wp-content\/uploads\/2021\/02\/Jorge-Calzoni-campana-50x50.jpg 50w, https:\/\/www.elsindical.com.ar\/notas\/var\/www\/html\/notas\/wp-content\/uploads\/2021\/02\/Jorge-Calzoni-campana.jpg 1600w\" sizes=\"auto, (max-width: 1024px) 100vw, 1024px\" \/><\/a><\/figure>\n\n\n\n<p>     El ingeniero Jorge Calzoni oficialmente lanz\u00f3 su candidatura pol\u00edtica y sin reparos su frase es \u00abme veo Intendente en 2023\u00bb, podr\u00eda decir que es un hombre muy optimista y que esa confianza tiene algo de sustento en la calidad del resto de los candidatos que carecen de una oratoria como la suya, pero &#8230;<\/p>\n\n\n\n<p>Jorge Calzoni antes de hacer propuestas y presentarse como una nueva opci\u00f3n deber\u00eda dar varias explicaciones de sus pasado ligado estrechamente al kirchnerismo, sus v\u00ednculos pol\u00edticos con pol\u00edticos poco transparentes en sus gestiones, algunas sospechas que nunca se aclararon de los costos de la construcci\u00f3n de la UNDAV y las empresas que intervinieron, su participaci\u00f3n en empresas estatales, el crecimiento de su patrimonio y el financiamiento de algunos militantes que recib\u00edan mensualmente una pauta de la universidad sin que el medio estuviera registrado y facturando a nombre de un presta facturas.<\/p>\n\n\n\n<p>Tengo muy buena memoria de que oportunamente Calzoni nunca respondi\u00f3 a las consultas al respecto y que tampoco acepto una entrevista period\u00edstica para poder explicar muchas de estas cosas que son importantes porque venderse como una nueva propuesta puede resultar un enga\u00f1o.<\/p>\n\n\n\n<p>En la entrevista a un medio \u00abamigo\u00bb de los que hace a\u00f1os reciben pauta de Calzoni, dar entrevistas es c\u00f3modo, porque no hay periodismo, solo redactan y publican lo que el supuesto entrevistado quiere que se diga, desde all\u00ed partimos mal, eso no es una entrevista, eso no es periodismo y es muy poco serio una campa\u00f1a guionada.<\/p>\n\n\n\n<p>Calzoni se equivoca en la propuesta, quiz\u00e1s mal asesorado o fuera de la realidad de los vecinos de Avellaneda, habla de que en Avellaneda hay problema de asistencia social y salud, menciona el asistencialismo, peor no se anima a decir su verdadera definici\u00f3n que es clientelismo, as\u00ed tibio no se puede hacer pol\u00edtica.<\/p>\n\n\n\n<p>Omite curiosamente y es grave mencionar el tema que m\u00e1s preocupa a los vecinos de Avellaneda y de la provincia de Buenos Aires en general y que es la inseguridad, de nada sirve mejor otras cuestiones si cuando vas a atenderte al m\u00e9dico te roban o te matan, no existe actividad social si los punteros pol\u00edticos a los primeros que convocan son a los delincuentes o si los pol\u00edticos para caminar lugares como Villa Tranquila, La Isla Maciel o Villa Corina necesitan caminar con un referente del lugar.<\/p>\n\n\n\n<p>Solo coincido en el hecho de que usted desde lo acad\u00e9mico es el que mejor preparado est\u00e1 para un debate o para hacer propuestas, pero considero que usted por lo que ha hecho a la fecha es solo un oportunista o una opci\u00f3n funcional a que el resto de los peronistas impresentables no pierdan todos los votos y en realidad su postulaci\u00f3n sea una red de contenci\u00f3n de votos.<\/p>\n\n\n\n<p>Por Marcelo Ricardo Hawrylciw<\/p>\n","protected":false},"excerpt":{"rendered":"<p>El ingeniero Jorge Calzoni oficialmente lanz\u00f3 su candidatura pol\u00edtica y sin reparos su frase es \u00abme veo Intendente en 2023\u00bb, podr\u00eda decir que es un hombre muy optimista y que esa confianza tiene algo de sustento en la calidad del resto de los candidatos que carecen de una oratoria como la suya, pero &#8230; Jorge&hellip;<\/p>\n","protected":false},"author":1,"featured_media":102628,"comment_status":"open","ping_status":"open","sticky":false,"template":"","format":"standard","meta":{"footnotes":""},"categories":[10,13],"tags":[461,2450,34260,1833,4143,1067,4142],"class_list":["post-102627","post","type-post","status-publish","format-standard","has-post-thumbnail","hentry","category-editorial","category-politica","tag-avellaneda","tag-diario-el-sindical","tag-elecciones-2023","tag-intendente","tag-jorge-calzoni","tag-pj","tag-undav"],"_links":{"self":[{"href":"https:\/\/www.elsindical.com.ar\/notas\/wp-json\/wp\/v2\/posts\/102627","targetHints":{"allow":["GET"]}}],"collection":[{"href":"https:\/\/www.elsindical.com.ar\/notas\/wp-json\/wp\/v2\/posts"}],"about":[{"href":"https:\/\/www.elsindical.com.ar\/notas\/wp-json\/wp\/v2\/types\/post"}],"author":[{"embeddable":true,"href":"https:\/\/www.elsindical.com.ar\/notas\/wp-json\/wp\/v2\/users\/1"}],"replies":[{"embeddable":true,"href":"https:\/\/www.elsindical.com.ar\/notas\/wp-json\/wp\/v2\/comments?post=102627"}],"version-history":[{"count":1,"href":"https:\/\/www.elsindical.com.ar\/notas\/wp-json\/wp\/v2\/posts\/102627\/revisions"}],"predecessor-version":[{"id":102629,"href":"https:\/\/www.elsindical.com.ar\/notas\/wp-json\/wp\/v2\/posts\/102627\/revisions\/102629"}],"wp:featuredmedia":[{"embeddable":true,"href":"https:\/\/www.elsindical.com.ar\/notas\/wp-json\/wp\/v2\/media\/102628"}],"wp:attachment":[{"href":"https:\/\/www.elsindical.com.ar\/notas\/wp-json\/wp\/v2\/media?parent=102627"}],"wp:term":[{"taxonomy":"category","embeddable":true,"href":"https:\/\/www.elsindical.com.ar\/notas\/wp-json\/wp\/v2\/categories?post=102627"},{"taxonomy":"post_tag","embeddable":true,"href":"https:\/\/www.elsindical.com.ar\/notas\/wp-json\/wp\/v2\/tags?post=102627"}],"curies":[{"name":"wp","href":"https:\/\/api.w.org\/{rel}","templated":true}]}}