{"id":102573,"date":"2021-02-21T18:47:23","date_gmt":"2021-02-21T21:47:23","guid":{"rendered":"https:\/\/www.elsindical.com.ar\/notas\/?p=102573"},"modified":"2021-02-21T18:47:24","modified_gmt":"2021-02-21T21:47:24","slug":"avellaneda-vecino-denuncia-que-la-policia-le-hurto-dinero-a-su-hijo-en-un-control","status":"publish","type":"post","link":"https:\/\/www.elsindical.com.ar\/notas\/avellaneda-vecino-denuncia-que-la-policia-le-hurto-dinero-a-su-hijo-en-un-control\/","title":{"rendered":"Avellaneda: Vecino denuncia que la polic\u00eda le hurto dinero a su hijo en un control"},"content":{"rendered":"\n<figure class=\"wp-block-image size-large\"><a href=\"https:\/\/www.elsindical.com.ar\/notas\/var\/www\/html\/notas\/wp-content\/uploads\/2021\/02\/denuncia-a-la-6ta.jpg\"><img loading=\"lazy\" decoding=\"async\" width=\"674\" height=\"770\" src=\"https:\/\/www.elsindical.com.ar\/notas\/var\/www\/html\/notas\/wp-content\/uploads\/2021\/02\/denuncia-a-la-6ta.jpg\" alt=\"\" class=\"wp-image-102574\" srcset=\"https:\/\/www.elsindical.com.ar\/notas\/var\/www\/html\/notas\/wp-content\/uploads\/2021\/02\/denuncia-a-la-6ta.jpg 674w, https:\/\/www.elsindical.com.ar\/notas\/var\/www\/html\/notas\/wp-content\/uploads\/2021\/02\/denuncia-a-la-6ta-263x300.jpg 263w\" sizes=\"auto, (max-width: 674px) 100vw, 674px\" \/><\/a><\/figure>\n\n\n\n<p>    Un vecino de Avellaneda, identificado en las redes sociales como Riky Murua publico en uno de los tantos grupos de vecinos su indignaci\u00f3n por el mal proceder de polic\u00edas que identificaron a su hijo y luego de requisarlo le devolvieron sus pertenencias entre ellas la billetera.<\/p>\n\n\n\n<p>Seg\u00fan explico a otros vecinos, no est\u00e1 en condiciones de hacer la denuncia en la justicia porque su hijo se dio cuenta que le hab\u00edan sustra\u00eddo el dinero de la billetera cuando se detuvo a comprar en un kiosco.<\/p>\n\n\n\n<p>Lo que parece una \u00abavivada\u00bb es grave en cuanto constituye un delito y deja una p\u00e9sima imagen de la polic\u00eda por culpa de unos pocos corruptos.<\/p>\n","protected":false},"excerpt":{"rendered":"<p>Un vecino de Avellaneda, identificado en las redes sociales como Riky Murua publico en uno de los tantos grupos de vecinos su indignaci\u00f3n por el mal proceder de polic\u00edas que identificaron a su hijo y luego de requisarlo le devolvieron sus pertenencias entre ellas la billetera. Seg\u00fan explico a otros vecinos, no est\u00e1 en condiciones&hellip;<\/p>\n","protected":false},"author":1,"featured_media":102574,"comment_status":"open","ping_status":"open","sticky":false,"template":"","format":"standard","meta":{"footnotes":""},"categories":[6],"tags":[461,7746,30720,1451,2450,123,1662,725],"class_list":["post-102573","post","type-post","status-publish","format-standard","has-post-thumbnail","hentry","category-denuncias","tag-avellaneda","tag-billetera","tag-comisaria-6ta-2","tag-corrupcion","tag-diario-el-sindical","tag-dinero","tag-gerli","tag-hurto"],"_links":{"self":[{"href":"https:\/\/www.elsindical.com.ar\/notas\/wp-json\/wp\/v2\/posts\/102573","targetHints":{"allow":["GET"]}}],"collection":[{"href":"https:\/\/www.elsindical.com.ar\/notas\/wp-json\/wp\/v2\/posts"}],"about":[{"href":"https:\/\/www.elsindical.com.ar\/notas\/wp-json\/wp\/v2\/types\/post"}],"author":[{"embeddable":true,"href":"https:\/\/www.elsindical.com.ar\/notas\/wp-json\/wp\/v2\/users\/1"}],"replies":[{"embeddable":true,"href":"https:\/\/www.elsindical.com.ar\/notas\/wp-json\/wp\/v2\/comments?post=102573"}],"version-history":[{"count":1,"href":"https:\/\/www.elsindical.com.ar\/notas\/wp-json\/wp\/v2\/posts\/102573\/revisions"}],"predecessor-version":[{"id":102575,"href":"https:\/\/www.elsindical.com.ar\/notas\/wp-json\/wp\/v2\/posts\/102573\/revisions\/102575"}],"wp:featuredmedia":[{"embeddable":true,"href":"https:\/\/www.elsindical.com.ar\/notas\/wp-json\/wp\/v2\/media\/102574"}],"wp:attachment":[{"href":"https:\/\/www.elsindical.com.ar\/notas\/wp-json\/wp\/v2\/media?parent=102573"}],"wp:term":[{"taxonomy":"category","embeddable":true,"href":"https:\/\/www.elsindical.com.ar\/notas\/wp-json\/wp\/v2\/categories?post=102573"},{"taxonomy":"post_tag","embeddable":true,"href":"https:\/\/www.elsindical.com.ar\/notas\/wp-json\/wp\/v2\/tags?post=102573"}],"curies":[{"name":"wp","href":"https:\/\/api.w.org\/{rel}","templated":true}]}}