{"id":10257,"date":"2010-10-17T20:20:36","date_gmt":"2010-10-17T23:20:36","guid":{"rendered":"http:\/\/www.elsindical.com.ar\/notas\/?p=10257"},"modified":"2010-10-17T20:20:36","modified_gmt":"2010-10-17T23:20:36","slug":"17-de-octubredia-de-la-lealtad","status":"publish","type":"post","link":"https:\/\/www.elsindical.com.ar\/notas\/17-de-octubredia-de-la-lealtad\/","title":{"rendered":"17 de octubre:D\u00eda de la Lealtad"},"content":{"rendered":"<p style=\"text-align: justify;\"><em><a href=\"http:\/\/www.elsindical.com.ar\/notas\/var\/www\/html\/notas\/wp-content\/uploads\/2010\/10\/D\u00eda-de-la-Lealtad.jpg\"><img loading=\"lazy\" decoding=\"async\" class=\"alignleft size-medium wp-image-10258\" title=\"D\u00eda-de-la-Lealtad\" src=\"http:\/\/www.elsindical.com.ar\/notas\/var\/www\/html\/notas\/wp-content\/uploads\/2010\/10\/D\u00eda-de-la-Lealtad-300x209.jpg\" alt=\"\" width=\"300\" height=\"209\" srcset=\"https:\/\/www.elsindical.com.ar\/notas\/var\/www\/html\/notas\/wp-content\/uploads\/2010\/10\/D\u00eda-de-la-Lealtad-300x209.jpg 300w, https:\/\/www.elsindical.com.ar\/notas\/var\/www\/html\/notas\/wp-content\/uploads\/2010\/10\/D\u00eda-de-la-Lealtad.jpg 413w\" sizes=\"auto, (max-width: 300px) 100vw, 300px\" \/><\/a>Un d\u00eda como hoy de 1945 marc\u00f3 gran parte de la cultura pol\u00edtica del pueblo argentino, en especial de los seguidores de Juan Domingo Per\u00f3n, fecha que muchos se\u00f1alan como la del nacimiento del peronismo.<\/em><\/p>\n<p style=\"text-align: justify;\">Por aquellos a\u00f1os, el presidente, general Edelmiro Farrell nombr\u00f3 al coronel Juan Domingo Per\u00f3n secretario de Trabajo y Previsi\u00f3n, ministro de Guerra y Vicepresidente de la Naci\u00f3n, cargos en los que desempe\u00f1\u00f3 una intensa actividad.<\/p>\n<p style=\"text-align: justify;\">Per\u00f3n como secretario de Trabajo y Previsi\u00f3n se gan\u00f3 la lealtad de los obreros, a trav\u00e9s de importantes medidas, como numerosos aumentos de salarios, y proyectos que poco despu\u00e9s se concretar\u00edan, como la Justicia de Trabajo o el pago de las vacaciones y el aguinaldo.<\/p>\n<p style=\"text-align: justify;\">Lo cual explicaba movilizaciones populares que se produjeron el 17 de octubre de 1945.<\/p>\n<p style=\"text-align: justify;\">Seg\u00fan algunos historiadores, el sindicalismo argentino, hasta entonces desanimado por las propuestas de lucha de comunistas y socialistas, se aproxim\u00f3 a las soluciones reales y concretas que les ofrec\u00eda Per\u00f3n.<\/p>\n<p style=\"text-align: justify;\">Pero el 8 de octubre de 1945, el general Avalos pidi\u00f3 a Farrell que destituyese a Per\u00f3n, quien fue detenido y llevado a la isla Mart\u00edn Garc\u00eda, y luego al Hospital Militar. Disconformes con la medida amplios sectores populares marcharon a Plaza de Mayo y reclamaron la libertad de su l\u00edderes.<\/p>\n<p style=\"text-align: justify;\">Desde las primeras horas de la ma\u00f1ana del 17, comenzaron a llegar columnas de manifestantes con banderas y pancartas a la Plaza de Mayo que ven\u00edan desde Avellaneda, Lan\u00fas, Banfield, Quilmes, San Mart\u00edn.<\/p>\n<p style=\"text-align: justify;\">Los manifestante se convertir\u00edan en todo un s\u00edmbolo de un movimiento nacional popular, para algunos estudiosos el mas importante de Argentina: El Peronismo.<\/p>\n<p style=\"text-align: justify;\">Dada la magnitud de la manifestaci\u00f3n y el reclamo de la gente por su l\u00edder, los militares se vieron obligados a buscar a Per\u00f3n para que calmara al pueblo. Esa noche, Per\u00f3n sali\u00f3 al balc\u00f3n a tranquilizar al pueblo que lo aclamaba. Y entre c\u00e1nticos y gritos, agradecido por el apoyo, Per\u00f3n emiti\u00f3 su discurso. \u201cMuchas veces he asistido a reuniones de trabajadores, y siempre he sentido una enorme satisfacci\u00f3n, pero hoy siento un verdadero orgullo de argentino porque interpreto este movimiento colectivo como el renacimiento de la conciencia de los trabajadores\u201d, se\u00f1al\u00f3.<\/p>\n<p style=\"text-align: justify;\">De esta manera, con el 17 de octubre se escribi\u00f3 otra p\u00e1gina en la historia de Argentina y se convirti\u00f3 en d\u00eda significativo en especial para los partidarios de Juan Domingo Per\u00f3n que cada a\u00f1o recuerdan la fecha con emotivos actos en todo el pa\u00eds.<\/p>\n","protected":false},"excerpt":{"rendered":"<p>Un d\u00eda como hoy de 1945 marc\u00f3 gran parte de la cultura pol\u00edtica del pueblo argentino, en especial de los seguidores de Juan Domingo Per\u00f3n, fecha que muchos se\u00f1alan como la del nacimiento del peronismo. Por aquellos a\u00f1os, el presidente, general Edelmiro Farrell nombr\u00f3 al coronel Juan Domingo Per\u00f3n secretario de Trabajo y Previsi\u00f3n, ministro&hellip;<\/p>\n","protected":false},"author":1,"featured_media":0,"comment_status":"open","ping_status":"open","sticky":false,"template":"","format":"standard","meta":{"footnotes":""},"categories":[14],"tags":[4933,4934,1218,2766],"class_list":["post-10257","post","type-post","status-publish","format-standard","hentry","category-efemerides","tag-dia-de-la-lealtad","tag-edelmiro-farrell","tag-juan-domingo-peron","tag-peronismo"],"_links":{"self":[{"href":"https:\/\/www.elsindical.com.ar\/notas\/wp-json\/wp\/v2\/posts\/10257","targetHints":{"allow":["GET"]}}],"collection":[{"href":"https:\/\/www.elsindical.com.ar\/notas\/wp-json\/wp\/v2\/posts"}],"about":[{"href":"https:\/\/www.elsindical.com.ar\/notas\/wp-json\/wp\/v2\/types\/post"}],"author":[{"embeddable":true,"href":"https:\/\/www.elsindical.com.ar\/notas\/wp-json\/wp\/v2\/users\/1"}],"replies":[{"embeddable":true,"href":"https:\/\/www.elsindical.com.ar\/notas\/wp-json\/wp\/v2\/comments?post=10257"}],"version-history":[{"count":2,"href":"https:\/\/www.elsindical.com.ar\/notas\/wp-json\/wp\/v2\/posts\/10257\/revisions"}],"predecessor-version":[{"id":10260,"href":"https:\/\/www.elsindical.com.ar\/notas\/wp-json\/wp\/v2\/posts\/10257\/revisions\/10260"}],"wp:attachment":[{"href":"https:\/\/www.elsindical.com.ar\/notas\/wp-json\/wp\/v2\/media?parent=10257"}],"wp:term":[{"taxonomy":"category","embeddable":true,"href":"https:\/\/www.elsindical.com.ar\/notas\/wp-json\/wp\/v2\/categories?post=10257"},{"taxonomy":"post_tag","embeddable":true,"href":"https:\/\/www.elsindical.com.ar\/notas\/wp-json\/wp\/v2\/tags?post=10257"}],"curies":[{"name":"wp","href":"https:\/\/api.w.org\/{rel}","templated":true}]}}