{"id":102526,"date":"2021-02-19T18:00:00","date_gmt":"2021-02-19T21:00:00","guid":{"rendered":"https:\/\/www.elsindical.com.ar\/notas\/?p=102526"},"modified":"2021-02-19T18:00:01","modified_gmt":"2021-02-19T21:00:01","slug":"gines-gonzalez-garcia-fuera-del-gobierno-nacional","status":"publish","type":"post","link":"https:\/\/www.elsindical.com.ar\/notas\/gines-gonzalez-garcia-fuera-del-gobierno-nacional\/","title":{"rendered":"Gin\u00e9s Gonz\u00e1lez Garc\u00eda fuera del Gobierno Nacional"},"content":{"rendered":"\n<figure class=\"wp-block-image size-large\"><a href=\"https:\/\/www.elsindical.com.ar\/notas\/var\/www\/html\/notas\/wp-content\/uploads\/2021\/02\/Gines-Gonzalez-Garcia.jpg\"><img loading=\"lazy\" decoding=\"async\" width=\"1024\" height=\"578\" src=\"https:\/\/www.elsindical.com.ar\/notas\/var\/www\/html\/notas\/wp-content\/uploads\/2021\/02\/Gines-Gonzalez-Garcia-1024x578.jpg\" alt=\"\" class=\"wp-image-102527\" srcset=\"https:\/\/www.elsindical.com.ar\/notas\/var\/www\/html\/notas\/wp-content\/uploads\/2021\/02\/Gines-Gonzalez-Garcia-1024x578.jpg 1024w, https:\/\/www.elsindical.com.ar\/notas\/var\/www\/html\/notas\/wp-content\/uploads\/2021\/02\/Gines-Gonzalez-Garcia-300x169.jpg 300w, https:\/\/www.elsindical.com.ar\/notas\/var\/www\/html\/notas\/wp-content\/uploads\/2021\/02\/Gines-Gonzalez-Garcia-768x433.jpg 768w, https:\/\/www.elsindical.com.ar\/notas\/var\/www\/html\/notas\/wp-content\/uploads\/2021\/02\/Gines-Gonzalez-Garcia-500x282.jpg 500w, https:\/\/www.elsindical.com.ar\/notas\/var\/www\/html\/notas\/wp-content\/uploads\/2021\/02\/Gines-Gonzalez-Garcia-460x260.jpg 460w, https:\/\/www.elsindical.com.ar\/notas\/var\/www\/html\/notas\/wp-content\/uploads\/2021\/02\/Gines-Gonzalez-Garcia.jpg 1500w\" sizes=\"auto, (max-width: 1024px) 100vw, 1024px\" \/><\/a><\/figure>\n\n\n\n<p class=\"wp-block-paragraph\">  En medio de declaraciones de personajes pol\u00edticos, sindicales y de los medios de prensa, respecto a una existencia de un \u00abConsultorio VIP\u00bb en el propio Ministerio de Salud de la Naci\u00f3n, por el que sin turno, sin esperas y con todas las comodidades se vacunaron contra el COVID-19.<\/p>\n\n\n\n<p class=\"wp-block-paragraph\">El detonante fue la publicaci\u00f3n en redes sociales del periodista Horacio Verbitsky, quien curiosamente expuso al ex ministro de salud respecto a un tratamiento preferencial para vacunarse, con las horas trascendieron otras personalidades entre las que se destaca el gremialista Hugo Moyano, su esposa y familiares directos entre otros.<\/p>\n\n\n\n<p class=\"wp-block-paragraph\">Lo ocurrido adem\u00e1s de ser un esc\u00e1ndalo pol\u00edtico, deber\u00eda ser investigado por la justicia dado que existen indicios de delitos de orden p\u00fablico que deber\u00edan definirse en una investigaci\u00f3n judicial y sancionar a los involucrados.<\/p>\n","protected":false},"excerpt":{"rendered":"<p>En medio de declaraciones de personajes pol\u00edticos, sindicales y de los medios de prensa, respecto a una existencia de un \u00abConsultorio VIP\u00bb en el propio Ministerio de Salud de la Naci\u00f3n, por el que sin turno, sin esperas y con todas las comodidades se vacunaron contra el COVID-19. El detonante fue la publicaci\u00f3n en redes&hellip;<\/p>\n","protected":false},"author":1,"featured_media":102527,"comment_status":"open","ping_status":"open","sticky":false,"template":"","format":"standard","meta":{"footnotes":""},"categories":[13],"tags":[11223,34240,32627,2450,1942,32531,6157,77,3534,840],"class_list":["post-102526","post","type-post","status-publish","format-standard","has-post-thumbnail","hentry","category-politica","tag-alberto-fernandez","tag-consultorio-vip","tag-covid-19","tag-diario-el-sindical","tag-gabinete","tag-gines-gonzalez-garcia","tag-horacio-verbitsky","tag-hugo-moyano","tag-ministerio-de-salud-de-la-nacion","tag-renuncia"],"_links":{"self":[{"href":"https:\/\/www.elsindical.com.ar\/notas\/wp-json\/wp\/v2\/posts\/102526","targetHints":{"allow":["GET"]}}],"collection":[{"href":"https:\/\/www.elsindical.com.ar\/notas\/wp-json\/wp\/v2\/posts"}],"about":[{"href":"https:\/\/www.elsindical.com.ar\/notas\/wp-json\/wp\/v2\/types\/post"}],"author":[{"embeddable":true,"href":"https:\/\/www.elsindical.com.ar\/notas\/wp-json\/wp\/v2\/users\/1"}],"replies":[{"embeddable":true,"href":"https:\/\/www.elsindical.com.ar\/notas\/wp-json\/wp\/v2\/comments?post=102526"}],"version-history":[{"count":1,"href":"https:\/\/www.elsindical.com.ar\/notas\/wp-json\/wp\/v2\/posts\/102526\/revisions"}],"predecessor-version":[{"id":102528,"href":"https:\/\/www.elsindical.com.ar\/notas\/wp-json\/wp\/v2\/posts\/102526\/revisions\/102528"}],"wp:featuredmedia":[{"embeddable":true,"href":"https:\/\/www.elsindical.com.ar\/notas\/wp-json\/wp\/v2\/media\/102527"}],"wp:attachment":[{"href":"https:\/\/www.elsindical.com.ar\/notas\/wp-json\/wp\/v2\/media?parent=102526"}],"wp:term":[{"taxonomy":"category","embeddable":true,"href":"https:\/\/www.elsindical.com.ar\/notas\/wp-json\/wp\/v2\/categories?post=102526"},{"taxonomy":"post_tag","embeddable":true,"href":"https:\/\/www.elsindical.com.ar\/notas\/wp-json\/wp\/v2\/tags?post=102526"}],"curies":[{"name":"wp","href":"https:\/\/api.w.org\/{rel}","templated":true}]}}