{"id":102477,"date":"2021-02-18T09:35:14","date_gmt":"2021-02-18T12:35:14","guid":{"rendered":"https:\/\/www.elsindical.com.ar\/notas\/?p=102477"},"modified":"2021-02-18T09:35:15","modified_gmt":"2021-02-18T12:35:15","slug":"lomas-de-zamora-organizaciones-marcharon-por-los-femicidios-a-tribunales","status":"publish","type":"post","link":"https:\/\/www.elsindical.com.ar\/notas\/lomas-de-zamora-organizaciones-marcharon-por-los-femicidios-a-tribunales\/","title":{"rendered":"Lomas de Zamora: Organizaciones marcharon por los femicidios a Tribunales"},"content":{"rendered":"\n<figure class=\"wp-block-image size-large\"><a href=\"https:\/\/www.elsindical.com.ar\/notas\/var\/www\/html\/notas\/wp-content\/uploads\/2021\/02\/marcha-a-Tribunales-de-LZ-por-femicidios.jpeg\"><img loading=\"lazy\" decoding=\"async\" width=\"1000\" height=\"562\" src=\"https:\/\/www.elsindical.com.ar\/notas\/var\/www\/html\/notas\/wp-content\/uploads\/2021\/02\/marcha-a-Tribunales-de-LZ-por-femicidios.jpeg\" alt=\"\" class=\"wp-image-102478\" srcset=\"https:\/\/www.elsindical.com.ar\/notas\/var\/www\/html\/notas\/wp-content\/uploads\/2021\/02\/marcha-a-Tribunales-de-LZ-por-femicidios.jpeg 1000w, https:\/\/www.elsindical.com.ar\/notas\/var\/www\/html\/notas\/wp-content\/uploads\/2021\/02\/marcha-a-Tribunales-de-LZ-por-femicidios-300x169.jpeg 300w, https:\/\/www.elsindical.com.ar\/notas\/var\/www\/html\/notas\/wp-content\/uploads\/2021\/02\/marcha-a-Tribunales-de-LZ-por-femicidios-768x432.jpeg 768w, https:\/\/www.elsindical.com.ar\/notas\/var\/www\/html\/notas\/wp-content\/uploads\/2021\/02\/marcha-a-Tribunales-de-LZ-por-femicidios-500x281.jpeg 500w, https:\/\/www.elsindical.com.ar\/notas\/var\/www\/html\/notas\/wp-content\/uploads\/2021\/02\/marcha-a-Tribunales-de-LZ-por-femicidios-460x260.jpeg 460w\" sizes=\"auto, (max-width: 1000px) 100vw, 1000px\" \/><\/a><\/figure>\n\n\n\n<p>Distintas organizaciones sociales y pol\u00edticas marcharon este jueves frente a Tribunales de Lomas de Zamora para reclamar justicia por \u00darsula Bahillo y exigir \u201creforma judicial y policial\u201d para evitar m\u00e1s casos como lo sucedido en Rojas, provincia de Buenos Aires. Convocados por la agrupaci\u00f3n Ni Una Menos, el reclamo se hizo escuchar en los Tribunales de todo el pa\u00eds.<\/p>\n\n\n\n<p>La referente de UTEP (Uni\u00f3n de Trabajadores de la Econom\u00eda Popular)-Movimiento Evita de Lomas de Zamora, Mar\u00eda Caraballo, cont\u00f3 que se espera que con la convocatoria \u201cel estado haya escuchado el pedido de justicia\u201d.<\/p>\n\n\n\n<p>\u201cHoy nos juntamos con otras organizaciones para pedir justicia por \u00darsula. No queremos seguir perdiendo compa\u00f1eras en manos de personas que dicen amarlas. Queremos que la justicia cambie y escuche nuestro pedido de Ni una menos\u201d, expres\u00f3.<\/p>\n\n\n\n<p>La concentraci\u00f3n frente al Departamento Judicial de Lomas de Zamora comenz\u00f3 a las 17, y seg\u00fan el relato de Caraballo, las organizaciones presentes realizaron una asamblea para organizar herramientas que sirvan para evitar otros femicidios.<\/p>\n\n\n\n<p>\u201cEn conjunto con otras organizaciones quedamos en empezar a armar redes entre nosotras para ayudar cuando alguna compa\u00f1era no tenga respuesta ante una denuncia por violencia de g\u00e9nero\u201d, se\u00f1al\u00f3 la referente de UTEP.<\/p>\n\n\n\n<p>Adem\u00e1s, adelant\u00f3 que el objetivo de las organizaciones sociales es seguir realizando otras movilizaciones. \u201cSi no cambia la reforma judicial se seguir\u00e1 marchando hasta que se logre que el sistema judicial y policial cambien\u201d, complet\u00f3.<\/p>\n\n\n\n<p>\u00darsula Bahillo fue asesinada a pu\u00f1aladas el 8 de febrero pasado por su ex pareja, el polic\u00eda de la Bonaerense Mat\u00edas Ezequiel Mart\u00ednez, en un descampado cercano a la ciudad de Rojas.<\/p>\n","protected":false},"excerpt":{"rendered":"<p>Distintas organizaciones sociales y pol\u00edticas marcharon este jueves frente a Tribunales de Lomas de Zamora para reclamar justicia por \u00darsula Bahillo y exigir \u201creforma judicial y policial\u201d para evitar m\u00e1s casos como lo sucedido en Rojas, provincia de Buenos Aires. Convocados por la agrupaci\u00f3n Ni Una Menos, el reclamo se hizo escuchar en los Tribunales&hellip;<\/p>\n","protected":false},"author":1,"featured_media":102478,"comment_status":"open","ping_status":"open","sticky":false,"template":"","format":"standard","meta":{"footnotes":""},"categories":[25],"tags":[2450,25338,744,156,32082],"class_list":["post-102477","post","type-post","status-publish","format-standard","has-post-thumbnail","hentry","category-sociedad","tag-diario-el-sindical","tag-femicidios","tag-lomas-de-zamora","tag-marcha","tag-utep"],"_links":{"self":[{"href":"https:\/\/www.elsindical.com.ar\/notas\/wp-json\/wp\/v2\/posts\/102477","targetHints":{"allow":["GET"]}}],"collection":[{"href":"https:\/\/www.elsindical.com.ar\/notas\/wp-json\/wp\/v2\/posts"}],"about":[{"href":"https:\/\/www.elsindical.com.ar\/notas\/wp-json\/wp\/v2\/types\/post"}],"author":[{"embeddable":true,"href":"https:\/\/www.elsindical.com.ar\/notas\/wp-json\/wp\/v2\/users\/1"}],"replies":[{"embeddable":true,"href":"https:\/\/www.elsindical.com.ar\/notas\/wp-json\/wp\/v2\/comments?post=102477"}],"version-history":[{"count":1,"href":"https:\/\/www.elsindical.com.ar\/notas\/wp-json\/wp\/v2\/posts\/102477\/revisions"}],"predecessor-version":[{"id":102479,"href":"https:\/\/www.elsindical.com.ar\/notas\/wp-json\/wp\/v2\/posts\/102477\/revisions\/102479"}],"wp:featuredmedia":[{"embeddable":true,"href":"https:\/\/www.elsindical.com.ar\/notas\/wp-json\/wp\/v2\/media\/102478"}],"wp:attachment":[{"href":"https:\/\/www.elsindical.com.ar\/notas\/wp-json\/wp\/v2\/media?parent=102477"}],"wp:term":[{"taxonomy":"category","embeddable":true,"href":"https:\/\/www.elsindical.com.ar\/notas\/wp-json\/wp\/v2\/categories?post=102477"},{"taxonomy":"post_tag","embeddable":true,"href":"https:\/\/www.elsindical.com.ar\/notas\/wp-json\/wp\/v2\/tags?post=102477"}],"curies":[{"name":"wp","href":"https:\/\/api.w.org\/{rel}","templated":true}]}}