{"id":102426,"date":"2021-02-16T15:39:49","date_gmt":"2021-02-16T18:39:49","guid":{"rendered":"https:\/\/www.elsindical.com.ar\/notas\/?p=102426"},"modified":"2021-02-16T15:39:49","modified_gmt":"2021-02-16T18:39:49","slug":"kravetz-y-bullrich-demagogia-al-palo","status":"publish","type":"post","link":"https:\/\/www.elsindical.com.ar\/notas\/kravetz-y-bullrich-demagogia-al-palo\/","title":{"rendered":"Kravetz y Bullrich, demagogia al palo"},"content":{"rendered":"\n<figure class=\"wp-block-image size-large\"><a href=\"https:\/\/www.elsindical.com.ar\/notas\/var\/www\/html\/notas\/wp-content\/uploads\/2021\/02\/Kravetz-y-Bullrich.jpg\"><img loading=\"lazy\" decoding=\"async\" width=\"621\" height=\"622\" src=\"https:\/\/www.elsindical.com.ar\/notas\/var\/www\/html\/notas\/wp-content\/uploads\/2021\/02\/Kravetz-y-Bullrich.jpg\" alt=\"\" class=\"wp-image-102427\" srcset=\"https:\/\/www.elsindical.com.ar\/notas\/var\/www\/html\/notas\/wp-content\/uploads\/2021\/02\/Kravetz-y-Bullrich.jpg 621w, https:\/\/www.elsindical.com.ar\/notas\/var\/www\/html\/notas\/wp-content\/uploads\/2021\/02\/Kravetz-y-Bullrich-300x300.jpg 300w, https:\/\/www.elsindical.com.ar\/notas\/var\/www\/html\/notas\/wp-content\/uploads\/2021\/02\/Kravetz-y-Bullrich-150x150.jpg 150w, https:\/\/www.elsindical.com.ar\/notas\/var\/www\/html\/notas\/wp-content\/uploads\/2021\/02\/Kravetz-y-Bullrich-50x50.jpg 50w\" sizes=\"auto, (max-width: 621px) 100vw, 621px\" \/><\/a><\/figure>\n\n\n\n<p>     Ya lanzado a la campa\u00f1a pol\u00edtica con proyecci\u00f3n propia, Diego Kravetz no para de hacer de todo un discurso de campa\u00f1a para vender una gesti\u00f3n en seguridad que por los resultados en la pr\u00e1ctica apenas consigue un 5 en la escala de 1 a 10.<\/p>\n\n\n\n<p>Ni con los videos editados como hacen hoy en d\u00eda los pol\u00edticos le alcanza al municipio de Lan\u00fas para venderse como un lugar seguro para los ciudadanos, las redes hablan y Lan\u00fas tiene serios problemas de inseguridad, los m\u00e9todos para combatir el delito son obsoletos y por ende no son efectivos, tienen la misma realidad que otros municipios castigados por el delito y a pesar de ser con otra ideolog\u00eda pol\u00edtica repiten los mismos errores en materia de seguridad.<\/p>\n\n\n\n<p>Esa terquedad de creer que las cosas las hacen bien, los lleva a no ver el problema con ojos inteligentes y en medio de gastos millonarios y promesas incumplidas, la realidad los pasa por arriba mientras los reclamos de los vecinos aumentan.<\/p>\n\n\n\n<p>Una vez m\u00e1s a Kravetz lo tienta la demagogia de los que con tal de generar una nota no temen quedar en el rid\u00edculo, cuando poste\u00f3: <\/p>\n\n\n\n<p><strong><em>Esta ma\u00f1ana compartimos con Patricia Bullrich sus experiencias en la gesti\u00f3n de la seguridad nacional y el combate contra el delito. Adem\u00e1s, conversamos sobre las pol\u00edticas p\u00fablicas que impulsamos en Lan\u00fas para hacerle frente a los que eligen vivir fuera de la ley. Desde nuestro lugar trabajamos para tratar de que nuestros vecinos vivan m\u00e1s seguros. Despu\u00e9s de haber le\u00eddo su libro, Guerra sin cuartel, le regal\u00e9 el m\u00edo, Corr\u00e9, cag\u00f3n. Los dos son un registro de los desaf\u00edos que tuvimos.<\/em><\/strong><\/p>\n\n\n\n<p>Ni Patricia Bullrich dio una guerra sin cuartel al crimen organizado, ni los delincuentes corrieron por Kravetz en Lan\u00fas, donde por estos d\u00edas asaltaron y despojaron de sus bienes al propio Fiscal General Guillermo Castro del Departamento Judicial Avellaneda-Lan\u00fas.<\/p>\n\n\n\n<p>Coherencia Diego Kravetz, m\u00e1s trabajo y menos notas por lo menos hasta que algo de verdad mejore.<\/p>\n\n\n\n<p>Por Marcelo Ricardo Hawrylciw<\/p>\n","protected":false},"excerpt":{"rendered":"<p>Ya lanzado a la campa\u00f1a pol\u00edtica con proyecci\u00f3n propia, Diego Kravetz no para de hacer de todo un discurso de campa\u00f1a para vender una gesti\u00f3n en seguridad que por los resultados en la pr\u00e1ctica apenas consigue un 5 en la escala de 1 a 10. Ni con los videos editados como hacen hoy en d\u00eda&hellip;<\/p>\n","protected":false},"author":1,"featured_media":102427,"comment_status":"open","ping_status":"open","sticky":false,"template":"","format":"standard","meta":{"footnotes":""},"categories":[10,13],"tags":[34217,34216,34218,2450,23470,34215,984,209,1241],"class_list":["post-102426","post","type-post","status-publish","format-standard","has-post-thumbnail","hentry","category-editorial","category-politica","tag-cagon","tag-corre","tag-demagogia","tag-diario-el-sindical","tag-diego-kravetz","tag-guerra-sin-cuartel","tag-inseguridad","tag-lanus","tag-patricia-bullrich"],"_links":{"self":[{"href":"https:\/\/www.elsindical.com.ar\/notas\/wp-json\/wp\/v2\/posts\/102426","targetHints":{"allow":["GET"]}}],"collection":[{"href":"https:\/\/www.elsindical.com.ar\/notas\/wp-json\/wp\/v2\/posts"}],"about":[{"href":"https:\/\/www.elsindical.com.ar\/notas\/wp-json\/wp\/v2\/types\/post"}],"author":[{"embeddable":true,"href":"https:\/\/www.elsindical.com.ar\/notas\/wp-json\/wp\/v2\/users\/1"}],"replies":[{"embeddable":true,"href":"https:\/\/www.elsindical.com.ar\/notas\/wp-json\/wp\/v2\/comments?post=102426"}],"version-history":[{"count":1,"href":"https:\/\/www.elsindical.com.ar\/notas\/wp-json\/wp\/v2\/posts\/102426\/revisions"}],"predecessor-version":[{"id":102428,"href":"https:\/\/www.elsindical.com.ar\/notas\/wp-json\/wp\/v2\/posts\/102426\/revisions\/102428"}],"wp:featuredmedia":[{"embeddable":true,"href":"https:\/\/www.elsindical.com.ar\/notas\/wp-json\/wp\/v2\/media\/102427"}],"wp:attachment":[{"href":"https:\/\/www.elsindical.com.ar\/notas\/wp-json\/wp\/v2\/media?parent=102426"}],"wp:term":[{"taxonomy":"category","embeddable":true,"href":"https:\/\/www.elsindical.com.ar\/notas\/wp-json\/wp\/v2\/categories?post=102426"},{"taxonomy":"post_tag","embeddable":true,"href":"https:\/\/www.elsindical.com.ar\/notas\/wp-json\/wp\/v2\/tags?post=102426"}],"curies":[{"name":"wp","href":"https:\/\/api.w.org\/{rel}","templated":true}]}}