{"id":102394,"date":"2021-02-15T11:29:51","date_gmt":"2021-02-15T14:29:51","guid":{"rendered":"https:\/\/www.elsindical.com.ar\/notas\/?p=102394"},"modified":"2021-02-15T11:29:52","modified_gmt":"2021-02-15T14:29:52","slug":"il-bersagliere-ristorante-genera-polemica-con-los-vecinos-de-pineiro","status":"publish","type":"post","link":"https:\/\/www.elsindical.com.ar\/notas\/il-bersagliere-ristorante-genera-polemica-con-los-vecinos-de-pineiro\/","title":{"rendered":"Il Bersagliere Ristorante genera pol\u00e9mica con los vecinos de Pi\u00f1eiro"},"content":{"rendered":"\n<figure class=\"wp-block-image size-large\"><a href=\"https:\/\/www.elsindical.com.ar\/notas\/var\/www\/html\/notas\/wp-content\/uploads\/2021\/02\/Il-Bersagliere-Ristorante.jpg\"><img loading=\"lazy\" decoding=\"async\" width=\"550\" height=\"344\" src=\"https:\/\/www.elsindical.com.ar\/notas\/var\/www\/html\/notas\/wp-content\/uploads\/2021\/02\/Il-Bersagliere-Ristorante.jpg\" alt=\"\" class=\"wp-image-102395\" srcset=\"https:\/\/www.elsindical.com.ar\/notas\/var\/www\/html\/notas\/wp-content\/uploads\/2021\/02\/Il-Bersagliere-Ristorante.jpg 550w, https:\/\/www.elsindical.com.ar\/notas\/var\/www\/html\/notas\/wp-content\/uploads\/2021\/02\/Il-Bersagliere-Ristorante-300x188.jpg 300w, https:\/\/www.elsindical.com.ar\/notas\/var\/www\/html\/notas\/wp-content\/uploads\/2021\/02\/Il-Bersagliere-Ristorante-480x300.jpg 480w\" sizes=\"auto, (max-width: 550px) 100vw, 550px\" \/><\/a><\/figure>\n\n\n\n<p>    Vecinos de la localidad de Pi\u00f1eiro en el partido de Avellaneda, est\u00e1n furiosos con el municipio por los privilegios que tiene el restaurante Il Bersagliere Ristorante, ya que los clientes del lugar suelen estacionar en cualquier lado, incluso sobre las veredas linderas.<\/p>\n\n\n\n<p>Mientras que a muchos vecinos se los multa por estacionar los autos en sus propias veredas o salidas de garages, todos los d\u00edas que abre el restaurante son muchos los problemas que genera en el tr\u00e1nsito y en el paso de los peatones.<\/p>\n\n\n\n<p>El restaurante se ubica en Av. Hip\u00f3lito Yrigoyen 2017, en la intersecci\u00f3n de las calles Beguerestain y Chile, Emilio, un vecino del restaurante, denunci\u00f3 en las redes sociales que le pidi\u00f3 a un m\u00f3vil de los Cuidadores Ciudadanos que hagan algo por ordenar el estacionamiento de los veh\u00edculos o los multen y no hicieron nada.<\/p>\n\n\n\n<p>Tanto el control de los comercios, como la direcci\u00f3n de los Cuidadores Ciudadanos es responsabilidad de la subsecretaria de seguridad a cargo de Marcelo Rey.<\/p>\n\n\n\n<figure class=\"wp-block-gallery columns-1 is-cropped wp-block-gallery-1 is-layout-flex wp-block-gallery-is-layout-flex\"><ul class=\"blocks-gallery-grid\"><li class=\"blocks-gallery-item\"><figure><a href=\"https:\/\/www.elsindical.com.ar\/notas\/var\/www\/html\/notas\/wp-content\/uploads\/2021\/02\/denuncia-resto-2.jpg\"><img loading=\"lazy\" decoding=\"async\" width=\"1024\" height=\"768\" src=\"https:\/\/www.elsindical.com.ar\/notas\/var\/www\/html\/notas\/wp-content\/uploads\/2021\/02\/denuncia-resto-2-1024x768.jpg\" alt=\"\" data-id=\"102396\" data-full-url=\"https:\/\/www.elsindical.com.ar\/notas\/var\/www\/html\/notas\/wp-content\/uploads\/2021\/02\/denuncia-resto-2.jpg\" data-link=\"https:\/\/www.elsindical.com.ar\/notas\/?attachment_id=102396#main\" class=\"wp-image-102396\" srcset=\"https:\/\/www.elsindical.com.ar\/notas\/var\/www\/html\/notas\/wp-content\/uploads\/2021\/02\/denuncia-resto-2-1024x768.jpg 1024w, https:\/\/www.elsindical.com.ar\/notas\/var\/www\/html\/notas\/wp-content\/uploads\/2021\/02\/denuncia-resto-2-300x225.jpg 300w, https:\/\/www.elsindical.com.ar\/notas\/var\/www\/html\/notas\/wp-content\/uploads\/2021\/02\/denuncia-resto-2-768x576.jpg 768w, https:\/\/www.elsindical.com.ar\/notas\/var\/www\/html\/notas\/wp-content\/uploads\/2021\/02\/denuncia-resto-2-400x300.jpg 400w, https:\/\/www.elsindical.com.ar\/notas\/var\/www\/html\/notas\/wp-content\/uploads\/2021\/02\/denuncia-resto-2.jpg 1440w\" sizes=\"auto, (max-width: 1024px) 100vw, 1024px\" \/><\/a><\/figure><\/li><li class=\"blocks-gallery-item\"><figure><a href=\"https:\/\/www.elsindical.com.ar\/notas\/var\/www\/html\/notas\/wp-content\/uploads\/2021\/02\/denuncia-resto-1.jpg\"><img loading=\"lazy\" decoding=\"async\" width=\"1024\" height=\"768\" src=\"https:\/\/www.elsindical.com.ar\/notas\/var\/www\/html\/notas\/wp-content\/uploads\/2021\/02\/denuncia-resto-1-1024x768.jpg\" alt=\"\" data-id=\"102397\" data-full-url=\"https:\/\/www.elsindical.com.ar\/notas\/var\/www\/html\/notas\/wp-content\/uploads\/2021\/02\/denuncia-resto-1.jpg\" data-link=\"https:\/\/www.elsindical.com.ar\/notas\/?attachment_id=102397#main\" class=\"wp-image-102397\" srcset=\"https:\/\/www.elsindical.com.ar\/notas\/var\/www\/html\/notas\/wp-content\/uploads\/2021\/02\/denuncia-resto-1-1024x768.jpg 1024w, https:\/\/www.elsindical.com.ar\/notas\/var\/www\/html\/notas\/wp-content\/uploads\/2021\/02\/denuncia-resto-1-300x225.jpg 300w, https:\/\/www.elsindical.com.ar\/notas\/var\/www\/html\/notas\/wp-content\/uploads\/2021\/02\/denuncia-resto-1-768x576.jpg 768w, https:\/\/www.elsindical.com.ar\/notas\/var\/www\/html\/notas\/wp-content\/uploads\/2021\/02\/denuncia-resto-1-400x300.jpg 400w, https:\/\/www.elsindical.com.ar\/notas\/var\/www\/html\/notas\/wp-content\/uploads\/2021\/02\/denuncia-resto-1.jpg 1440w\" sizes=\"auto, (max-width: 1024px) 100vw, 1024px\" \/><\/a><\/figure><\/li><li class=\"blocks-gallery-item\"><figure><a href=\"https:\/\/www.elsindical.com.ar\/notas\/var\/www\/html\/notas\/wp-content\/uploads\/2021\/02\/denuncia-resto-4.jpg\"><img loading=\"lazy\" decoding=\"async\" width=\"720\" height=\"960\" src=\"https:\/\/www.elsindical.com.ar\/notas\/var\/www\/html\/notas\/wp-content\/uploads\/2021\/02\/denuncia-resto-4.jpg\" alt=\"\" data-id=\"102398\" data-full-url=\"https:\/\/www.elsindical.com.ar\/notas\/var\/www\/html\/notas\/wp-content\/uploads\/2021\/02\/denuncia-resto-4.jpg\" data-link=\"https:\/\/www.elsindical.com.ar\/notas\/?attachment_id=102398#main\" class=\"wp-image-102398\" srcset=\"https:\/\/www.elsindical.com.ar\/notas\/var\/www\/html\/notas\/wp-content\/uploads\/2021\/02\/denuncia-resto-4.jpg 720w, https:\/\/www.elsindical.com.ar\/notas\/var\/www\/html\/notas\/wp-content\/uploads\/2021\/02\/denuncia-resto-4-225x300.jpg 225w\" sizes=\"auto, (max-width: 720px) 100vw, 720px\" \/><\/a><\/figure><\/li><li class=\"blocks-gallery-item\"><figure><a href=\"https:\/\/www.elsindical.com.ar\/notas\/var\/www\/html\/notas\/wp-content\/uploads\/2021\/02\/denuncia-resto-3.jpg\"><img loading=\"lazy\" decoding=\"async\" width=\"960\" height=\"720\" src=\"https:\/\/www.elsindical.com.ar\/notas\/var\/www\/html\/notas\/wp-content\/uploads\/2021\/02\/denuncia-resto-3.jpg\" alt=\"\" data-id=\"102399\" data-full-url=\"https:\/\/www.elsindical.com.ar\/notas\/var\/www\/html\/notas\/wp-content\/uploads\/2021\/02\/denuncia-resto-3.jpg\" data-link=\"https:\/\/www.elsindical.com.ar\/notas\/?attachment_id=102399#main\" class=\"wp-image-102399\" srcset=\"https:\/\/www.elsindical.com.ar\/notas\/var\/www\/html\/notas\/wp-content\/uploads\/2021\/02\/denuncia-resto-3.jpg 960w, https:\/\/www.elsindical.com.ar\/notas\/var\/www\/html\/notas\/wp-content\/uploads\/2021\/02\/denuncia-resto-3-300x225.jpg 300w, https:\/\/www.elsindical.com.ar\/notas\/var\/www\/html\/notas\/wp-content\/uploads\/2021\/02\/denuncia-resto-3-768x576.jpg 768w, https:\/\/www.elsindical.com.ar\/notas\/var\/www\/html\/notas\/wp-content\/uploads\/2021\/02\/denuncia-resto-3-400x300.jpg 400w\" sizes=\"auto, (max-width: 960px) 100vw, 960px\" \/><\/a><\/figure><\/li><\/ul><\/figure>\n","protected":false},"excerpt":{"rendered":"<p>Vecinos de la localidad de Pi\u00f1eiro en el partido de Avellaneda, est\u00e1n furiosos con el municipio por los privilegios que tiene el restaurante Il Bersagliere Ristorante, ya que los clientes del lugar suelen estacionar en cualquier lado, incluso sobre las veredas linderas. Mientras que a muchos vecinos se los multa por estacionar los autos en&hellip;<\/p>\n","protected":false},"author":1,"featured_media":102395,"comment_status":"open","ping_status":"open","sticky":false,"template":"","format":"standard","meta":{"footnotes":""},"categories":[6],"tags":[461,4357,29797,22020,2450,2879,34210,21958,17982],"class_list":["post-102394","post","type-post","status-publish","format-standard","has-post-thumbnail","hentry","category-denuncias","tag-avellaneda","tag-comercios","tag-cuidadores-ciudadanos","tag-denuncias","tag-diario-el-sindical","tag-estacionamiento","tag-il-bersagliere-ristorante","tag-marcelo-rey","tag-pineiro"],"_links":{"self":[{"href":"https:\/\/www.elsindical.com.ar\/notas\/wp-json\/wp\/v2\/posts\/102394","targetHints":{"allow":["GET"]}}],"collection":[{"href":"https:\/\/www.elsindical.com.ar\/notas\/wp-json\/wp\/v2\/posts"}],"about":[{"href":"https:\/\/www.elsindical.com.ar\/notas\/wp-json\/wp\/v2\/types\/post"}],"author":[{"embeddable":true,"href":"https:\/\/www.elsindical.com.ar\/notas\/wp-json\/wp\/v2\/users\/1"}],"replies":[{"embeddable":true,"href":"https:\/\/www.elsindical.com.ar\/notas\/wp-json\/wp\/v2\/comments?post=102394"}],"version-history":[{"count":1,"href":"https:\/\/www.elsindical.com.ar\/notas\/wp-json\/wp\/v2\/posts\/102394\/revisions"}],"predecessor-version":[{"id":102400,"href":"https:\/\/www.elsindical.com.ar\/notas\/wp-json\/wp\/v2\/posts\/102394\/revisions\/102400"}],"wp:featuredmedia":[{"embeddable":true,"href":"https:\/\/www.elsindical.com.ar\/notas\/wp-json\/wp\/v2\/media\/102395"}],"wp:attachment":[{"href":"https:\/\/www.elsindical.com.ar\/notas\/wp-json\/wp\/v2\/media?parent=102394"}],"wp:term":[{"taxonomy":"category","embeddable":true,"href":"https:\/\/www.elsindical.com.ar\/notas\/wp-json\/wp\/v2\/categories?post=102394"},{"taxonomy":"post_tag","embeddable":true,"href":"https:\/\/www.elsindical.com.ar\/notas\/wp-json\/wp\/v2\/tags?post=102394"}],"curies":[{"name":"wp","href":"https:\/\/api.w.org\/{rel}","templated":true}]}}