{"id":102356,"date":"2021-02-14T13:15:52","date_gmt":"2021-02-14T16:15:52","guid":{"rendered":"https:\/\/www.elsindical.com.ar\/notas\/?p=102356"},"modified":"2021-02-14T13:18:01","modified_gmt":"2021-02-14T16:18:01","slug":"avellaneda-bicicleta-robada-en-wilde","status":"publish","type":"post","link":"https:\/\/www.elsindical.com.ar\/notas\/avellaneda-bicicleta-robada-en-wilde\/","title":{"rendered":"Avellaneda: Bicicleta robada en Wilde"},"content":{"rendered":"\n<figure class=\"wp-block-image size-large\"><a href=\"https:\/\/www.elsindical.com.ar\/notas\/var\/www\/html\/notas\/wp-content\/uploads\/2021\/02\/Bicicleta-robada-en-Wilde-4-e1613319394253.jpg\"><img loading=\"lazy\" decoding=\"async\" width=\"960\" height=\"540\" src=\"https:\/\/www.elsindical.com.ar\/notas\/var\/www\/html\/notas\/wp-content\/uploads\/2021\/02\/Bicicleta-robada-en-Wilde-4-e1613319394253.jpg\" alt=\"\" class=\"wp-image-102357\" srcset=\"https:\/\/www.elsindical.com.ar\/notas\/var\/www\/html\/notas\/wp-content\/uploads\/2021\/02\/Bicicleta-robada-en-Wilde-4-e1613319394253.jpg 960w, https:\/\/www.elsindical.com.ar\/notas\/var\/www\/html\/notas\/wp-content\/uploads\/2021\/02\/Bicicleta-robada-en-Wilde-4-e1613319394253-300x169.jpg 300w, https:\/\/www.elsindical.com.ar\/notas\/var\/www\/html\/notas\/wp-content\/uploads\/2021\/02\/Bicicleta-robada-en-Wilde-4-e1613319394253-500x281.jpg 500w, https:\/\/www.elsindical.com.ar\/notas\/var\/www\/html\/notas\/wp-content\/uploads\/2021\/02\/Bicicleta-robada-en-Wilde-4-e1613319394253-460x260.jpg 460w, https:\/\/www.elsindical.com.ar\/notas\/var\/www\/html\/notas\/wp-content\/uploads\/2021\/02\/Bicicleta-robada-en-Wilde-4-e1613319394253-768x432.jpg 768w\" sizes=\"auto, (max-width: 960px) 100vw, 960px\" \/><\/a><\/figure>\n\n\n\n<p>Si la recuperan x A o x B hay una recompensa de 10.000$$$Hola gente ,hace unos d\u00edas me robaron la bicicleta en don Bosco\/Wilde estaba entregando un pedido.<\/p>\n\n\n\n<p>Yo laburo con mi bicicleta, hoy en d\u00eda no tengo otra por favor si la ven por la calle me hacen llegar la info? Ser\u00eda de mucha ayuda ZONA: DON BOSCO, WILDE, BERNAL, QUILMES, VILLA DOM\u00cdNICO, SARAND\u00cd<\/p>\n\n\n\n<p>Se identifica f\u00e1cilmente por las cubiertas y la campana Si la recuperan x A o x B hay una recompensa de 10.000$$$<\/p>\n\n\n\n<figure class=\"wp-block-gallery columns-1 is-cropped wp-block-gallery-1 is-layout-flex wp-block-gallery-is-layout-flex\"><ul class=\"blocks-gallery-grid\"><li class=\"blocks-gallery-item\"><figure><a href=\"https:\/\/www.elsindical.com.ar\/notas\/var\/www\/html\/notas\/wp-content\/uploads\/2021\/02\/Bicicleta-robada-en-Wilde-1.jpg\"><img loading=\"lazy\" decoding=\"async\" width=\"473\" height=\"1024\" src=\"https:\/\/www.elsindical.com.ar\/notas\/var\/www\/html\/notas\/wp-content\/uploads\/2021\/02\/Bicicleta-robada-en-Wilde-1-473x1024.jpg\" alt=\"\" data-id=\"102358\" data-full-url=\"https:\/\/www.elsindical.com.ar\/notas\/var\/www\/html\/notas\/wp-content\/uploads\/2021\/02\/Bicicleta-robada-en-Wilde-1.jpg\" data-link=\"https:\/\/www.elsindical.com.ar\/notas\/?attachment_id=102358#main\" class=\"wp-image-102358\" srcset=\"https:\/\/www.elsindical.com.ar\/notas\/var\/www\/html\/notas\/wp-content\/uploads\/2021\/02\/Bicicleta-robada-en-Wilde-1-473x1024.jpg 473w, https:\/\/www.elsindical.com.ar\/notas\/var\/www\/html\/notas\/wp-content\/uploads\/2021\/02\/Bicicleta-robada-en-Wilde-1-139x300.jpg 139w, https:\/\/www.elsindical.com.ar\/notas\/var\/www\/html\/notas\/wp-content\/uploads\/2021\/02\/Bicicleta-robada-en-Wilde-1.jpg 591w\" sizes=\"auto, (max-width: 473px) 100vw, 473px\" \/><\/a><\/figure><\/li><li class=\"blocks-gallery-item\"><figure><a href=\"https:\/\/www.elsindical.com.ar\/notas\/var\/www\/html\/notas\/wp-content\/uploads\/2021\/02\/Bicicleta-robada-en-Wilde-2.jpg\"><img loading=\"lazy\" decoding=\"async\" width=\"473\" height=\"1024\" src=\"https:\/\/www.elsindical.com.ar\/notas\/var\/www\/html\/notas\/wp-content\/uploads\/2021\/02\/Bicicleta-robada-en-Wilde-2-473x1024.jpg\" alt=\"\" data-id=\"102359\" data-full-url=\"https:\/\/www.elsindical.com.ar\/notas\/var\/www\/html\/notas\/wp-content\/uploads\/2021\/02\/Bicicleta-robada-en-Wilde-2.jpg\" data-link=\"https:\/\/www.elsindical.com.ar\/notas\/?attachment_id=102359#main\" class=\"wp-image-102359\" srcset=\"https:\/\/www.elsindical.com.ar\/notas\/var\/www\/html\/notas\/wp-content\/uploads\/2021\/02\/Bicicleta-robada-en-Wilde-2-473x1024.jpg 473w, https:\/\/www.elsindical.com.ar\/notas\/var\/www\/html\/notas\/wp-content\/uploads\/2021\/02\/Bicicleta-robada-en-Wilde-2-139x300.jpg 139w, https:\/\/www.elsindical.com.ar\/notas\/var\/www\/html\/notas\/wp-content\/uploads\/2021\/02\/Bicicleta-robada-en-Wilde-2.jpg 591w\" sizes=\"auto, (max-width: 473px) 100vw, 473px\" \/><\/a><\/figure><\/li><li class=\"blocks-gallery-item\"><figure><a href=\"https:\/\/www.elsindical.com.ar\/notas\/var\/www\/html\/notas\/wp-content\/uploads\/2021\/02\/Bicicleta-robada-en-Wilde-3.jpg\"><img loading=\"lazy\" decoding=\"async\" width=\"473\" height=\"1024\" src=\"https:\/\/www.elsindical.com.ar\/notas\/var\/www\/html\/notas\/wp-content\/uploads\/2021\/02\/Bicicleta-robada-en-Wilde-3-473x1024.jpg\" alt=\"\" data-id=\"102360\" data-full-url=\"https:\/\/www.elsindical.com.ar\/notas\/var\/www\/html\/notas\/wp-content\/uploads\/2021\/02\/Bicicleta-robada-en-Wilde-3.jpg\" data-link=\"https:\/\/www.elsindical.com.ar\/notas\/?attachment_id=102360#main\" class=\"wp-image-102360\" srcset=\"https:\/\/www.elsindical.com.ar\/notas\/var\/www\/html\/notas\/wp-content\/uploads\/2021\/02\/Bicicleta-robada-en-Wilde-3-473x1024.jpg 473w, https:\/\/www.elsindical.com.ar\/notas\/var\/www\/html\/notas\/wp-content\/uploads\/2021\/02\/Bicicleta-robada-en-Wilde-3-139x300.jpg 139w, https:\/\/www.elsindical.com.ar\/notas\/var\/www\/html\/notas\/wp-content\/uploads\/2021\/02\/Bicicleta-robada-en-Wilde-3.jpg 591w\" sizes=\"auto, (max-width: 473px) 100vw, 473px\" \/><\/a><\/figure><\/li><li class=\"blocks-gallery-item\"><figure><a href=\"https:\/\/www.elsindical.com.ar\/notas\/var\/www\/html\/notas\/wp-content\/uploads\/2021\/02\/Bicicleta-robada-en-Wilde-5.jpg\"><img loading=\"lazy\" decoding=\"async\" width=\"512\" height=\"1024\" src=\"https:\/\/www.elsindical.com.ar\/notas\/var\/www\/html\/notas\/wp-content\/uploads\/2021\/02\/Bicicleta-robada-en-Wilde-5-512x1024.jpg\" alt=\"\" data-id=\"102361\" data-full-url=\"https:\/\/www.elsindical.com.ar\/notas\/var\/www\/html\/notas\/wp-content\/uploads\/2021\/02\/Bicicleta-robada-en-Wilde-5.jpg\" data-link=\"https:\/\/www.elsindical.com.ar\/notas\/?attachment_id=102361#main\" class=\"wp-image-102361\" srcset=\"https:\/\/www.elsindical.com.ar\/notas\/var\/www\/html\/notas\/wp-content\/uploads\/2021\/02\/Bicicleta-robada-en-Wilde-5-512x1024.jpg 512w, https:\/\/www.elsindical.com.ar\/notas\/var\/www\/html\/notas\/wp-content\/uploads\/2021\/02\/Bicicleta-robada-en-Wilde-5-150x300.jpg 150w, https:\/\/www.elsindical.com.ar\/notas\/var\/www\/html\/notas\/wp-content\/uploads\/2021\/02\/Bicicleta-robada-en-Wilde-5.jpg 640w\" sizes=\"auto, (max-width: 512px) 100vw, 512px\" \/><\/a><\/figure><\/li><\/ul><\/figure>\n","protected":false},"excerpt":{"rendered":"<p>Si la recuperan x A o x B hay una recompensa de 10.000$$$Hola gente ,hace unos d\u00edas me robaron la bicicleta en don Bosco\/Wilde estaba entregando un pedido. Yo laburo con mi bicicleta, hoy en d\u00eda no tengo otra por favor si la ven por la calle me hacen llegar la info? Ser\u00eda de mucha&hellip;<\/p>\n","protected":false},"author":1,"featured_media":102357,"comment_status":"open","ping_status":"open","sticky":false,"template":"","format":"standard","meta":{"footnotes":""},"categories":[6],"tags":[461,3989,22020,2450,1076,22030,116,882],"class_list":["post-102356","post","type-post","status-publish","format-standard","has-post-thumbnail","hentry","category-denuncias","tag-avellaneda","tag-bicicleta","tag-denuncias","tag-diario-el-sindical","tag-don-bosco","tag-policiales","tag-robo","tag-wilde"],"_links":{"self":[{"href":"https:\/\/www.elsindical.com.ar\/notas\/wp-json\/wp\/v2\/posts\/102356","targetHints":{"allow":["GET"]}}],"collection":[{"href":"https:\/\/www.elsindical.com.ar\/notas\/wp-json\/wp\/v2\/posts"}],"about":[{"href":"https:\/\/www.elsindical.com.ar\/notas\/wp-json\/wp\/v2\/types\/post"}],"author":[{"embeddable":true,"href":"https:\/\/www.elsindical.com.ar\/notas\/wp-json\/wp\/v2\/users\/1"}],"replies":[{"embeddable":true,"href":"https:\/\/www.elsindical.com.ar\/notas\/wp-json\/wp\/v2\/comments?post=102356"}],"version-history":[{"count":2,"href":"https:\/\/www.elsindical.com.ar\/notas\/wp-json\/wp\/v2\/posts\/102356\/revisions"}],"predecessor-version":[{"id":102364,"href":"https:\/\/www.elsindical.com.ar\/notas\/wp-json\/wp\/v2\/posts\/102356\/revisions\/102364"}],"wp:featuredmedia":[{"embeddable":true,"href":"https:\/\/www.elsindical.com.ar\/notas\/wp-json\/wp\/v2\/media\/102357"}],"wp:attachment":[{"href":"https:\/\/www.elsindical.com.ar\/notas\/wp-json\/wp\/v2\/media?parent=102356"}],"wp:term":[{"taxonomy":"category","embeddable":true,"href":"https:\/\/www.elsindical.com.ar\/notas\/wp-json\/wp\/v2\/categories?post=102356"},{"taxonomy":"post_tag","embeddable":true,"href":"https:\/\/www.elsindical.com.ar\/notas\/wp-json\/wp\/v2\/tags?post=102356"}],"curies":[{"name":"wp","href":"https:\/\/api.w.org\/{rel}","templated":true}]}}