{"id":102327,"date":"2021-02-13T12:02:03","date_gmt":"2021-02-13T15:02:03","guid":{"rendered":"https:\/\/www.elsindical.com.ar\/notas\/?p=102327"},"modified":"2021-02-13T12:03:23","modified_gmt":"2021-02-13T15:03:23","slug":"avellaneda-la-seguridad-y-el-cobro-del-tsg-sigue-siendo-una-estafa","status":"publish","type":"post","link":"https:\/\/www.elsindical.com.ar\/notas\/avellaneda-la-seguridad-y-el-cobro-del-tsg-sigue-siendo-una-estafa\/","title":{"rendered":"Avellaneda: La seguridad y el cobro del TSG sigue siendo una estafa"},"content":{"rendered":"\n<figure class=\"wp-block-image size-large\"><a href=\"https:\/\/www.elsindical.com.ar\/notas\/var\/www\/html\/notas\/wp-content\/uploads\/2017\/06\/TSG-Avellaneda.jpg\"><img loading=\"lazy\" decoding=\"async\" width=\"531\" height=\"395\" src=\"https:\/\/www.elsindical.com.ar\/notas\/var\/www\/html\/notas\/wp-content\/uploads\/2017\/06\/TSG-Avellaneda.jpg\" alt=\"\" class=\"wp-image-68673\" srcset=\"https:\/\/www.elsindical.com.ar\/notas\/var\/www\/html\/notas\/wp-content\/uploads\/2017\/06\/TSG-Avellaneda.jpg 531w, https:\/\/www.elsindical.com.ar\/notas\/var\/www\/html\/notas\/wp-content\/uploads\/2017\/06\/TSG-Avellaneda-300x223.jpg 300w, https:\/\/www.elsindical.com.ar\/notas\/var\/www\/html\/notas\/wp-content\/uploads\/2017\/06\/TSG-Avellaneda-403x300.jpg 403w\" sizes=\"auto, (max-width: 531px) 100vw, 531px\" \/><\/a><\/figure>\n\n\n\n<p class=\"wp-block-paragraph\">    Cuando los vecinos solo se quejan en el barrio o en las redes sociales, no se pueden esperar cambios en la conducta de los pol\u00edticos, porque los pol\u00edticos m\u00e1s all\u00e1 de las peleas medi\u00e1ticas para la popular, en realidad viven otra realidad distinta en la que todos conviven \u00abun ratito cada uno\u00bb.<\/p>\n\n\n\n<p class=\"wp-block-paragraph\">Por el a\u00f1o 2017, escrib\u00eda un art\u00edculo que est\u00e1 entre los primeros de los buscadores lo que podr\u00eda ser un logro de posicionamiento, pero es un fracaso en cuanto nada ha cambiado, <strong><a href=\"http:\/\/www.elsindical.com.ar\/notas\/avellaneda-el-cobro-de-emergentologia-y-proteccion-ciudadana-es-una-estafa\/\">\u00abAvellaneda: El cobro de emergentolog\u00eda y protecci\u00f3n ciudadana es una estafa\u00bb<\/a><\/strong>, es decir, la inseguridad crece, el impuesto crece, las v\u00edctimas crecen, nos dicen que compraron nuevas c\u00e1maras, pero al momento de un delito las c\u00e1maras terminan siendo in\u00fatiles para la investigaci\u00f3n judicial.<\/p>\n\n\n\n<p class=\"wp-block-paragraph\">Antes el problema de las c\u00e1maras de seguridad que generaban quejas era que no funcionaban, ahora el problema es que la calidad de las c\u00e1maras es muy mal para identificar a alguien o bien se encuentran apuntando a una pared. De esto surgen dos situaciones indiscutibles, no se invierte bien, se paga por c\u00e1maras de baja calidad como si fueran de cine y la otra situaci\u00f3n es que en el Centro de Monitoreo sigue la joda y nadie controla nada.<\/p>\n\n\n\n<p class=\"wp-block-paragraph\">El tema de la polic\u00eda sigue siendo para muchos vecinos un misterio, a pesar de los a\u00f1os muchos siguen confundidos en cuanto a quien obedece la polic\u00eda, porque para algunas cosas el municipio interviene, pero para otras es la provincia la responsable sabiendo que pocos llegar\u00e1n a plantear un reclamo en La Plata.<\/p>\n\n\n\n<p class=\"wp-block-paragraph\">Voy a insistir en que el camino es que los vecinos dejen de quejarse como ni\u00f1os y comiencen a actuar como personas adultas y responsables, esto es notificar de los hechos de inseguridad a los funcionarios municipales, policiales y judiciales, para que en el caso de que las cosas sigan igual se los pueda denunciar judicialmente, el municipio gasta millones en seguridad, a\u00fan con el curioso ahorro que tuvo Avellaneda en el 2020 donde se redujo el gasto justo en momentos donde crece la inseguridad. Mienten cuando la \u00fanica respuesta a la inseguridad es la promesa de m\u00e1s m\u00f3viles y el pedido de m\u00e1s polic\u00edas, las soluciones deben ser medidas con lo que hay, medidas inteligentes de prevenci\u00f3n de delitos, a la fecha esas medidas no existen porque los responsables M\u00f3nica Ghirelli y Marcelo Rey NO SABEN de seguridad, es rid\u00edculo creer que hoy el delincuente va a robar menos si ve m\u00e1s patrulleros, mientras no se rompan las cadenas de complicidades que hacen del delito un buen negocio, nada va a cambiar.<\/p>\n\n\n\n<p class=\"wp-block-paragraph\">Por el lado de la pol\u00edtica local, que incluye a sindicatos como la UOCRA, la FESIMUBO y el STMA, deber\u00edan dejar de tener v\u00ednculos con barras bravas, hace tiempo que le recomiendo a los vecinos que fueron v\u00edctimas de robos que comiencen mirando publicaciones de actos pol\u00edticos y sindicales para ver si reconocen a alguien, digo esto es p\u00fablico lo que demuestra que a los pol\u00edticos y sindicalistas locales les falta verg\u00fcenza.<\/p>\n\n\n\n<p class=\"wp-block-paragraph\">Respecto al trabajo policial hay muchos mecanismos por los cuales se puede mejorar el trabajo policial, el primero siempre que se es v\u00edctima de un delito denunciar, las denuncias ayudan a configurar el mapa del delito y las estad\u00edsticas de las fiscal\u00edas, son tambi\u00e9n un elemento importante para mostrar que comisar\u00eda trabaja y cu\u00e1l no. Si se tiene conocimiento de lugares donde se cometen delitos hay que denunciar, mirar para otro lado no es evitar problemas porque esos lugares generar zonas con elevados \u00edndices de inseguridad, lo habitual es creer que si en una casa, esquina, plaza o comercio los pibes se drogan pero mejor no decir nada, ese entorno atrae a delincuentes que vendr\u00e1n a comprar drogas o a robar a los que las venden, los adictos suelen dar vueltas por los lugares de venta y robar para ir r\u00e1pido a cambiar lo robado por droga, esto ya deber\u00eda ser conocido por todos.<\/p>\n\n\n\n<p class=\"wp-block-paragraph\">Si se sabe que hay zonas que no pasa un solo polic\u00eda se debe reclamar al titular de la comisar\u00eda y si nada cambia existe la posibilidad de denunciar en Asuntos Internos, incluso de manera online, <strong><a href=\"mailto:denunciasai@mseg.gba.gov.ar\">denunciasai@mseg.gba.gov.ar<\/a><\/strong> .<\/p>\n\n\n\n<p class=\"wp-block-paragraph\">La frutilla de la torta de la inseguridad es sin lugar a dudas el trabajo de los fiscales, son ellos los responsables de llevar adelante el proceso judicial de imputaci\u00f3n, depende de sus directivas que las causas penales lleguen a la condena de un delincuente, como son ellos antes que nadie quienes deben tambi\u00e9n avalar lo actuado por la polic\u00eda, los que dan una primera calificaci\u00f3n penal a la causa y de eso depende la excarcelaci\u00f3n del delincuente.<\/p>\n\n\n\n<p class=\"wp-block-paragraph\">Estoy hasta la coronilla de denunciar un abuso sistem\u00e1tico de parte de los fiscales y sus colaboradores del Art. 161 del C\u00f3digo Procesal Penal de la provincia que faculta a los fiscales a excarcelar a un imputado y que este sea solo notificado del proceso, para quienes no sepan sobre derecho penal, se da prioridad a las causas con imputados detenidos, con lo cual, los imputados beneficiados con la excarcelaci\u00f3n es muy dif\u00edcil lleguen a un juicio oral y a una condena efectiva.<\/p>\n\n\n\n<p class=\"wp-block-paragraph\">Uno comprende que las fiscal\u00edas se saturan de causas, que los recursos y el personal es escaso, pero debe existir un criterio de responsabilidad en el cual no se puede \u00abrecortar\u00bb el trabajo.<\/p>\n\n\n\n<p class=\"wp-block-paragraph\">En muchos reuniones de seguridad he sido testigo presencial de que jefes policiales se excusan con los vecinos que denuncian en el hecho de que los fiscales no los dejan avanzar en las investigaciones y que cuando hay pruebas no se otorgan los allanamientos y las detenciones, es decir, tomala vos, d\u00e1mela a m\u00ed y nada cambia.<\/p>\n\n\n\n<p class=\"wp-block-paragraph\">Los fiscales tambi\u00e9n pueden ser denunciados por su desempe\u00f1o, <a href=\"https:\/\/www.mpba.gov.ar\/guia_denunciante\" target=\"_blank\" rel=\"noreferrer noopener\">controlinterno@mpba.gov.ar <\/a>y si bien suele ser un tr\u00e1mite burocr\u00e1tico tendiente a que uno desista de continuar, cuando se insiste con fundamentos se pueden obtener peque\u00f1os logros, digo esto para ser honesto, en la Procuraci\u00f3n General de la Provincia de Buenos Aires, no hay intenci\u00f3n de mejorar el Ministerio P\u00fablico, pero hay tantas internas que tal vez por un rebote se obtenga algo similar a la transparencia.<\/p>\n\n\n\n<p class=\"wp-block-paragraph\">\u00bfVamos a seguir quej\u00e1ndonos sin hacer nada?<\/p>\n\n\n\n<p class=\"wp-block-paragraph\">Por Marcelo Ricardo Hawrylciw<\/p>\n","protected":false},"excerpt":{"rendered":"<p>Cuando los vecinos solo se quejan en el barrio o en las redes sociales, no se pueden esperar cambios en la conducta de los pol\u00edticos, porque los pol\u00edticos m\u00e1s all\u00e1 de las peleas medi\u00e1ticas para la popular, en realidad viven otra realidad distinta en la que todos conviven \u00abun ratito cada uno\u00bb. Por el a\u00f1o&hellip;<\/p>\n","protected":false},"author":1,"featured_media":68673,"comment_status":"open","ping_status":"open","sticky":false,"template":"","format":"standard","meta":{"footnotes":""},"categories":[10],"tags":[461,22020,2450,5885,984,17388,30,1453,17592],"class_list":["post-102327","post","type-post","status-publish","format-standard","has-post-thumbnail","hentry","category-editorial","tag-avellaneda","tag-denuncias","tag-diario-el-sindical","tag-fiscales","tag-inseguridad","tag-municipalidad-de-avellaneda","tag-policia","tag-politicos","tag-tsg"],"_links":{"self":[{"href":"https:\/\/www.elsindical.com.ar\/notas\/wp-json\/wp\/v2\/posts\/102327","targetHints":{"allow":["GET"]}}],"collection":[{"href":"https:\/\/www.elsindical.com.ar\/notas\/wp-json\/wp\/v2\/posts"}],"about":[{"href":"https:\/\/www.elsindical.com.ar\/notas\/wp-json\/wp\/v2\/types\/post"}],"author":[{"embeddable":true,"href":"https:\/\/www.elsindical.com.ar\/notas\/wp-json\/wp\/v2\/users\/1"}],"replies":[{"embeddable":true,"href":"https:\/\/www.elsindical.com.ar\/notas\/wp-json\/wp\/v2\/comments?post=102327"}],"version-history":[{"count":2,"href":"https:\/\/www.elsindical.com.ar\/notas\/wp-json\/wp\/v2\/posts\/102327\/revisions"}],"predecessor-version":[{"id":102329,"href":"https:\/\/www.elsindical.com.ar\/notas\/wp-json\/wp\/v2\/posts\/102327\/revisions\/102329"}],"wp:featuredmedia":[{"embeddable":true,"href":"https:\/\/www.elsindical.com.ar\/notas\/wp-json\/wp\/v2\/media\/68673"}],"wp:attachment":[{"href":"https:\/\/www.elsindical.com.ar\/notas\/wp-json\/wp\/v2\/media?parent=102327"}],"wp:term":[{"taxonomy":"category","embeddable":true,"href":"https:\/\/www.elsindical.com.ar\/notas\/wp-json\/wp\/v2\/categories?post=102327"},{"taxonomy":"post_tag","embeddable":true,"href":"https:\/\/www.elsindical.com.ar\/notas\/wp-json\/wp\/v2\/tags?post=102327"}],"curies":[{"name":"wp","href":"https:\/\/api.w.org\/{rel}","templated":true}]}}