{"id":102249,"date":"2021-02-11T12:25:20","date_gmt":"2021-02-11T15:25:20","guid":{"rendered":"https:\/\/www.elsindical.com.ar\/notas\/?p=102249"},"modified":"2021-02-11T13:05:48","modified_gmt":"2021-02-11T16:05:48","slug":"la-policia-federal-argentina-desbarato-una-banda-criminal-dedicada-a-las-estafas","status":"publish","type":"post","link":"https:\/\/www.elsindical.com.ar\/notas\/la-policia-federal-argentina-desbarato-una-banda-criminal-dedicada-a-las-estafas\/","title":{"rendered":"La Polic\u00eda Federal Argentina desbarat\u00f3 una banda criminal dedicada a las estafas"},"content":{"rendered":"\n<div class=\"wp-block-image\"><figure class=\"aligncenter size-large is-resized\"><a href=\"https:\/\/www.elsindical.com.ar\/notas\/var\/www\/html\/notas\/wp-content\/uploads\/2021\/02\/WhatsApp-Image-2021-02-11-at-11.27.291.jpeg\"><img loading=\"lazy\" decoding=\"async\" src=\"https:\/\/www.elsindical.com.ar\/notas\/var\/www\/html\/notas\/wp-content\/uploads\/2021\/02\/WhatsApp-Image-2021-02-11-at-11.27.291.jpeg\" alt=\"\" class=\"wp-image-102250\" width=\"538\" height=\"404\" srcset=\"https:\/\/www.elsindical.com.ar\/notas\/var\/www\/html\/notas\/wp-content\/uploads\/2021\/02\/WhatsApp-Image-2021-02-11-at-11.27.291.jpeg 404w, https:\/\/www.elsindical.com.ar\/notas\/var\/www\/html\/notas\/wp-content\/uploads\/2021\/02\/WhatsApp-Image-2021-02-11-at-11.27.291-300x225.jpeg 300w, https:\/\/www.elsindical.com.ar\/notas\/var\/www\/html\/notas\/wp-content\/uploads\/2021\/02\/WhatsApp-Image-2021-02-11-at-11.27.291-400x300.jpeg 400w\" sizes=\"auto, (max-width: 538px) 100vw, 538px\" \/><\/a><\/figure><\/div>\n\n\n\n<p>Agentes federales del Departamento Inteligencia Contra el Crimen Organizado, desarticularon una banda delictiva que operaba en todo el pa\u00eds, por estafas y defraudaciones reiteradas, tanto en la ciudad como en la provincia de Buenos Aires.<\/p>\n\n\n\n<p>Las investigaciones se iniciaron a ra\u00edz de varios reclamos de particulares en la Unidad Funcional de Instrucci\u00f3n y Juicio N\u00ba20 con sede en Gral. Alvear a cargo del Dr. Cristian Citterio, donde manifestaron haber sido estafados por una supuesta empresa dedicada al otorgamiento de cr\u00e9ditos personales.<\/p>\n\n\n\n<p>En consecuencia, los efectivos policiales iniciaron minuciosas investigaciones durante varios d\u00edas, las que permitieron establecer el modus operandi de dicha organizaci\u00f3n criminal que consist\u00eda en atraer potenciales v\u00edctimas por medio de la red social de Facebook, cuando los interesados por el pr\u00e9stamo personal les consultaban los contactaban telef\u00f3nicamente solicitando datos personales y luego les ped\u00edan un pagos como dep\u00f3sitos a trav\u00e9s de distintas plataformas para acceder al dinero. <\/p>\n\n\n\n<p>Una vez que efectuaban el mismo, bloqueaban los llamados para no ser localizados.<\/p>\n\n\n\n<p>Con toda la informaci\u00f3n obtenida, la UFI interventora orden\u00f3 doce allanamientos simult\u00e1neos en los barrios porte\u00f1os de Nueva Pompeya, Villa Santa Rita, Palermo, Flores y Almagro, como tambi\u00e9n en la localidad de Banfield y en el partido de Berazategui.<\/p>\n\n\n\n<p>Como resultado del procedimiento, se detuvieron a siete personas y se secuestraron 520 euros, 885 d\u00f3lares, 18.000 pesos, 7 tel\u00e9fonos celulares, 3 notebooks y dem\u00e1s elementos de inter\u00e9s para la causa.<\/p>\n\n\n\n<p>Los detenidos, un hombre de 27 a\u00f1os y seis mujeres de entre 20 y 28 a\u00f1os, junto a los elementos secuestrados, quedaron a disposici\u00f3n del Juzgado Nacional de Rogatorias a cargo de la Dra. Graciela Bruniard, por \u201cEstafa y Asociaci\u00f3n Il\u00edcita\u201d.<\/p>\n\n\n\n<figure class=\"wp-block-gallery columns-1 is-cropped wp-block-gallery-1 is-layout-flex wp-block-gallery-is-layout-flex\"><ul class=\"blocks-gallery-grid\"><li class=\"blocks-gallery-item\"><figure><a href=\"https:\/\/www.elsindical.com.ar\/notas\/var\/www\/html\/notas\/wp-content\/uploads\/2021\/02\/WhatsApp-Image-2021-02-11-at-11.27.29.jpeg\"><img loading=\"lazy\" decoding=\"async\" width=\"475\" height=\"765\" src=\"https:\/\/www.elsindical.com.ar\/notas\/var\/www\/html\/notas\/wp-content\/uploads\/2021\/02\/WhatsApp-Image-2021-02-11-at-11.27.29.jpeg\" alt=\"\" data-id=\"102251\" data-full-url=\"https:\/\/www.elsindical.com.ar\/notas\/var\/www\/html\/notas\/wp-content\/uploads\/2021\/02\/WhatsApp-Image-2021-02-11-at-11.27.29.jpeg\" data-link=\"https:\/\/www.elsindical.com.ar\/notas\/?attachment_id=102251#main\" class=\"wp-image-102251\" srcset=\"https:\/\/www.elsindical.com.ar\/notas\/var\/www\/html\/notas\/wp-content\/uploads\/2021\/02\/WhatsApp-Image-2021-02-11-at-11.27.29.jpeg 475w, https:\/\/www.elsindical.com.ar\/notas\/var\/www\/html\/notas\/wp-content\/uploads\/2021\/02\/WhatsApp-Image-2021-02-11-at-11.27.29-186x300.jpeg 186w\" sizes=\"auto, (max-width: 475px) 100vw, 475px\" \/><\/a><\/figure><\/li><li class=\"blocks-gallery-item\"><figure><a href=\"https:\/\/www.elsindical.com.ar\/notas\/var\/www\/html\/notas\/wp-content\/uploads\/2021\/02\/WhatsApp-Image-2021-02-11-at-11.27.28.jpeg\"><img loading=\"lazy\" decoding=\"async\" width=\"259\" height=\"460\" src=\"https:\/\/www.elsindical.com.ar\/notas\/var\/www\/html\/notas\/wp-content\/uploads\/2021\/02\/WhatsApp-Image-2021-02-11-at-11.27.28.jpeg\" alt=\"\" data-id=\"102252\" data-full-url=\"https:\/\/www.elsindical.com.ar\/notas\/var\/www\/html\/notas\/wp-content\/uploads\/2021\/02\/WhatsApp-Image-2021-02-11-at-11.27.28.jpeg\" data-link=\"https:\/\/www.elsindical.com.ar\/notas\/?attachment_id=102252#main\" class=\"wp-image-102252\" srcset=\"https:\/\/www.elsindical.com.ar\/notas\/var\/www\/html\/notas\/wp-content\/uploads\/2021\/02\/WhatsApp-Image-2021-02-11-at-11.27.28.jpeg 259w, https:\/\/www.elsindical.com.ar\/notas\/var\/www\/html\/notas\/wp-content\/uploads\/2021\/02\/WhatsApp-Image-2021-02-11-at-11.27.28-169x300.jpeg 169w\" sizes=\"auto, (max-width: 259px) 100vw, 259px\" \/><\/a><\/figure><\/li><\/ul><\/figure>\n\n\n\n<figure class=\"wp-block-embed is-type-video is-provider-youtube wp-block-embed-youtube wp-embed-aspect-16-9 wp-has-aspect-ratio\"><div class=\"wp-block-embed__wrapper\">\n<iframe loading=\"lazy\" title=\"Banda estafadores detenidos\" width=\"700\" height=\"394\" src=\"https:\/\/www.youtube.com\/embed\/dAq4UTYU4O4?feature=oembed\" frameborder=\"0\" allow=\"accelerometer; autoplay; clipboard-write; encrypted-media; gyroscope; picture-in-picture\" allowfullscreen><\/iframe>\n<\/div><\/figure>\n","protected":false},"excerpt":{"rendered":"<p>Agentes federales del Departamento Inteligencia Contra el Crimen Organizado, desarticularon una banda delictiva que operaba en todo el pa\u00eds, por estafas y defraudaciones reiteradas, tanto en la ciudad como en la provincia de Buenos Aires. Las investigaciones se iniciaron a ra\u00edz de varios reclamos de particulares en la Unidad Funcional de Instrucci\u00f3n y Juicio N\u00ba20&hellip;<\/p>\n","protected":false},"author":1,"featured_media":102250,"comment_status":"open","ping_status":"open","sticky":false,"template":"","format":"standard","meta":{"footnotes":""},"categories":[22],"tags":[493,34187,2534,2450,698],"class_list":["post-102249","post","type-post","status-publish","format-standard","has-post-thumbnail","hentry","category-policiales","tag-allanamientos","tag-banda-de-estafadores","tag-detenciones","tag-diario-el-sindical","tag-pfa"],"_links":{"self":[{"href":"https:\/\/www.elsindical.com.ar\/notas\/wp-json\/wp\/v2\/posts\/102249","targetHints":{"allow":["GET"]}}],"collection":[{"href":"https:\/\/www.elsindical.com.ar\/notas\/wp-json\/wp\/v2\/posts"}],"about":[{"href":"https:\/\/www.elsindical.com.ar\/notas\/wp-json\/wp\/v2\/types\/post"}],"author":[{"embeddable":true,"href":"https:\/\/www.elsindical.com.ar\/notas\/wp-json\/wp\/v2\/users\/1"}],"replies":[{"embeddable":true,"href":"https:\/\/www.elsindical.com.ar\/notas\/wp-json\/wp\/v2\/comments?post=102249"}],"version-history":[{"count":2,"href":"https:\/\/www.elsindical.com.ar\/notas\/wp-json\/wp\/v2\/posts\/102249\/revisions"}],"predecessor-version":[{"id":102254,"href":"https:\/\/www.elsindical.com.ar\/notas\/wp-json\/wp\/v2\/posts\/102249\/revisions\/102254"}],"wp:featuredmedia":[{"embeddable":true,"href":"https:\/\/www.elsindical.com.ar\/notas\/wp-json\/wp\/v2\/media\/102250"}],"wp:attachment":[{"href":"https:\/\/www.elsindical.com.ar\/notas\/wp-json\/wp\/v2\/media?parent=102249"}],"wp:term":[{"taxonomy":"category","embeddable":true,"href":"https:\/\/www.elsindical.com.ar\/notas\/wp-json\/wp\/v2\/categories?post=102249"},{"taxonomy":"post_tag","embeddable":true,"href":"https:\/\/www.elsindical.com.ar\/notas\/wp-json\/wp\/v2\/tags?post=102249"}],"curies":[{"name":"wp","href":"https:\/\/api.w.org\/{rel}","templated":true}]}}