{"id":102244,"date":"2021-02-11T12:12:41","date_gmt":"2021-02-11T15:12:41","guid":{"rendered":"https:\/\/www.elsindical.com.ar\/notas\/?p=102244"},"modified":"2021-02-11T12:12:41","modified_gmt":"2021-02-11T15:12:41","slug":"los-gobiernos-y-politicos-cuidan-el-robo-de-celulares","status":"publish","type":"post","link":"https:\/\/www.elsindical.com.ar\/notas\/los-gobiernos-y-politicos-cuidan-el-robo-de-celulares\/","title":{"rendered":"Los gobiernos y pol\u00edticos \u00bfcuidan el robo de celulares?"},"content":{"rendered":"\n<figure class=\"wp-block-image size-large\"><a href=\"https:\/\/www.elsindical.com.ar\/notas\/var\/www\/html\/notas\/wp-content\/uploads\/2021\/02\/celulares-manchados-con-sangre.jpg\"><img loading=\"lazy\" decoding=\"async\" width=\"604\" height=\"340\" src=\"https:\/\/www.elsindical.com.ar\/notas\/var\/www\/html\/notas\/wp-content\/uploads\/2021\/02\/celulares-manchados-con-sangre.jpg\" alt=\"\" class=\"wp-image-102245\" srcset=\"https:\/\/www.elsindical.com.ar\/notas\/var\/www\/html\/notas\/wp-content\/uploads\/2021\/02\/celulares-manchados-con-sangre.jpg 604w, https:\/\/www.elsindical.com.ar\/notas\/var\/www\/html\/notas\/wp-content\/uploads\/2021\/02\/celulares-manchados-con-sangre-300x169.jpg 300w, https:\/\/www.elsindical.com.ar\/notas\/var\/www\/html\/notas\/wp-content\/uploads\/2021\/02\/celulares-manchados-con-sangre-500x281.jpg 500w, https:\/\/www.elsindical.com.ar\/notas\/var\/www\/html\/notas\/wp-content\/uploads\/2021\/02\/celulares-manchados-con-sangre-460x260.jpg 460w\" sizes=\"auto, (max-width: 604px) 100vw, 604px\" \/><\/a><\/figure>\n\n\n\n<p class=\"wp-block-paragraph\">   Hace ya unos 5 a\u00f1os que se hacen informes period\u00edsticos del intenso y creciente de los delitos de robo y hurto de celulares, cada tanto y muy espaciado se informo de allanamientos en zonas de \u00abcuevas\u00bb que compran y reactivan celulares robados pero las cifras entre lo que se recupera y lo que se denuncia son abismales demostrando ineficiencia en el Estado para combatir un delito que est\u00e1 entre los m\u00e1s lucrativos.<\/p>\n\n\n\n<p class=\"wp-block-paragraph\">Que el delito muta no hay dudas, los objetos preferidos por los delincuentes que se describen como <strong>ladrones callejeros, motochorros, bicichorros<\/strong> o a<strong>rrebatadores a pie<\/strong>, reciben alrededor del 10% del valor del equipo, motivo por el cual ya ha dejado de ser una prioridad el robo o el hurto de billeteras, carteras u otros objetos como cadenitas o relojes.<\/p>\n\n\n\n<p class=\"wp-block-paragraph\">Es m\u00e1s sencillo vender un celular para el delincuente sabiendo que las actividades en general de la vida diaria OBLIGAN a los ciudadanos a poseer celulares de gama media o alta, mientras desde el Estado alegremente te exigen el uso de App como Mi Argentina, Cuidar, las de los seguros de veh\u00edculos y una buena conexi\u00f3n para que funcione, parece que a ning\u00fan pol\u00edtico se le representa que los equipos son costosos para los ciudadanos de bien y que si no se combate el robo y la venta de celulares, solo se beneficia a quienes son parte del \u00abmercado negro\u00bb y el delito que se encadena a este negocio ilegal.<\/p>\n\n\n\n<p class=\"wp-block-paragraph\">Los consumidores m\u00e1s activos de celulares modificados son los delincuentes, los secuestros express, las amenazas an\u00f3nimas, la venta de drogas desde el narcomenudeo a un narcotr\u00e1fico intermedio se valen de celulares que son cambiados semanalmente.<\/p>\n\n\n\n<p class=\"wp-block-paragraph\">Son muchos los pa\u00edses donde el robo de celulares se convirti\u00f3 en un problema, porque detr\u00e1s de cada robo existen situaciones de violencia, con lesionados e incluso muertos porque la conclusi\u00f3n del robo es impredecible.<\/p>\n\n\n\n<p class=\"wp-block-paragraph\">As\u00ed, Colombia tuvo medidas presidenciables y legislativas para reclamarle a las empresas prestadoras de servicios que controlen los equipos activados si  los IMEI de los mismos eran v\u00e1lidos en caso de no serlo dieran de baja el servicio junto al bloqueo del IMEI detectado y la denuncia al organismo de control. Per\u00fa, con una fuerte campa\u00f1a gr\u00e1fica de celulares con sangre llev\u00f3 adelante un bloqueo masivo de celulares cuyos IMEI no fueran coincidentes con el IMEI impreso en el equipo, es de destacar que el OSIPTEL, el entre regulador de las telecomunicaciones, es implacable con las empresas que no cumplan los controles y seguimientos a las que se les aplica millonarias multas y denuncias penales.<\/p>\n\n\n\n<p class=\"wp-block-paragraph\">La Pena en Per\u00fa para aquellos \u00abt\u00e9cnicos\u00bb que modifiquen celulares, clonaci\u00f3n o cambio de IMEI, es de entre 4 y 6 a\u00f1os de prisi\u00f3n m\u00e1s multas.<\/p>\n\n\n\n<p class=\"wp-block-paragraph\">Ahora tal vez se entienda el motivo por el cual se suele escuchar de bandas de bolivianos, peruanos y colombianos involucrados en la liberaci\u00f3n y clonaci\u00f3n de equipos en la Argentina, que adem\u00e1s env\u00edan equipos al exterior amparados en la IMPUNIDAD que la Argentina brinda.<\/p>\n\n\n\n<p class=\"wp-block-paragraph\">Se roban 1 celular cada un minuto en la Argentina, se estima por las denuncias que el promedio diario es de 15.000 celulares DIARIOS, una cifra que parece ins\u00f3lita y que indigna, han pasado distintos gobiernos con cientos de asesores cobrando sueldos que representan un gasto millonario, han usado la inseguridad como debate, pero parece que se olvidaron de combatir el delito m\u00e1s com\u00fan, m\u00e1s peligroso por cantidad de v\u00edctimas y por la impunidad con la que se manejan los delincuentes, \u00bfqu\u00e9 sentido tiene decir que se va a combatir a los motochorros con chalecos y cascos con la patente de la moto si no se les quita el m\u00e1s redituable negocio que es el robo de celulares?.<\/p>\n\n\n\n<p class=\"wp-block-paragraph\">Los pol\u00edticos se presume est\u00e1n informados para proponer soluciones, para mejorar la vida de los ciudadanos, digo, a ninguno se le ocurri\u00f3 aplicar las medidas que otros pa\u00edses tienen para evitar tener los valores de la Argentina?.<\/p>\n\n\n\n<p class=\"wp-block-paragraph\">No se trata solamente del celular, se trata de que muchos son robados con violencia, se trata de que en un mundo online para hacer pagos, para identificarte, para circular necesitas un celular, incluso llegamos al absurdo de que existe una aplicaci\u00f3n de seguridad para celulares.<\/p>\n\n\n\n<p class=\"wp-block-paragraph\">He solicitado informaci\u00f3n al Ministerio de Seguridad de la Naci\u00f3n respecto a qu\u00e9 estad\u00edsticas tienen respecto a controles, allanamientos y recuperaci\u00f3n de celulares en la zona sur, partidos de Avellaneda, Lan\u00fas, Quilmes, en atenci\u00f3n que en un allanamiento a un peque\u00f1o local de Gerli, partido de Avellaneda se encontraron 498 celulares robados, digo, un simple c\u00e1lculo entre repuestos, celulares, tablets da una cifra importante de dinero y entonces se explica la gran cantidad de denuncias de motochorros en la zona. La p\u00e1gina del ministerio que tiene un apartado para explicar como denunciar el robo de un celular tiene una frase que me dej\u00f3 pensando, <strong>\u00abJuntos podemos desalentar el mercado ilegal de equipos celulares\u00bb<\/strong>, esto parece una burla, de nada sirve el *910 porque los delincuentes alteran el IMEI del equipo denunciado y vuelve al servicio en cualquier compa\u00f1\u00eda por falta de controles y una legislaci\u00f3n seria.<\/p>\n\n\n\n<figure class=\"wp-block-image size-large\"><a href=\"https:\/\/www.elsindical.com.ar\/notas\/var\/www\/html\/notas\/wp-content\/uploads\/2021\/02\/910-tu-celular-es-tuyo.jpg\"><img loading=\"lazy\" decoding=\"async\" width=\"1024\" height=\"576\" src=\"https:\/\/www.elsindical.com.ar\/notas\/var\/www\/html\/notas\/wp-content\/uploads\/2021\/02\/910-tu-celular-es-tuyo-1024x576.jpg\" alt=\"\" class=\"wp-image-102247\" srcset=\"https:\/\/www.elsindical.com.ar\/notas\/var\/www\/html\/notas\/wp-content\/uploads\/2021\/02\/910-tu-celular-es-tuyo-1024x576.jpg 1024w, https:\/\/www.elsindical.com.ar\/notas\/var\/www\/html\/notas\/wp-content\/uploads\/2021\/02\/910-tu-celular-es-tuyo-300x169.jpg 300w, https:\/\/www.elsindical.com.ar\/notas\/var\/www\/html\/notas\/wp-content\/uploads\/2021\/02\/910-tu-celular-es-tuyo-768x432.jpg 768w, https:\/\/www.elsindical.com.ar\/notas\/var\/www\/html\/notas\/wp-content\/uploads\/2021\/02\/910-tu-celular-es-tuyo-500x281.jpg 500w, https:\/\/www.elsindical.com.ar\/notas\/var\/www\/html\/notas\/wp-content\/uploads\/2021\/02\/910-tu-celular-es-tuyo-1536x864.jpg 1536w, https:\/\/www.elsindical.com.ar\/notas\/var\/www\/html\/notas\/wp-content\/uploads\/2021\/02\/910-tu-celular-es-tuyo-460x260.jpg 460w, https:\/\/www.elsindical.com.ar\/notas\/var\/www\/html\/notas\/wp-content\/uploads\/2021\/02\/910-tu-celular-es-tuyo.jpg 1715w\" sizes=\"auto, (max-width: 1024px) 100vw, 1024px\" \/><\/a><\/figure>\n\n\n\n<p class=\"wp-block-paragraph\">Combatir este delito lleva a combatir otros delitos como el narcomenudeo, muchos de los motochorros adem\u00e1s de vender los celulares en cuevas los canjean por droga, tambi\u00e9n hay un lazo grande de motochorros y barras de clubes de f\u00fatbol que a la vez participan en pol\u00edtica.<\/p>\n\n\n\n<p class=\"wp-block-paragraph\">Difundamos los ciudadanos de bien el pedido de que se legisle para aumentar las penas de los que compran, venden y modifican celulares, de los que son imputados por robar celulares y los que posean celulares que no puedan justificar su origen.<\/p>\n\n\n\n<p class=\"wp-block-paragraph\">Hoy todo funciona a favor del delincuente, con el due\u00f1o del local no pasa nada, se lo allana y aunque tenga celulares denunciados como robados solo se le secuestran los equipos y sigue su vida tranquilo, si allanan un domicilio donde fue apagado un celular pero no se encuentra el celular no se toma ninguna medida, no se investiga y el delincuente se r\u00ede del allanamiento y su viveza, digo, los fiscales no investigan de qu\u00e9 vive alguien que posee motos y objetos de valor sin medio de vida?.<\/p>\n\n\n\n<p class=\"wp-block-paragraph\">Vayamos por lo sencillo, que aumenten las penas, que se ordene y sancione a las empresas de telefon\u00eda que no controlen los equipos conectados y no coincidan con IMEI habilitados.<\/p>\n\n\n\n<figure class=\"wp-block-image size-large\"><a href=\"https:\/\/www.elsindical.com.ar\/notas\/var\/www\/html\/notas\/wp-content\/uploads\/2021\/02\/Peru-penas.png\"><img loading=\"lazy\" decoding=\"async\" width=\"1024\" height=\"1024\" src=\"https:\/\/www.elsindical.com.ar\/notas\/var\/www\/html\/notas\/wp-content\/uploads\/2021\/02\/Peru-penas.png\" alt=\"\" class=\"wp-image-102246\" srcset=\"https:\/\/www.elsindical.com.ar\/notas\/var\/www\/html\/notas\/wp-content\/uploads\/2021\/02\/Peru-penas.png 1024w, https:\/\/www.elsindical.com.ar\/notas\/var\/www\/html\/notas\/wp-content\/uploads\/2021\/02\/Peru-penas-300x300.png 300w, https:\/\/www.elsindical.com.ar\/notas\/var\/www\/html\/notas\/wp-content\/uploads\/2021\/02\/Peru-penas-150x150.png 150w, https:\/\/www.elsindical.com.ar\/notas\/var\/www\/html\/notas\/wp-content\/uploads\/2021\/02\/Peru-penas-768x768.png 768w, https:\/\/www.elsindical.com.ar\/notas\/var\/www\/html\/notas\/wp-content\/uploads\/2021\/02\/Peru-penas-50x50.png 50w\" sizes=\"auto, (max-width: 1024px) 100vw, 1024px\" \/><\/a><\/figure>\n\n\n\n<p class=\"wp-block-paragraph\">Por Marcelo Ricardo Hawrylciw<\/p>\n","protected":false},"excerpt":{"rendered":"<p>Hace ya unos 5 a\u00f1os que se hacen informes period\u00edsticos del intenso y creciente de los delitos de robo y hurto de celulares, cada tanto y muy espaciado se informo de allanamientos en zonas de \u00abcuevas\u00bb que compran y reactivan celulares robados pero las cifras entre lo que se recupera y lo que se denuncia&hellip;<\/p>\n","protected":false},"author":1,"featured_media":102245,"comment_status":"open","ping_status":"open","sticky":false,"template":"","format":"standard","meta":{"footnotes":""},"categories":[10],"tags":[2450,24810,41,7712,7556,308,1453,24030],"class_list":["post-102244","post","type-post","status-publish","format-standard","has-post-thumbnail","hentry","category-editorial","tag-diario-el-sindical","tag-imei","tag-justicia","tag-legislacion","tag-ministerio-de-seguridad-de-la-nacion","tag-motochorros","tag-politicos","tag-robo-celulares"],"_links":{"self":[{"href":"https:\/\/www.elsindical.com.ar\/notas\/wp-json\/wp\/v2\/posts\/102244","targetHints":{"allow":["GET"]}}],"collection":[{"href":"https:\/\/www.elsindical.com.ar\/notas\/wp-json\/wp\/v2\/posts"}],"about":[{"href":"https:\/\/www.elsindical.com.ar\/notas\/wp-json\/wp\/v2\/types\/post"}],"author":[{"embeddable":true,"href":"https:\/\/www.elsindical.com.ar\/notas\/wp-json\/wp\/v2\/users\/1"}],"replies":[{"embeddable":true,"href":"https:\/\/www.elsindical.com.ar\/notas\/wp-json\/wp\/v2\/comments?post=102244"}],"version-history":[{"count":1,"href":"https:\/\/www.elsindical.com.ar\/notas\/wp-json\/wp\/v2\/posts\/102244\/revisions"}],"predecessor-version":[{"id":102248,"href":"https:\/\/www.elsindical.com.ar\/notas\/wp-json\/wp\/v2\/posts\/102244\/revisions\/102248"}],"wp:featuredmedia":[{"embeddable":true,"href":"https:\/\/www.elsindical.com.ar\/notas\/wp-json\/wp\/v2\/media\/102245"}],"wp:attachment":[{"href":"https:\/\/www.elsindical.com.ar\/notas\/wp-json\/wp\/v2\/media?parent=102244"}],"wp:term":[{"taxonomy":"category","embeddable":true,"href":"https:\/\/www.elsindical.com.ar\/notas\/wp-json\/wp\/v2\/categories?post=102244"},{"taxonomy":"post_tag","embeddable":true,"href":"https:\/\/www.elsindical.com.ar\/notas\/wp-json\/wp\/v2\/tags?post=102244"}],"curies":[{"name":"wp","href":"https:\/\/api.w.org\/{rel}","templated":true}]}}