{"id":10222,"date":"2010-10-15T00:17:16","date_gmt":"2010-10-15T03:17:16","guid":{"rendered":"http:\/\/www.elsindical.com.ar\/notas\/?p=10222"},"modified":"2010-10-15T00:17:16","modified_gmt":"2010-10-15T03:17:16","slug":"efemeridesdel-dia-15-de-octubre","status":"publish","type":"post","link":"https:\/\/www.elsindical.com.ar\/notas\/efemeridesdel-dia-15-de-octubre\/","title":{"rendered":"EFEM\u00c9RIDES:DEL D\u00cdA 15 DE OCTUBRE"},"content":{"rendered":"<p style=\"text-align: justify;\"><a href=\"http:\/\/www.elsindical.com.ar\/notas\/var\/www\/html\/notas\/wp-content\/uploads\/2010\/10\/Mata-Hari.jpg\"><img loading=\"lazy\" decoding=\"async\" class=\"alignleft size-medium wp-image-10223\" title=\"Mata-Hari\" src=\"http:\/\/www.elsindical.com.ar\/notas\/var\/www\/html\/notas\/wp-content\/uploads\/2010\/10\/Mata-Hari-233x300.jpg\" alt=\"\" width=\"233\" height=\"300\" srcset=\"https:\/\/www.elsindical.com.ar\/notas\/var\/www\/html\/notas\/wp-content\/uploads\/2010\/10\/Mata-Hari-233x300.jpg 233w, https:\/\/www.elsindical.com.ar\/notas\/var\/www\/html\/notas\/wp-content\/uploads\/2010\/10\/Mata-Hari.jpg 325w\" sizes=\"auto, (max-width: 233px) 100vw, 233px\" \/><\/a>En otro 15 de octubre, pero de 1917, hace noventa a\u00f1os, un pelot\u00f3n de ejecuci\u00f3n fusila, en el bosque de Vincennes, cerca de Par\u00eds, a la esp\u00eda y bailarina Mata-Hari, condenada por pasar informaci\u00f3n a Alemania.<\/p>\n<p>1533- Francisco Pizarro se apodera de Cuzco (Per\u00fa).<\/p>\n<p style=\"text-align: justify;\">1802- Espa\u00f1a devuelve la Luisiana a Francia.<\/p>\n<p style=\"text-align: justify;\">1806- Muere Jacobo I, emperador de Hait\u00ed.<\/p>\n<p style=\"text-align: justify;\">1809- El virrey Baltasar Cisneros abre el puerto de Buenos Aires al comercio libre de las dem\u00e1s naciones.<\/p>\n<p style=\"text-align: justify;\">1815- Napole\u00f3n Bonaparte llega a la isla de Santa Elena, lugar de su destierro hasta su muerte.<\/p>\n<p style=\"text-align: justify;\">1844- Nace Friedrich Wihelm Nietzsche, fil\u00f3sofo alem\u00e1n.<\/p>\n<p style=\"text-align: justify;\">1879- Firma en Paraguay del primer tratado de l\u00edmites para resolver la cuesti\u00f3n del Chaco.<\/p>\n<p style=\"text-align: justify;\">1894- El capit\u00e1n jud\u00edo franc\u00e9s Alfred Dreyfus es detenido tras ser acusado de alta traici\u00f3n a favor de Alemania. Condenado injustamente a cadena perpetua, fue indultado en 1899.<\/p>\n<p style=\"text-align: justify;\">1908- Nace J. Kennet Galbraith, economista estadounidense.<\/p>\n<p style=\"text-align: justify;\">1918- Aprobada en Uruguay la llamada \u00abConstituci\u00f3n del 17\u00bb.<\/p>\n<p style=\"text-align: justify;\">1926- Nace Michel Foucault, pensador franc\u00e9s.<\/p>\n<p style=\"text-align: justify;\">1931- Alfredo Baquerizo sube al poder en Ecuador tras derrocar al presidente Luis Larrea Alvarez.<\/p>\n<p style=\"text-align: justify;\">1946- Se suicida en Nuremberg, dos horas antes de su ejecuci\u00f3n, el mariscal alem\u00e1n Hermann Goering.<\/p>\n<p style=\"text-align: justify;\">1949- Tropas comunistas entran en Cant\u00f3n, lo que supone el final de la guerra civil china.<\/p>\n<p style=\"text-align: justify;\">1951- Nace Carlos Aurelio Lage Davila, vicepresidente del Consejo de Estado cubano.<\/p>\n<p style=\"text-align: justify;\">1964- La \u00abtroika\u00bb formada por Breznev, Kosiguin y Podgorni sustituye a Nikita Kruschev al frente de la URSS.<\/p>\n<p style=\"text-align: justify;\">1979- Una Junta militar moderada derroca al presidente salvadore\u00f1o, Carlos H. Romero.<\/p>\n<p style=\"text-align: justify;\">1987- Golpe de estado de Blaise Compaor\u00e9 en Burkina Faso.<\/p>\n<p style=\"text-align: justify;\">1988- El presidente de Costa Rica, Oscar Arias, Premio Pr\u00edncipe de Asturias de Cooperaci\u00f3n Iberoamericana.<\/p>\n<p style=\"text-align: justify;\">1989- Legalizado el Congreso Nacional Africano, prohibido desde 1960, en aplicaci\u00f3n de la nueva pol\u00edtica antiapartheid en Sudafrica.<\/p>\n<p style=\"text-align: justify;\">1992- Presentaci\u00f3n en Madrid de la XXI edici\u00f3n del Diccionario de la Real Academia Espa\u00f1ola, que incorpora cinco mil nuevas voces.<\/p>\n<p style=\"text-align: justify;\">1993- Se inaugura en Hong Kong una escalera mec\u00e1nica de 150 metros de longitud, la m\u00e1s larga del mundo.<\/p>\n<p style=\"text-align: justify;\">&#8211; Mario Vargas Llosa gana el Premio Planeta con su novela \u00abLituma en los Andes\u00bb.<\/p>\n<p style=\"text-align: justify;\">1994- Apoyado por EEUU, regresa a Hait\u00ed el exiliado presidente Jean Bertrand Aristide, derrocado el 30 de septiembre de 1991.<\/p>\n<p style=\"text-align: justify;\">1997- Las milicias del ex presidente de la Rep\u00fablica del Congo-Brazaville, Denis Sasu Ngueso, se hacen con el poder.<\/p>\n<p style=\"text-align: justify;\">1999- La ONG M\u00e9dicos Sin Fronteras es galardonada con el Premio Nobel de la Paz.<\/p>\n<p style=\"text-align: justify;\">2001- El primer ministro japon\u00e9s, Junichiro Koizujmi, pide perd\u00f3n por los sufrimientos infligidos al pueblo coreano durante la colonizaci\u00f3n nipona de la pen\u00ednsula (1919-1954).<\/p>\n<p style=\"text-align: justify;\">2002- El escritor peruano Alfredo Bryce Echenique gana el Premio Planeta con \u00abEl huerto de mi amada\u00bb.<\/p>\n<p style=\"text-align: justify;\">&#8211; El Gobierno sudan\u00e9s y el Ej\u00e9rcito Popular de Liberaci\u00f3n de Sud\u00e1n firman un alto el fuego tras 19 a\u00f1os de guerra civil.<\/p>\n<p style=\"text-align: justify;\">&#8211; El escritor peruano Alfredo Bryce Echenique gana el Premio Planeta con \u00abEl huerto de mi amada\u00bb.<\/p>\n<p style=\"text-align: justify;\">2003- El escritor chileno Antonio Sk\u00e1rmeta gana el Premio Planeta por la novela \u00abEl baile de la victoria\u00bb.<\/p>\n<p style=\"text-align: justify;\">&#8211; China sit\u00faa en \u00f3rbita a su primer astronauta, Yang Liwei, que da 14 vueltas a la Tierra antes de aterrizar en el desierto de Gobi.<\/p>\n<p style=\"text-align: justify;\">2004- El ex presidente de Costa Rica, Miguel \u00c1ngel Rodr\u00edguez es detenido por cargos de corrupci\u00f3n durante su gobierno.<\/p>\n<p style=\"text-align: justify;\">2005- Irak celebra el refer\u00e9ndum sobre la nueva Constituci\u00f3n, que fue aprobado con el 78% de los votos.<\/p>\n<p style=\"text-align: justify;\">&#8211; Se clausura en Salamanca (Espa\u00f1a) la XV Cumbre Iberoamericana con una declaraci\u00f3n final de marcado contenido social y de respaldo a la democracia, el multilateralismo y los derechos humanos. Recoge una condena al \u00abbloqueo\u00bb de EEUU a Cuba.<\/p>\n<p style=\"text-align: justify;\">2006- Alvaro Noboa gana sin mayor\u00eda suficiente las elecciones presidenciales en Ecuador. Disputar\u00e1 la segunda vuelta al izquierdista Rafael Correa. Los ecuatorianos residentes en Espa\u00f1a pueden votar por primera vez.<\/p>\n","protected":false},"excerpt":{"rendered":"<p>En otro 15 de octubre, pero de 1917, hace noventa a\u00f1os, un pelot\u00f3n de ejecuci\u00f3n fusila, en el bosque de Vincennes, cerca de Par\u00eds, a la esp\u00eda y bailarina Mata-Hari, condenada por pasar informaci\u00f3n a Alemania. 1533- Francisco Pizarro se apodera de Cuzco (Per\u00fa). 1802- Espa\u00f1a devuelve la Luisiana a Francia. 1806- Muere Jacobo I,&hellip;<\/p>\n","protected":false},"author":1,"featured_media":0,"comment_status":"open","ping_status":"open","sticky":false,"template":"","format":"standard","meta":{"footnotes":""},"categories":[14],"tags":[],"class_list":["post-10222","post","type-post","status-publish","format-standard","hentry","category-efemerides"],"_links":{"self":[{"href":"https:\/\/www.elsindical.com.ar\/notas\/wp-json\/wp\/v2\/posts\/10222","targetHints":{"allow":["GET"]}}],"collection":[{"href":"https:\/\/www.elsindical.com.ar\/notas\/wp-json\/wp\/v2\/posts"}],"about":[{"href":"https:\/\/www.elsindical.com.ar\/notas\/wp-json\/wp\/v2\/types\/post"}],"author":[{"embeddable":true,"href":"https:\/\/www.elsindical.com.ar\/notas\/wp-json\/wp\/v2\/users\/1"}],"replies":[{"embeddable":true,"href":"https:\/\/www.elsindical.com.ar\/notas\/wp-json\/wp\/v2\/comments?post=10222"}],"version-history":[{"count":1,"href":"https:\/\/www.elsindical.com.ar\/notas\/wp-json\/wp\/v2\/posts\/10222\/revisions"}],"predecessor-version":[{"id":10224,"href":"https:\/\/www.elsindical.com.ar\/notas\/wp-json\/wp\/v2\/posts\/10222\/revisions\/10224"}],"wp:attachment":[{"href":"https:\/\/www.elsindical.com.ar\/notas\/wp-json\/wp\/v2\/media?parent=10222"}],"wp:term":[{"taxonomy":"category","embeddable":true,"href":"https:\/\/www.elsindical.com.ar\/notas\/wp-json\/wp\/v2\/categories?post=10222"},{"taxonomy":"post_tag","embeddable":true,"href":"https:\/\/www.elsindical.com.ar\/notas\/wp-json\/wp\/v2\/tags?post=10222"}],"curies":[{"name":"wp","href":"https:\/\/api.w.org\/{rel}","templated":true}]}}