{"id":10219,"date":"2010-10-14T08:04:51","date_gmt":"2010-10-14T11:04:51","guid":{"rendered":"http:\/\/www.elsindical.com.ar\/notas\/?p=10219"},"modified":"2010-10-14T08:04:51","modified_gmt":"2010-10-14T11:04:51","slug":"corrientesmuere-joven-conductora-de-tv-por-un-escopetazo","status":"publish","type":"post","link":"https:\/\/www.elsindical.com.ar\/notas\/corrientesmuere-joven-conductora-de-tv-por-un-escopetazo\/","title":{"rendered":"Corrientes:Muere joven conductora de Tv por un escopetazo"},"content":{"rendered":"<p style=\"text-align: justify;\"><em><a href=\"http:\/\/www.elsindical.com.ar\/notas\/var\/www\/html\/notas\/wp-content\/uploads\/2010\/10\/Valeria-Romero.jpg\"><img loading=\"lazy\" decoding=\"async\" class=\"alignleft size-medium wp-image-10220\" title=\"Valeria-Romero\" src=\"http:\/\/www.elsindical.com.ar\/notas\/var\/www\/html\/notas\/wp-content\/uploads\/2010\/10\/Valeria-Romero-300x192.jpg\" alt=\"\" width=\"300\" height=\"192\" srcset=\"https:\/\/www.elsindical.com.ar\/notas\/var\/www\/html\/notas\/wp-content\/uploads\/2010\/10\/Valeria-Romero-300x192.jpg 300w, https:\/\/www.elsindical.com.ar\/notas\/var\/www\/html\/notas\/wp-content\/uploads\/2010\/10\/Valeria-Romero.jpg 325w\" sizes=\"auto, (max-width: 300px) 100vw, 300px\" \/><\/a>Una joven de 21 a\u00f1os muri\u00f3 de un escopetazo en la cabeza cuando estaba al lado de su novio, al que se le habr\u00eda escapado \u00abaccidentalmente\u00bb el disparo.<\/em>\u00a0<br \/>\n\u00a0<br \/>\nUna joven de 21 a\u00f1os muri\u00f3 de un escopetazo en la cabeza cuando estaba al lado de su novio, al que se le habr\u00eda escapado \u00abaccidentalmente\u00bb el disparo mientras limpiaba el arma, en un hecho que conmocion\u00f3 a la ciudad correntina de Paso de los Libres.<\/p>\n<p style=\"text-align: justify;\">El supuesto autor del disparo, identificado como Alfredo Federico Alderete, de 24 a\u00f1os, qued\u00f3 detenido en la causa que, en principio, fue caratulada como \u00abhomicidio simple\u00bb por la justicia provincial.<\/p>\n<p style=\"text-align: justify;\">La v\u00edctima fue identificada como Valeria Romero, quien trabajaba como conductora de un programa de televisi\u00f3n por cable junto a su madre, Rosana Azzar.<\/p>\n<p style=\"text-align: justify;\">El episodio sucedi\u00f3 en una vivienda de la calle Coronel L\u00f3pez 350 de esa localidad, donde la polic\u00eda concurri\u00f3 inmediatamente con el fiscal del caso, Jos\u00e9 Fabrizio, quien dispuso la detenci\u00f3n del novio.<\/p>\n<p style=\"text-align: justify;\">Seg\u00fan las primeras versiones, Valeria se estaba sentada junto a su computadora, a muy corta distancia de Alfredo, quien limpiaba una escopeta de grueso calibre que estaba cargada con un cartucho.<\/p>\n<p style=\"text-align: justify;\">El tiro se le habr\u00eda escapado al joven cuando el arma se desliz\u00f3 entre sus manos y cay\u00f3 al suelo, impactando en la cabeza de su novia.<\/p>\n<p style=\"text-align: justify;\">Pese a esta hip\u00f3tesis, la justicia seguir\u00e1 investigando el hecho bajo la calificaci\u00f3n de \u00abhomicidio simple\u00bb, por lo que el joven permanece detenido e incomunicado en una comisar\u00eda de Paso de los Libres, a la espera de brindar la primera declaraci\u00f3n ante el juez.<\/p>\n","protected":false},"excerpt":{"rendered":"<p>Una joven de 21 a\u00f1os muri\u00f3 de un escopetazo en la cabeza cuando estaba al lado de su novio, al que se le habr\u00eda escapado \u00abaccidentalmente\u00bb el disparo.\u00a0 \u00a0 Una joven de 21 a\u00f1os muri\u00f3 de un escopetazo en la cabeza cuando estaba al lado de su novio, al que se le habr\u00eda escapado \u00abaccidentalmente\u00bb&hellip;<\/p>\n","protected":false},"author":1,"featured_media":0,"comment_status":"open","ping_status":"open","sticky":false,"template":"","format":"standard","meta":{"footnotes":""},"categories":[22],"tags":[4917,281,4915,1010,4914,1184,4916],"class_list":["post-10219","post","type-post","status-publish","format-standard","hentry","category-policiales","tag-conductora","tag-corrientes","tag-escopetazo","tag-novia","tag-paso-de-los-libres","tag-tv","tag-valeria-romero"],"_links":{"self":[{"href":"https:\/\/www.elsindical.com.ar\/notas\/wp-json\/wp\/v2\/posts\/10219","targetHints":{"allow":["GET"]}}],"collection":[{"href":"https:\/\/www.elsindical.com.ar\/notas\/wp-json\/wp\/v2\/posts"}],"about":[{"href":"https:\/\/www.elsindical.com.ar\/notas\/wp-json\/wp\/v2\/types\/post"}],"author":[{"embeddable":true,"href":"https:\/\/www.elsindical.com.ar\/notas\/wp-json\/wp\/v2\/users\/1"}],"replies":[{"embeddable":true,"href":"https:\/\/www.elsindical.com.ar\/notas\/wp-json\/wp\/v2\/comments?post=10219"}],"version-history":[{"count":1,"href":"https:\/\/www.elsindical.com.ar\/notas\/wp-json\/wp\/v2\/posts\/10219\/revisions"}],"predecessor-version":[{"id":10221,"href":"https:\/\/www.elsindical.com.ar\/notas\/wp-json\/wp\/v2\/posts\/10219\/revisions\/10221"}],"wp:attachment":[{"href":"https:\/\/www.elsindical.com.ar\/notas\/wp-json\/wp\/v2\/media?parent=10219"}],"wp:term":[{"taxonomy":"category","embeddable":true,"href":"https:\/\/www.elsindical.com.ar\/notas\/wp-json\/wp\/v2\/categories?post=10219"},{"taxonomy":"post_tag","embeddable":true,"href":"https:\/\/www.elsindical.com.ar\/notas\/wp-json\/wp\/v2\/tags?post=10219"}],"curies":[{"name":"wp","href":"https:\/\/api.w.org\/{rel}","templated":true}]}}