{"id":102187,"date":"2021-02-09T08:34:19","date_gmt":"2021-02-09T11:34:19","guid":{"rendered":"https:\/\/www.elsindical.com.ar\/notas\/?p=102187"},"modified":"2021-02-09T08:34:19","modified_gmt":"2021-02-09T11:34:19","slug":"efemerides-del-dia-9-de-febrero-7","status":"publish","type":"post","link":"https:\/\/www.elsindical.com.ar\/notas\/efemerides-del-dia-9-de-febrero-7\/","title":{"rendered":"EFEM\u00c9RIDES: DEL D\u00cdA 9 DE FEBRERO"},"content":{"rendered":"\n<p>1556 \u2013 El pirata ingl\u00e9s Francis Drake saquea la ciudad de Cartagena de Indias (en la actual Colombia).<\/p>\n\n\n\n<p>1774 \u2013\u00a0Nace en Buenos Aires el general Juan Jos\u00e9 Viamonte.<\/p>\n\n\n\n<p>1826 \u2013 El presidente Bernardino Rivadavia presenta un proyecto de ley de capitalizaci\u00f3n de la ciudad de Buenos Aires.<\/p>\n\n\n\n<p>1843 \u2013&nbsp;Se firma un Tratado de Paz y de Amistad y provisorio de l\u00edmites entre Corriente y Entre R\u00edos.<\/p>\n\n\n\n<p>1847 \u2013 Muere en Buenos Aires el general don Manuel Corval\u00e1n. Hab\u00eda nacido en Mendoza el 28 de mayo de 1774. Fue teniente gobernador de San Juan y encargado del equipo y armamento del ej\u00e9rcito de los Andes y edec\u00e1n de Juan Manuel de Rosas.<\/p>\n\n\n\n<p>1849 \u2013 Se proclama la Rep\u00fablica Romana (abolici\u00f3n del poder temporal de los Papas sobre los estados pontificios).<\/p>\n\n\n\n<p>1861 \u2013 Jefferson Davis es elegido presidente de los Estados Confederados de Am\u00e9rica.<\/p>\n\n\n\n<p>1881 \u2013 Muere el escritor ruso Fedor Dostoyevski.<\/p>\n\n\n\n<p>1900 \u2013 El tenista estadounidense Dwight F. Davis funda el torneo mundial anual que lleva su nombre.<\/p>\n\n\n\n<p>1913 \u2013 Comienza en M\u00e9xico la llamada \u00abdecena tr\u00e1gica\u00bb, sangriento episodio de la pugna entre los generales Madero y Huerta.<\/p>\n\n\n\n<p>1909 \u2013 Nace Carmen Miranda, cantante, bailarina y actriz.<\/p>\n\n\n\n<p>1915 \u2013 Primera Guerra Mundial: se cierra el canal de Suez a los barcos neutrales.<\/p>\n\n\n\n<p>1917 \u2013 Alemania desencadena la guerra submarina.<\/p>\n\n\n\n<p>1928 \u2013 El general nicarag\u00fcense Augusto Cesar Sandino emprende una ofensiva militar contra las tropas estadounidenses.<\/p>\n\n\n\n<p>1929 \u2013 Es ejecutado en M\u00e9xico Jos\u00e9 Le\u00f3n Toral, asesino del presidente electo, Alvaro Obreg\u00f3n.<\/p>\n\n\n\n<p>1940 \u2013 Nace John Maxwell Coetzee, escritor sudafricano.<\/p>\n\n\n\n<p>1943 \u2013 II Guerra Mundial: los japoneses abandonan Guadalcanal.<\/p>\n\n\n\n<p>1943 \u2013 Nace Joe Pesci, actor estadounidense.<\/p>\n\n\n\n<p>1944 \u2013 Nace la poeta y novelista afroamericana Alice Walker.<\/p>\n\n\n\n<p>1945 \u2013 Nace Mia Farrow, actriz estadounidense.<\/p>\n\n\n\n<p>1946 \u2013 La Asamblea General de la ONU condena el r\u00e9gimen de Franco.<\/p>\n\n\n\n<p>1955 \u2013 Muere en Buenos Aires Miguel Carlos Victorica, pintor argentino.<\/p>\n\n\n\n<p>1964 \u2013 Los Beatles aparecen por primera vez en el \u00abEd Sullivan Show\u00bb durante su primera gira por EE.UU.<\/p>\n\n\n\n<p>1969 \u2013 El Boeing 747 realiza su primer vuelo comercial.<\/p>\n\n\n\n<p>1971 \u2013 La Apollo 14 retorna a la Tierra.<\/p>\n\n\n\n<p>1978 \u2013 Nace Santiago del Moro, conductor de televisi\u00f3n argentino.<\/p>\n\n\n\n<p>1978 \u2013 Ingresa en la Real Academia Espa\u00f1ola de la Lengua Carmen Conde, primera mujer miembro de esta instituci\u00f3n.<\/p>\n\n\n\n<p>1979 \u2013 Una epidemia desconocida causa en N\u00e1poles la muerte de 60 personas, la mayor parte ni\u00f1os de corta edad.<\/p>\n\n\n\n<p>1981 \u2013 Muere Bill Haley, cantante de rock.<\/p>\n\n\n\n<p>1981 \u2013 Nace Tom Hiddleston, actor brit\u00e1nico.<\/p>\n\n\n\n<p>1984 \u2013 Muere Yuri Andropov, dirigente pol\u00edtico sovi\u00e9tico al que suceder\u00e1 Mijail Gorbachov.<\/p>\n\n\n\n<p>1986 \u2013 El cometa Halley pasa por \u00faltima vez (volver\u00e1 en el 2062).<\/p>\n\n\n\n<p>1991 \u2013 Se aprueba en plebiscito la independencia de Lituania de la URSS.<\/p>\n\n\n\n<p>1995 \u2013 Tocan los Rolling Stones en Buenos Aires.<\/p>\n\n\n\n<p>1996 \u2013&nbsp;El f\u00edsico alem\u00e1n&nbsp;Peter Armbruster&nbsp;y su equipo de cient\u00edficos sintetizaron el elemento qu\u00edmico 112, un pesado&nbsp;elemento de transuranio&nbsp;que m\u00e1s tarde se llam\u00f3&nbsp;copernicium&nbsp;.<\/p>\n\n\n\n<p>2002 \u2013 Muere la princesa Margarita, hermana de la reina Isabel II de Inglaterra.<\/p>\n\n\n\n<p>2004 \u2013 La sonda Cassini-Huygens enviada a Saturno por la NASA, en colaboraci\u00f3n con la Agencia Espacial Europea (ESA), realiza fotograf\u00edas del planeta a 69,4 millones de kil\u00f3metros de distancia.<\/p>\n\n\n\n<p>2012 \u2013 Muere Oscar N\u00fa\u00f1ez, actor y director teatral argentino.<\/p>\n\n\n\n<p>2015 \u2013 Muere Jorge Sassi, actor argentino.<\/p>\n\n\n\n<p>2016 \u2013 Diez personas mueren en una colisi\u00f3n de trenes en el sur de&nbsp;Baviera,&nbsp;Alemania.<\/p>\n\n\n\n<p>2018 \u2013 Se inician los&nbsp;Juegos Ol\u00edmpicos de Pyeongchang 2018.<\/p>\n","protected":false},"excerpt":{"rendered":"<p>1556 \u2013 El pirata ingl\u00e9s Francis Drake saquea la ciudad de Cartagena de Indias (en la actual Colombia). 1774 \u2013\u00a0Nace en Buenos Aires el general Juan Jos\u00e9 Viamonte. 1826 \u2013 El presidente Bernardino Rivadavia presenta un proyecto de ley de capitalizaci\u00f3n de la ciudad de Buenos Aires. 1843 \u2013&nbsp;Se firma un Tratado de Paz y&hellip;<\/p>\n","protected":false},"author":1,"featured_media":0,"comment_status":"open","ping_status":"open","sticky":false,"template":"","format":"standard","meta":{"footnotes":""},"categories":[14],"tags":[2450,22026],"class_list":["post-102187","post","type-post","status-publish","format-standard","hentry","category-efemerides","tag-diario-el-sindical","tag-efemerides"],"_links":{"self":[{"href":"https:\/\/www.elsindical.com.ar\/notas\/wp-json\/wp\/v2\/posts\/102187","targetHints":{"allow":["GET"]}}],"collection":[{"href":"https:\/\/www.elsindical.com.ar\/notas\/wp-json\/wp\/v2\/posts"}],"about":[{"href":"https:\/\/www.elsindical.com.ar\/notas\/wp-json\/wp\/v2\/types\/post"}],"author":[{"embeddable":true,"href":"https:\/\/www.elsindical.com.ar\/notas\/wp-json\/wp\/v2\/users\/1"}],"replies":[{"embeddable":true,"href":"https:\/\/www.elsindical.com.ar\/notas\/wp-json\/wp\/v2\/comments?post=102187"}],"version-history":[{"count":1,"href":"https:\/\/www.elsindical.com.ar\/notas\/wp-json\/wp\/v2\/posts\/102187\/revisions"}],"predecessor-version":[{"id":102188,"href":"https:\/\/www.elsindical.com.ar\/notas\/wp-json\/wp\/v2\/posts\/102187\/revisions\/102188"}],"wp:attachment":[{"href":"https:\/\/www.elsindical.com.ar\/notas\/wp-json\/wp\/v2\/media?parent=102187"}],"wp:term":[{"taxonomy":"category","embeddable":true,"href":"https:\/\/www.elsindical.com.ar\/notas\/wp-json\/wp\/v2\/categories?post=102187"},{"taxonomy":"post_tag","embeddable":true,"href":"https:\/\/www.elsindical.com.ar\/notas\/wp-json\/wp\/v2\/tags?post=102187"}],"curies":[{"name":"wp","href":"https:\/\/api.w.org\/{rel}","templated":true}]}}