{"id":102172,"date":"2021-02-08T14:33:10","date_gmt":"2021-02-08T17:33:10","guid":{"rendered":"https:\/\/www.elsindical.com.ar\/notas\/?p=102172"},"modified":"2021-02-08T14:33:11","modified_gmt":"2021-02-08T17:33:11","slug":"mar-del-plata-detienen-al-boxeador-lucas-bastida-acusado-de-violacion","status":"publish","type":"post","link":"https:\/\/www.elsindical.com.ar\/notas\/mar-del-plata-detienen-al-boxeador-lucas-bastida-acusado-de-violacion\/","title":{"rendered":"Mar del Plata: Detienen al boxeador Lucas Bastida acusado de violaci\u00f3n"},"content":{"rendered":"\n<figure class=\"wp-block-image size-large\"><a href=\"https:\/\/www.elsindical.com.ar\/notas\/var\/www\/html\/notas\/wp-content\/uploads\/2021\/02\/Lucas-Bastida.jpg\"><img loading=\"lazy\" decoding=\"async\" width=\"695\" height=\"576\" src=\"https:\/\/www.elsindical.com.ar\/notas\/var\/www\/html\/notas\/wp-content\/uploads\/2021\/02\/Lucas-Bastida.jpg\" alt=\"\" class=\"wp-image-102173\" srcset=\"https:\/\/www.elsindical.com.ar\/notas\/var\/www\/html\/notas\/wp-content\/uploads\/2021\/02\/Lucas-Bastida.jpg 695w, https:\/\/www.elsindical.com.ar\/notas\/var\/www\/html\/notas\/wp-content\/uploads\/2021\/02\/Lucas-Bastida-300x249.jpg 300w, https:\/\/www.elsindical.com.ar\/notas\/var\/www\/html\/notas\/wp-content\/uploads\/2021\/02\/Lucas-Bastida-362x300.jpg 362w\" sizes=\"auto, (max-width: 695px) 100vw, 695px\" \/><\/a><\/figure>\n\n\n\n<p class=\"wp-block-paragraph\">Lo imputaron por un delito que tiene una pena en expectativa de hasta 15 a\u00f1os y puede tener agravantes. La Fiscal\u00eda busca testigos.<\/p>\n\n\n\n<p class=\"wp-block-paragraph\">El boxeador argentino <strong>Lucas Bastida<\/strong>, de 23 a\u00f1os, fue detenido en Mar del Plata, acusado de abuso sexual con acceso carnal contra una joven de 19 a\u00f1os en el gimnasio \u201cGladiador\u201d de la ciudad balnearia.<\/p>\n\n\n\n<p class=\"wp-block-paragraph\">El Fiscal pidi\u00f3 el secuestro de tel\u00e9fonos del boxeador y del hermano de la joven, que es amigo del p\u00fagil desde hace tres a\u00f1os. Buscan determinar qu\u00e9 tipo relaci\u00f3n ten\u00edan y, tambi\u00e9n, dar con chats, audios y elementos multimedia para desmara\u00f1ar la relaci\u00f3n que un\u00eda a la v\u00edctima y al deportista de 23 a\u00f1os.<\/p>\n\n\n\n<p class=\"wp-block-paragraph\">Seg\u00fan el relato de la joven, Bastida la tom\u00f3 del brazo y abus\u00f3 de ella en uno de los ba\u00f1os del primer piso del gimnasio donde ambos se encontraban entrenando.<\/p>\n\n\n\n<p class=\"wp-block-paragraph\">Bastida fue se\u00f1alado desde hace tiempo por su buena proyecci\u00f3n en el boxeo argentino. Es representado por el exm\u00e1nager de Marcos \u201cEl Chino\u201d Maidana, Mario Margossian, y su entrenador es el exboxeador Fernando Sosa. Es campe\u00f3n sudamericano de la categor\u00eda mediano, cuenta con 16 victorias (9 por nocaut) y 1 derrota.<\/p>\n\n\n\n<p class=\"wp-block-paragraph\">Su \u00faltima pelea fue el 16 de enero de 2021 en el microestadio Municipal de Hurlingham. El \u201cTornado\u201d retuvo el t\u00edtulo sudamericano mediano tras vencer por nocaut t\u00e9cnico en el tercer asalto al porte\u00f1o Germ\u00e1n \u201cEl Martillo\u201d Peralta. Primero en el ranking argentino mediano, defendi\u00f3 por segunda vez el cetro que conquist\u00f3 el 11 de enero de 2020 al noquear en el primer round al chaque\u00f1o Gonzalo Chaparro.<\/p>\n\n\n\n<p class=\"wp-block-paragraph\">A mediados de 2020 fue atropellado por una camioneta, en un accidente de tr\u00e1nsito cuyas secuelas logr\u00f3 dejar atr\u00e1s para volver a los rings.<\/p>\n","protected":false},"excerpt":{"rendered":"<p>Lo imputaron por un delito que tiene una pena en expectativa de hasta 15 a\u00f1os y puede tener agravantes. La Fiscal\u00eda busca testigos. El boxeador argentino Lucas Bastida, de 23 a\u00f1os, fue detenido en Mar del Plata, acusado de abuso sexual con acceso carnal contra una joven de 19 a\u00f1os en el gimnasio \u201cGladiador\u201d de&hellip;<\/p>\n","protected":false},"author":1,"featured_media":102173,"comment_status":"open","ping_status":"open","sticky":false,"template":"","format":"standard","meta":{"footnotes":""},"categories":[22],"tags":[2450,2954,34166,34165,1673,271],"class_list":["post-102172","post","type-post","status-publish","format-standard","has-post-thumbnail","hentry","category-policiales","tag-diario-el-sindical","tag-gimnasio","tag-gladiador","tag-lucas-bastida","tag-mar-del-plata","tag-violacion"],"_links":{"self":[{"href":"https:\/\/www.elsindical.com.ar\/notas\/wp-json\/wp\/v2\/posts\/102172","targetHints":{"allow":["GET"]}}],"collection":[{"href":"https:\/\/www.elsindical.com.ar\/notas\/wp-json\/wp\/v2\/posts"}],"about":[{"href":"https:\/\/www.elsindical.com.ar\/notas\/wp-json\/wp\/v2\/types\/post"}],"author":[{"embeddable":true,"href":"https:\/\/www.elsindical.com.ar\/notas\/wp-json\/wp\/v2\/users\/1"}],"replies":[{"embeddable":true,"href":"https:\/\/www.elsindical.com.ar\/notas\/wp-json\/wp\/v2\/comments?post=102172"}],"version-history":[{"count":1,"href":"https:\/\/www.elsindical.com.ar\/notas\/wp-json\/wp\/v2\/posts\/102172\/revisions"}],"predecessor-version":[{"id":102174,"href":"https:\/\/www.elsindical.com.ar\/notas\/wp-json\/wp\/v2\/posts\/102172\/revisions\/102174"}],"wp:featuredmedia":[{"embeddable":true,"href":"https:\/\/www.elsindical.com.ar\/notas\/wp-json\/wp\/v2\/media\/102173"}],"wp:attachment":[{"href":"https:\/\/www.elsindical.com.ar\/notas\/wp-json\/wp\/v2\/media?parent=102172"}],"wp:term":[{"taxonomy":"category","embeddable":true,"href":"https:\/\/www.elsindical.com.ar\/notas\/wp-json\/wp\/v2\/categories?post=102172"},{"taxonomy":"post_tag","embeddable":true,"href":"https:\/\/www.elsindical.com.ar\/notas\/wp-json\/wp\/v2\/tags?post=102172"}],"curies":[{"name":"wp","href":"https:\/\/api.w.org\/{rel}","templated":true}]}}